{"id":29035,"date":"2025-10-27T00:00:00","date_gmt":"2025-10-27T03:00:00","guid":{"rendered":"https:\/\/infotep.com.ar\/?p=29035"},"modified":"2025-10-27T01:53:09","modified_gmt":"2025-10-27T04:53:09","slug":"patricia-bullrich-vamos-a-tener-los-brazos-abiertos-para-construir-las-mayorias","status":"publish","type":"post","link":"https:\/\/infotep.com.ar\/index.php\/2025\/10\/27\/patricia-bullrich-vamos-a-tener-los-brazos-abiertos-para-construir-las-mayorias\/","title":{"rendered":"Patricia Bullrich: \u201cVamos a tener los brazos abiertos para construir las mayor\u00edas&#8221;"},"content":{"rendered":"\n<p>Patricia Bullrich festej\u00f3 su triunfo en CABA y convoc\u00f3 a opositores a \u201cconstruir mayor\u00edas\u201d en el Senado. \u201cLo importante es no volver atr\u00e1s\u201d, afirm\u00f3.<br><br>La ministra de Seguridad y senadora electa por La Libertad Avanza, Patricia Bullrich, convoc\u00f3 hoy a espacios opositores para &#8220;construir mayor\u00edas&#8221; desde el Congreso de la Naci\u00f3n. As\u00ed lo expres\u00f3 en su discurso en el b\u00fanker violeta tras haberse impuesto por amplia mayor\u00eda en las elecciones legislativas de la Ciudad de Buenos Aires.<\/p>\n\n\n\n<p><strong>&#8220;Quiero decirles a aquellos que fueron parte de otras listas, pero que comparte una idea de cambio, que vamos a tener los brazos abierto en el Senado para construir las mayor\u00edas&#8221;, dijo Bullrich desde el escenario.<\/strong><\/p>\n\n\n\n<p>Y continu\u00f3: &#8220;Hace casi dos a\u00f1os que iniciamos este camino. Fue dif\u00edcil, pero vale la pena. Hoy la sociedad le dio a este proyecto un apoyo enorme. Lo importante es no volver atr\u00e1s. Sigamos adelante. Pensemos que hoy millones de argentinos volvieron a poner en el presidente Milei y en cada uno de los electos senadores y diputados una capacidad para ser Gobierno&#8221;.<\/p>\n\n\n\n<p>En el inicio de su discurso, Bullrich agradeci\u00f3 a los porte\u00f1os: &#8220;Hicieron posible que el pa\u00eds consolide ideas de cambio y la libertad contra el kirchenerismo. Hace m\u00e1s de un siglo que buscamos un pa\u00eds ordenado y con una econom\u00eda estable. Este pa\u00eds se est\u00e1 poniendo en marcha&#8221;.<\/p>\n\n\n\n<p>&#8220;Gracias por la confianza, por el coraje y la esperanza. Gracias todos los que hoy creen que este pa\u00eds puede cambiar, que el esfuerzo tiene sentido y que reconocen que la ley se cumple en serio y que la libertad requiere este orden&#8221;, resalt\u00f3 la flamante representante de la Ciudad en la C\u00e1mara alta.<\/p>\n","protected":false},"excerpt":{"rendered":"<p>Patricia Bullrich festej&oacute; su triunfo en CABA y convoc&oacute; a opositores a &ldquo;construir mayor&iacute;as&rdquo; en el Senado. &ldquo;Lo importante es no volver atr&aacute;s&rdquo;, afirm&oacute;. La ministra de Seguridad y senadora electa por La Libertad Avanza, Patricia Bullrich, convoc&oacute; hoy a espacios opositores para &ldquo;construir mayor&iacute;as&rdquo; desde el Congreso de la Naci&oacute;n. As&iacute; lo expres&oacute; en &hellip; <\/p>\n","protected":false},"author":5,"featured_media":29036,"comment_status":"closed","ping_status":"closed","sticky":false,"template":"","format":"standard","meta":{"om_disable_all_campaigns":false,"_joinchat":[]},"categories":[4],"tags":[46,43,569],"featured_image_urls":{"full":["https:\/\/infotep.com.ar\/wp-content\/uploads\/2025\/10\/720-10.webp",928,720,false],"thumbnail":["https:\/\/infotep.com.ar\/wp-content\/uploads\/2025\/10\/720-10-150x150.webp",150,150,true],"medium":["https:\/\/infotep.com.ar\/wp-content\/uploads\/2025\/10\/720-10-300x233.webp",300,233,true],"medium_large":["https:\/\/infotep.com.ar\/wp-content\/uploads\/2025\/10\/720-10-768x596.webp",768,596,true],"large":["https:\/\/infotep.com.ar\/wp-content\/uploads\/2025\/10\/720-10.webp",928,720,false],"1536x1536":["https:\/\/infotep.com.ar\/wp-content\/uploads\/2025\/10\/720-10.webp",928,720,false],"2048x2048":["https:\/\/infotep.com.ar\/wp-content\/uploads\/2025\/10\/720-10.webp",928,720,false],"blossom-feminine-slider":["https:\/\/infotep.com.ar\/wp-content\/uploads\/2025\/10\/720-10-928x649.webp",928,649,true],"blossom-feminine-featured":["https:\/\/infotep.com.ar\/wp-content\/uploads\/2025\/10\/720-10-928x600.webp",928,600,true],"blossom-feminine-with-sidebar":["https:\/\/infotep.com.ar\/wp-content\/uploads\/2025\/10\/720-10-928x600.webp",928,600,true],"blossom-feminine-blog":["https:\/\/infotep.com.ar\/wp-content\/uploads\/2025\/10\/720-10-435x435.webp",435,435,true],"blossom-feminine-cat":["https:\/\/infotep.com.ar\/wp-content\/uploads\/2025\/10\/720-10-450x300.webp",450,300,true],"blossom-feminine-related":["https:\/\/infotep.com.ar\/wp-content\/uploads\/2025\/10\/720-10-320x200.webp",320,200,true],"blossom-feminine-schema":["https:\/\/infotep.com.ar\/wp-content\/uploads\/2025\/10\/720-10-77x60.webp",77,60,true],"blossom-mommy-blog-slider-big":["https:\/\/infotep.com.ar\/wp-content\/uploads\/2025\/10\/720-10-920x650.webp",920,650,true],"blossom-mommy-blog-slider":["https:\/\/infotep.com.ar\/wp-content\/uploads\/2025\/10\/720-10-460x310.webp",460,310,true],"blossom-mommy-blog-two":["https:\/\/infotep.com.ar\/wp-content\/uploads\/2025\/10\/720-10-768x480.webp",768,480,true]},"author_info":{"info":["Angela Tobar"]},"category_info":"<a href=\"https:\/\/infotep.com.ar\/index.php\/category\/provinciales\/\" rel=\"category tag\">Provinciales<\/a>","tag_info":"Provinciales","comment_count":"0","_links":{"self":[{"href":"https:\/\/infotep.com.ar\/index.php\/wp-json\/wp\/v2\/posts\/29035"}],"collection":[{"href":"https:\/\/infotep.com.ar\/index.php\/wp-json\/wp\/v2\/posts"}],"about":[{"href":"https:\/\/infotep.com.ar\/index.php\/wp-json\/wp\/v2\/types\/post"}],"author":[{"embeddable":true,"href":"https:\/\/infotep.com.ar\/index.php\/wp-json\/wp\/v2\/users\/5"}],"replies":[{"embeddable":true,"href":"https:\/\/infotep.com.ar\/index.php\/wp-json\/wp\/v2\/comments?post=29035"}],"version-history":[{"count":1,"href":"https:\/\/infotep.com.ar\/index.php\/wp-json\/wp\/v2\/posts\/29035\/revisions"}],"predecessor-version":[{"id":29037,"href":"https:\/\/infotep.com.ar\/index.php\/wp-json\/wp\/v2\/posts\/29035\/revisions\/29037"}],"wp:featuredmedia":[{"embeddable":true,"href":"https:\/\/infotep.com.ar\/index.php\/wp-json\/wp\/v2\/media\/29036"}],"wp:attachment":[{"href":"https:\/\/infotep.com.ar\/index.php\/wp-json\/wp\/v2\/media?parent=29035"}],"wp:term":[{"taxonomy":"category","embeddable":true,"href":"https:\/\/infotep.com.ar\/index.php\/wp-json\/wp\/v2\/categories?post=29035"},{"taxonomy":"post_tag","embeddable":true,"href":"https:\/\/infotep.com.ar\/index.php\/wp-json\/wp\/v2\/tags?post=29035"}],"curies":[{"name":"wp","href":"https:\/\/api.w.org\/{rel}","templated":true}]}}