{"id":29078,"date":"2025-10-28T16:58:50","date_gmt":"2025-10-28T19:58:50","guid":{"rendered":"https:\/\/infotep.com.ar\/?p=29078"},"modified":"2025-10-28T16:58:51","modified_gmt":"2025-10-28T19:58:51","slug":"desde-el-smata-manrique-advierte-que-una-reforma-laboral-es-solo-para-abaratar-despidos","status":"publish","type":"post","link":"https:\/\/infotep.com.ar\/index.php\/2025\/10\/28\/desde-el-smata-manrique-advierte-que-una-reforma-laboral-es-solo-para-abaratar-despidos\/","title":{"rendered":"Desde el SMATA, Manrique advierte que una reforma laboral es solo \u201cpara abaratar despidos\u201d"},"content":{"rendered":"\n<p>El diputado dijo que \u201cninguna reforma laboral cre\u00f3 puestos de trabajo\u201d, y vaticin\u00f3 que \u201cse vienen tiempos dif\u00edciles\u201d para los trabajadores<br><br>El diputado nacional Mario \u201cPaco\u201d Manrique, quien adem\u00e1s es secretario gremial de la CGT, afirm\u00f3 hoy que \u201cninguna reforma laboral cre\u00f3 puestos de trabajo\u201d, advirti\u00f3 que el sector empresario solo busca \u201cabaratar los despidos\u201d, y pidi\u00f3 que la CGT tenga una actitud \u201cfirme y contundente\u201d contra este tipo de iniciativas.<\/p>\n\n\n\n<p>\u201cTodas las reformas laborales se plantearon en \u00e9pocas de crisis, porque lo \u00fanico que quer\u00edan hacer es abaratar los despidos\u201d, dijo Manrique, para quien, tras el triunfo electoral de La Libertad Avanza \u201cse vienen tiempos dif\u00edciles\u201d para el sector del trabajo.<\/p>\n\n\n\n<p>En declaraciones a Splendid AM 990, el diputado de Uni\u00f3n por la Patria reclam\u00f3 que la CGT \u201cdeje de buscar amigos en el poder para concentrarse en su verdadero objetivo que es la defensa de los trabajadores\u201d, y pidi\u00f3 que abandone \u201cla tem\u00e1tica del comunicado\u201d como \u00fanica respuesta a los conflictos.<\/p>\n\n\n\n<p>\u201cEl triunfo de Milei va a acelerar todo un proceso que estaba planificado de antes de las elecciones, con reforma laboral y muchas cuestiones que afectan a la vida cotidiana de los trabajadores, y ante eso la CGT no puede mirar para un costado, ni hacer o\u00eddos sordos\u201d, asegur\u00f3.<\/p>\n\n\n\n<p>EL legislador de Uni\u00f3n por la Patria, que adem\u00e1s es secretario adjunto del Sindicato de Mec\u00e1nicos (SMATA), dijo que la CGT debe tener \u201cuna actitud m\u00e1s firme, m\u00e1s contundente\u201d, y advirti\u00f3 que \u201cno es momento para especular ni para andar por la vereda del medio, ac\u00e1 es blanco y negro\u201d, subray\u00f3.<\/p>\n\n\n\n<p>De cara a la elecci\u00f3n de la nueva conducci\u00f3n cegetista, que se llevar\u00e1 a cabo el 5 de noviembre, Manrique sostuvo que \u201csi a la CGT no le cambian el estatuto va a seguir siempre dominada por los mismos sindicatos\u201d, y puntualiz\u00f3 que \u201chay cinco gremios que tienen m\u00e1s del 50% de los congresistas y definen sobre la voluntad de los otros 200\u201d.<\/p>\n\n\n\n<p>Adem\u00e1s, lament\u00f3 que no est\u00e1n claros \u201clos objetivos de esta CGT\u201d y expres\u00f3: \u201cNo tiene posicionamientos claros. Lamentablemente la gente habla de la CGT y no tiene ninguna reacci\u00f3n ni a favor ni en contra, es como que no existe\u201d.<\/p>\n","protected":false},"excerpt":{"rendered":"<p>El diputado dijo que &ldquo;ninguna reforma laboral cre&oacute; puestos de trabajo&rdquo;, y vaticin&oacute; que &ldquo;se vienen tiempos dif&iacute;ciles&rdquo; para los trabajadores El diputado nacional Mario &ldquo;Paco&rdquo; Manrique, quien adem&aacute;s es secretario gremial de la CGT, afirm&oacute; hoy que &ldquo;ninguna reforma laboral cre&oacute; puestos de trabajo&rdquo;, advirti&oacute; que el sector empresario solo busca &ldquo;abaratar los despidos&rdquo;, &hellip; <\/p>\n","protected":false},"author":5,"featured_media":29079,"comment_status":"closed","ping_status":"closed","sticky":false,"template":"","format":"standard","meta":{"om_disable_all_campaigns":false,"_joinchat":[]},"categories":[7],"tags":[46,43,569],"featured_image_urls":{"full":["https:\/\/infotep.com.ar\/wp-content\/uploads\/2025\/10\/manrique.jpg",1024,693,false],"thumbnail":["https:\/\/infotep.com.ar\/wp-content\/uploads\/2025\/10\/manrique-150x150.jpg",150,150,true],"medium":["https:\/\/infotep.com.ar\/wp-content\/uploads\/2025\/10\/manrique-300x203.jpg",300,203,true],"medium_large":["https:\/\/infotep.com.ar\/wp-content\/uploads\/2025\/10\/manrique-768x520.jpg",768,520,true],"large":["https:\/\/infotep.com.ar\/wp-content\/uploads\/2025\/10\/manrique.jpg",1020,690,false],"1536x1536":["https:\/\/infotep.com.ar\/wp-content\/uploads\/2025\/10\/manrique.jpg",1024,693,false],"2048x2048":["https:\/\/infotep.com.ar\/wp-content\/uploads\/2025\/10\/manrique.jpg",1024,693,false],"blossom-feminine-slider":["https:\/\/infotep.com.ar\/wp-content\/uploads\/2025\/10\/manrique-1024x649.jpg",1024,649,true],"blossom-feminine-featured":["https:\/\/infotep.com.ar\/wp-content\/uploads\/2025\/10\/manrique-1024x600.jpg",1024,600,true],"blossom-feminine-with-sidebar":["https:\/\/infotep.com.ar\/wp-content\/uploads\/2025\/10\/manrique-1020x600.jpg",1020,600,true],"blossom-feminine-blog":["https:\/\/infotep.com.ar\/wp-content\/uploads\/2025\/10\/manrique-435x435.jpg",435,435,true],"blossom-feminine-cat":["https:\/\/infotep.com.ar\/wp-content\/uploads\/2025\/10\/manrique-450x300.jpg",450,300,true],"blossom-feminine-related":["https:\/\/infotep.com.ar\/wp-content\/uploads\/2025\/10\/manrique-320x200.jpg",320,200,true],"blossom-feminine-schema":["https:\/\/infotep.com.ar\/wp-content\/uploads\/2025\/10\/manrique-89x60.jpg",89,60,true],"blossom-mommy-blog-slider-big":["https:\/\/infotep.com.ar\/wp-content\/uploads\/2025\/10\/manrique-920x650.jpg",920,650,true],"blossom-mommy-blog-slider":["https:\/\/infotep.com.ar\/wp-content\/uploads\/2025\/10\/manrique-460x310.jpg",460,310,true],"blossom-mommy-blog-two":["https:\/\/infotep.com.ar\/wp-content\/uploads\/2025\/10\/manrique-768x480.jpg",768,480,true]},"author_info":{"info":["Angela Tobar"]},"category_info":"<a href=\"https:\/\/infotep.com.ar\/index.php\/category\/gremios\/\" rel=\"category tag\">Gremios<\/a>","tag_info":"Gremios","comment_count":"0","_links":{"self":[{"href":"https:\/\/infotep.com.ar\/index.php\/wp-json\/wp\/v2\/posts\/29078"}],"collection":[{"href":"https:\/\/infotep.com.ar\/index.php\/wp-json\/wp\/v2\/posts"}],"about":[{"href":"https:\/\/infotep.com.ar\/index.php\/wp-json\/wp\/v2\/types\/post"}],"author":[{"embeddable":true,"href":"https:\/\/infotep.com.ar\/index.php\/wp-json\/wp\/v2\/users\/5"}],"replies":[{"embeddable":true,"href":"https:\/\/infotep.com.ar\/index.php\/wp-json\/wp\/v2\/comments?post=29078"}],"version-history":[{"count":1,"href":"https:\/\/infotep.com.ar\/index.php\/wp-json\/wp\/v2\/posts\/29078\/revisions"}],"predecessor-version":[{"id":29080,"href":"https:\/\/infotep.com.ar\/index.php\/wp-json\/wp\/v2\/posts\/29078\/revisions\/29080"}],"wp:featuredmedia":[{"embeddable":true,"href":"https:\/\/infotep.com.ar\/index.php\/wp-json\/wp\/v2\/media\/29079"}],"wp:attachment":[{"href":"https:\/\/infotep.com.ar\/index.php\/wp-json\/wp\/v2\/media?parent=29078"}],"wp:term":[{"taxonomy":"category","embeddable":true,"href":"https:\/\/infotep.com.ar\/index.php\/wp-json\/wp\/v2\/categories?post=29078"},{"taxonomy":"post_tag","embeddable":true,"href":"https:\/\/infotep.com.ar\/index.php\/wp-json\/wp\/v2\/tags?post=29078"}],"curies":[{"name":"wp","href":"https:\/\/api.w.org\/{rel}","templated":true}]}}