{"id":29091,"date":"2025-10-29T16:23:38","date_gmt":"2025-10-29T19:23:38","guid":{"rendered":"https:\/\/infotep.com.ar\/?p=29091"},"modified":"2025-10-29T16:23:44","modified_gmt":"2025-10-29T19:23:44","slug":"ate-pidio-a-los-gobernadores-que-se-reuniran-con-milei-que-no-sean-complices-del-ajuste","status":"publish","type":"post","link":"https:\/\/infotep.com.ar\/index.php\/2025\/10\/29\/ate-pidio-a-los-gobernadores-que-se-reuniran-con-milei-que-no-sean-complices-del-ajuste\/","title":{"rendered":"ATE pidi\u00f3 a los gobernadores que se reunir\u00e1n con Milei que &#8220;no sean c\u00f3mplices del ajuste&#8221;"},"content":{"rendered":"\n<p>\u201cCumplir el Pacto de Mayo significa un dr\u00e1stico ajuste sobre el gasto p\u00fablico en las provincias\u201d, sostuvo Aguiar.<br><br>En la previa a la reuni\u00f3n que el presidente Javier Milei mantendr\u00e1 ma\u00f1ana con la mayor\u00eda de los gobernadores para analizar los proyectos de reforma impositiva y laboral, el secretario general del sindicato ATE, Rodolfo Aguiar, reclam\u00f3 a los mandatarios provinciales que &#8220;no sean c\u00f3mplices del ajuste nacional&#8221;.<\/p>\n\n\n\n<p>&#8220;El ajuste ahora se va a profundizar en los distritos provinciales y municipales. Cumplir el Pacto de Mayo significa un dr\u00e1stico ajuste sobre el gasto p\u00fablico en las provincias. Eso no s\u00f3lo se traducir\u00e1 en recortes salariales y despidos, sino en la destrucci\u00f3n de las ya deterioradas econom\u00edas regionales&#8221;, explic\u00f3 el dirigente estatal.<\/p>\n\n\n\n<p>Aguiar advirti\u00f3 que el presidente Javier Milei &#8220;se quiere quedar con las provincias&#8221;, ya que &#8220;gobierna desde Buenos Aires pero sabe que las riquezas est\u00e1n en el resto de los distritos&#8221;.<\/p>\n\n\n\n<p>&#8220;Esta vez no le vamos a creer a los gobernadores si nos dicen que es en pos de la gobernabilidad. M\u00e1s all\u00e1 del resultado electoral, no est\u00e1n garantizando gobernabilidad, sino impunidad a quienes habitan la Casa Rosada&#8221;, continu\u00f3 el gremialista en un comunicado.<\/p>\n\n\n\n<p>Aguiar consider\u00f3 que el Presidente &#8220;tiene legitimidad para gobernar en favor del pueblo pero no para quitarle derechos a los ciudadanos argentinos&#8221;.<\/p>\n\n\n\n<p>&#8220;Ahora van por las provincias, en el Estado nacional no queda nada por recortar. El Pacto de Mayo se va a traducir en recortes salariales y despidos&#8221;, cerr\u00f3.<\/p>\n","protected":false},"excerpt":{"rendered":"<p>&ldquo;Cumplir el Pacto de Mayo significa un dr&aacute;stico ajuste sobre el gasto p&uacute;blico en las provincias&rdquo;, sostuvo Aguiar. En la previa a la reuni&oacute;n que el presidente Javier Milei mantendr&aacute; ma&ntilde;ana con la mayor&iacute;a de los gobernadores para analizar los proyectos de reforma impositiva y laboral, el secretario general del sindicato ATE, Rodolfo Aguiar, reclam&oacute; &hellip; <\/p>\n","protected":false},"author":5,"featured_media":24258,"comment_status":"closed","ping_status":"closed","sticky":false,"template":"","format":"standard","meta":{"om_disable_all_campaigns":false,"_joinchat":[]},"categories":[7,3],"tags":[46,43,569],"featured_image_urls":{"full":["https:\/\/infotep.com.ar\/wp-content\/uploads\/2025\/05\/ate-1.webp",1081,720,false],"thumbnail":["https:\/\/infotep.com.ar\/wp-content\/uploads\/2025\/05\/ate-1-150x150.webp",150,150,true],"medium":["https:\/\/infotep.com.ar\/wp-content\/uploads\/2025\/05\/ate-1-300x200.webp",300,200,true],"medium_large":["https:\/\/infotep.com.ar\/wp-content\/uploads\/2025\/05\/ate-1-768x512.webp",768,512,true],"large":["https:\/\/infotep.com.ar\/wp-content\/uploads\/2025\/05\/ate-1-1024x682.webp",1020,679,true],"1536x1536":["https:\/\/infotep.com.ar\/wp-content\/uploads\/2025\/05\/ate-1.webp",1081,720,false],"2048x2048":["https:\/\/infotep.com.ar\/wp-content\/uploads\/2025\/05\/ate-1.webp",1081,720,false],"blossom-feminine-slider":["https:\/\/infotep.com.ar\/wp-content\/uploads\/2025\/05\/ate-1-1081x649.webp",1081,649,true],"blossom-feminine-featured":["https:\/\/infotep.com.ar\/wp-content\/uploads\/2025\/05\/ate-1-1081x600.webp",1081,600,true],"blossom-feminine-with-sidebar":["https:\/\/infotep.com.ar\/wp-content\/uploads\/2025\/05\/ate-1-1020x600.webp",1020,600,true],"blossom-feminine-blog":["https:\/\/infotep.com.ar\/wp-content\/uploads\/2025\/05\/ate-1-435x435.webp",435,435,true],"blossom-feminine-cat":["https:\/\/infotep.com.ar\/wp-content\/uploads\/2025\/05\/ate-1-450x300.webp",450,300,true],"blossom-feminine-related":["https:\/\/infotep.com.ar\/wp-content\/uploads\/2025\/05\/ate-1-320x200.webp",320,200,true],"blossom-feminine-schema":["https:\/\/infotep.com.ar\/wp-content\/uploads\/2025\/05\/ate-1-90x60.webp",90,60,true],"blossom-mommy-blog-slider-big":["https:\/\/infotep.com.ar\/wp-content\/uploads\/2025\/05\/ate-1-920x650.webp",920,650,true],"blossom-mommy-blog-slider":["https:\/\/infotep.com.ar\/wp-content\/uploads\/2025\/05\/ate-1-460x310.webp",460,310,true],"blossom-mommy-blog-two":["https:\/\/infotep.com.ar\/wp-content\/uploads\/2025\/05\/ate-1-768x480.webp",768,480,true]},"author_info":{"info":["Angela Tobar"]},"category_info":"<a href=\"https:\/\/infotep.com.ar\/index.php\/category\/gremios\/\" rel=\"category tag\">Gremios<\/a> <a href=\"https:\/\/infotep.com.ar\/index.php\/category\/nacionales\/\" rel=\"category tag\">Nacionales<\/a>","tag_info":"Nacionales","comment_count":"0","_links":{"self":[{"href":"https:\/\/infotep.com.ar\/index.php\/wp-json\/wp\/v2\/posts\/29091"}],"collection":[{"href":"https:\/\/infotep.com.ar\/index.php\/wp-json\/wp\/v2\/posts"}],"about":[{"href":"https:\/\/infotep.com.ar\/index.php\/wp-json\/wp\/v2\/types\/post"}],"author":[{"embeddable":true,"href":"https:\/\/infotep.com.ar\/index.php\/wp-json\/wp\/v2\/users\/5"}],"replies":[{"embeddable":true,"href":"https:\/\/infotep.com.ar\/index.php\/wp-json\/wp\/v2\/comments?post=29091"}],"version-history":[{"count":1,"href":"https:\/\/infotep.com.ar\/index.php\/wp-json\/wp\/v2\/posts\/29091\/revisions"}],"predecessor-version":[{"id":29092,"href":"https:\/\/infotep.com.ar\/index.php\/wp-json\/wp\/v2\/posts\/29091\/revisions\/29092"}],"wp:featuredmedia":[{"embeddable":true,"href":"https:\/\/infotep.com.ar\/index.php\/wp-json\/wp\/v2\/media\/24258"}],"wp:attachment":[{"href":"https:\/\/infotep.com.ar\/index.php\/wp-json\/wp\/v2\/media?parent=29091"}],"wp:term":[{"taxonomy":"category","embeddable":true,"href":"https:\/\/infotep.com.ar\/index.php\/wp-json\/wp\/v2\/categories?post=29091"},{"taxonomy":"post_tag","embeddable":true,"href":"https:\/\/infotep.com.ar\/index.php\/wp-json\/wp\/v2\/tags?post=29091"}],"curies":[{"name":"wp","href":"https:\/\/api.w.org\/{rel}","templated":true}]}}