{"id":2911,"date":"2023-01-20T17:49:25","date_gmt":"2023-01-20T20:49:25","guid":{"rendered":"https:\/\/infotep.com.ar\/?p=2911"},"modified":"2023-01-20T17:49:25","modified_gmt":"2023-01-20T20:49:25","slug":"agarrate-catalina-ella-es-tan-cargosa-y-topa-se-presentan-en-escenario-a-cielo-abierto-en-moron","status":"publish","type":"post","link":"https:\/\/infotep.com.ar\/index.php\/2023\/01\/20\/agarrate-catalina-ella-es-tan-cargosa-y-topa-se-presentan-en-escenario-a-cielo-abierto-en-moron\/","title":{"rendered":"Agarrate Catalina, Ella Es Tan Cargosa y Topa se presentan en escenario a Cielo Abierto en Mor\u00f3n"},"content":{"rendered":"\n<p class=\"has-light-green-cyan-background-color has-background\">Se llevar\u00e1 adelante durante los fines de semana de todo febrero con diversas propuestas culturales en la Plaza San Mart\u00edn con artistas como: Ella es Tan Cargosa, Agarrate Catalina, Daniel Melingo y Topa. Adem\u00e1s, habr\u00e1 una amplitud de actividades en distintos espacios culturales del distrito.<\/p>\n\n\n\n<p>Durante todos los viernes, s\u00e1bados y domingos de febrero, los vecinos y vecinas de Mor\u00f3n podr\u00e1n disfrutar gratuitamente de actividades culturales y shows en vivo en el ciclo \u201cEscenario a Cielo Abierto\u201d. A lo largo de todo el mes habr\u00e1 presentaciones musicales, teatrales y bailables en toda la comuna. <br><br>Por el ciclo 2023 pasar\u00e1n artistas como Agarrate Catalina, Ella Es Tan Cargosa y Daniel Melingo. El cierre del ciclo estar\u00e1 a cargo de Topa el domingo 26 de febrero en la Plaza San Mart\u00edn.<\/p>\n\n\n\n<p>El ciclo comenzar\u00e1 <strong>el viernes 3 de febrero en la Galer\u00eda del Museo de Mor\u00f3n con una milonga<\/strong>, mientras que la apertura del escenario principal ser\u00e1<strong> con Ella Es Tan Cargosa el s\u00e1bado 4 a las 19hs en la Plaza San Mart\u00edn.<\/strong> En la misma jornada tambi\u00e9n se presentar\u00e1n Billyrockin, Vuelan y Lumen. Mientras que el domingo 5 a las 19hs se presentar\u00e1 Kamada y habr\u00e1 una nueva edici\u00f3n del ciclo Flow de Barrio.<\/p>\n\n\n\n<p><strong>El viernes 10 a las 20hs en el Paseo de las Artes<\/strong> llegar\u00e1 la Pe\u00f1a Chamamecera, el s\u00e1bado 11 se desarrollar\u00e1 una Gala L\u00edrica junto al Coro de Mujeres de Mor\u00f3n con ensamble de la c\u00e1tedra de Canto del Conservatorio \u201cAlberto Ginastera\u201d.<br><br><strong>El domingo 12<\/strong> en el escenario principal de la Plaza San Mart\u00edn, el artista Daniel Melingo estar\u00e1 junto a grandes artistas como Cucuza Castiello y Natalia Baz\u00e1n, desde las 19hs.<\/p>\n\n\n\n<p>En paralelo, habr\u00e1 festividades de carnaval, con bandas, DJs y desfiles de murgas locales desde las 19hs en distintos espacios de la comuna como el Play\u00f3n del Barrio Carlos Gardel, la Plaza La Maestra de Barrio Gaona, entre otros.<\/p>\n\n\n\n<p>En tanto, en el Espacio Paracone, en Rawson y Constituyentes, tambi\u00e9n habr\u00e1 diferentes actividades como parte del mismo ciclo cultural.<strong> El domingo 5 de febrero desde las 18.30hs se realizar\u00e1 La Diablada <\/strong>donde se presentar\u00e1n Constructores de Fuego, Chimbe y Kuy\u00e9n Tambor. El domingo 12 habr\u00e1 m\u00fasica y teatro, mientras que el viernes 24 habr\u00e1 un ciclo de m\u00fasica.<\/p>\n\n\n\n<p class=\"has-light-green-cyan-background-color has-background\">El fin de semana del s\u00e1bado 18 y domingo 19, se presentar\u00e1n los artistas Orozco Barrientos y la murga Agarrate Catalina, ambas desde las 19hs en la Plaza San Mart\u00edn.<\/p>\n\n\n\n<p>Adem\u00e1s, en el \u00faltimo fin de semana habr\u00e1 una jornada en homenaje al artista Luis Alberto Spinetta, y una jornada de trap. El cierre de todo el ciclo estar\u00e1 a cargo de Topa tambi\u00e9n en la plaza central de Mor\u00f3n.<\/p>\n\n\n\n<p><a href=\"http:\/\/www.moron.gob.ar\/llega-una-nueva-edicion-de-escenario-a-cielo-abierto-a-moron\/\" target=\"_blank\" rel=\"noreferrer noopener\">Mir\u00e1 la grilla completa ac\u00e1.<\/a><\/p>\n","protected":false},"excerpt":{"rendered":"<p>Se llevar&aacute; adelante durante los fines de semana de todo febrero con diversas propuestas culturales en la Plaza San Mart&iacute;n con artistas como: Ella es Tan Cargosa, Agarrate Catalina, Daniel Melingo y Topa. Adem&aacute;s, habr&aacute; una amplitud de actividades en distintos espacios culturales del distrito. Durante todos los viernes, s&aacute;bados y domingos de febrero, los &hellip; <\/p>\n","protected":false},"author":5,"featured_media":2912,"comment_status":"closed","ping_status":"closed","sticky":false,"template":"","format":"standard","meta":{"om_disable_all_campaigns":false,"_joinchat":[]},"categories":[9],"tags":[46,53,43],"featured_image_urls":{"full":["https:\/\/infotep.com.ar\/wp-content\/uploads\/2023\/01\/ella-es-tan-cargosa.jpg",1024,768,false],"thumbnail":["https:\/\/infotep.com.ar\/wp-content\/uploads\/2023\/01\/ella-es-tan-cargosa-150x150.jpg",150,150,true],"medium":["https:\/\/infotep.com.ar\/wp-content\/uploads\/2023\/01\/ella-es-tan-cargosa-300x225.jpg",300,225,true],"medium_large":["https:\/\/infotep.com.ar\/wp-content\/uploads\/2023\/01\/ella-es-tan-cargosa-768x576.jpg",768,576,true],"large":["https:\/\/infotep.com.ar\/wp-content\/uploads\/2023\/01\/ella-es-tan-cargosa.jpg",1020,765,false],"1536x1536":["https:\/\/infotep.com.ar\/wp-content\/uploads\/2023\/01\/ella-es-tan-cargosa.jpg",1024,768,false],"2048x2048":["https:\/\/infotep.com.ar\/wp-content\/uploads\/2023\/01\/ella-es-tan-cargosa.jpg",1024,768,false],"blossom-feminine-slider":["https:\/\/infotep.com.ar\/wp-content\/uploads\/2023\/01\/ella-es-tan-cargosa-1024x649.jpg",1024,649,true],"blossom-feminine-featured":["https:\/\/infotep.com.ar\/wp-content\/uploads\/2023\/01\/ella-es-tan-cargosa-1024x600.jpg",1024,600,true],"blossom-feminine-with-sidebar":["https:\/\/infotep.com.ar\/wp-content\/uploads\/2023\/01\/ella-es-tan-cargosa-1020x600.jpg",1020,600,true],"blossom-feminine-blog":["https:\/\/infotep.com.ar\/wp-content\/uploads\/2023\/01\/ella-es-tan-cargosa-435x435.jpg",435,435,true],"blossom-feminine-cat":["https:\/\/infotep.com.ar\/wp-content\/uploads\/2023\/01\/ella-es-tan-cargosa-450x300.jpg",450,300,true],"blossom-feminine-related":["https:\/\/infotep.com.ar\/wp-content\/uploads\/2023\/01\/ella-es-tan-cargosa-320x200.jpg",320,200,true],"blossom-feminine-schema":["https:\/\/infotep.com.ar\/wp-content\/uploads\/2023\/01\/ella-es-tan-cargosa-80x60.jpg",80,60,true],"blossom-mommy-blog-slider-big":["https:\/\/infotep.com.ar\/wp-content\/uploads\/2023\/01\/ella-es-tan-cargosa-920x650.jpg",920,650,true],"blossom-mommy-blog-slider":["https:\/\/infotep.com.ar\/wp-content\/uploads\/2023\/01\/ella-es-tan-cargosa-460x310.jpg",460,310,true],"blossom-mommy-blog-two":["https:\/\/infotep.com.ar\/wp-content\/uploads\/2023\/01\/ella-es-tan-cargosa-768x480.jpg",768,480,true]},"author_info":{"info":["Angela Tobar"]},"category_info":"<a href=\"https:\/\/infotep.com.ar\/index.php\/category\/municipales\/moron\/\" rel=\"category tag\">Mor\u00f3n<\/a>","tag_info":"Mor\u00f3n","comment_count":"0","_links":{"self":[{"href":"https:\/\/infotep.com.ar\/index.php\/wp-json\/wp\/v2\/posts\/2911"}],"collection":[{"href":"https:\/\/infotep.com.ar\/index.php\/wp-json\/wp\/v2\/posts"}],"about":[{"href":"https:\/\/infotep.com.ar\/index.php\/wp-json\/wp\/v2\/types\/post"}],"author":[{"embeddable":true,"href":"https:\/\/infotep.com.ar\/index.php\/wp-json\/wp\/v2\/users\/5"}],"replies":[{"embeddable":true,"href":"https:\/\/infotep.com.ar\/index.php\/wp-json\/wp\/v2\/comments?post=2911"}],"version-history":[{"count":1,"href":"https:\/\/infotep.com.ar\/index.php\/wp-json\/wp\/v2\/posts\/2911\/revisions"}],"predecessor-version":[{"id":2913,"href":"https:\/\/infotep.com.ar\/index.php\/wp-json\/wp\/v2\/posts\/2911\/revisions\/2913"}],"wp:featuredmedia":[{"embeddable":true,"href":"https:\/\/infotep.com.ar\/index.php\/wp-json\/wp\/v2\/media\/2912"}],"wp:attachment":[{"href":"https:\/\/infotep.com.ar\/index.php\/wp-json\/wp\/v2\/media?parent=2911"}],"wp:term":[{"taxonomy":"category","embeddable":true,"href":"https:\/\/infotep.com.ar\/index.php\/wp-json\/wp\/v2\/categories?post=2911"},{"taxonomy":"post_tag","embeddable":true,"href":"https:\/\/infotep.com.ar\/index.php\/wp-json\/wp\/v2\/tags?post=2911"}],"curies":[{"name":"wp","href":"https:\/\/api.w.org\/{rel}","templated":true}]}}