{"id":29121,"date":"2025-10-30T15:24:45","date_gmt":"2025-10-30T18:24:45","guid":{"rendered":"https:\/\/infotep.com.ar\/?p=29121"},"modified":"2025-10-30T15:26:03","modified_gmt":"2025-10-30T18:26:03","slug":"axel-kicillof-este-viernes-a-intendentes-aliados-en-la-plata","status":"publish","type":"post","link":"https:\/\/infotep.com.ar\/index.php\/2025\/10\/30\/axel-kicillof-este-viernes-a-intendentes-aliados-en-la-plata\/","title":{"rendered":"Axel Kicillof se reune con intendentes para analizar acciones a futuro"},"content":{"rendered":"\n<p>Estar\u00e1n los jefes comunales que integran el MDF<br><br>El gobernador de Buenos Aires, Axel Kicillof, ma\u00f1ana a las 15 a intendentes del Movimiento Derecho al Futuro (MDF).<\/p>\n\n\n\n<p>Se tratar\u00e1 de una reuni\u00f3n de &#8220;trabajo&#8221; con los jefes comunales aliados a Kicillof y que lo respaldaron en la cruzada contra La C\u00e1mpora para desdoblar las elecciones provinciales que se celebraron el pasado 7 de septiembre.<\/p>\n\n\n\n<p><strong>&#8220;Se viene profundizando la demanda de asistencia y creemos que eso no se va a detener. A s\u00ed que vamos a buscar alternativas entre todos para dar respuesta en la medida que podamos&#8221;, especificaron.<\/strong><\/p>\n\n\n\n<p>La actividad de Kicillof se enmarca dentro de tensiones internas con el espacio que lidera M\u00e1ximo Kirchner y que tiene terminales en la ex presidenta Cristina Kirchner.<\/p>\n","protected":false},"excerpt":{"rendered":"<p>Estar&aacute;n los jefes comunales que integran el MDF El gobernador de Buenos Aires, Axel Kicillof, ma&ntilde;ana a las 15 a intendentes del Movimiento Derecho al Futuro (MDF). Se tratar&aacute; de una reuni&oacute;n de &ldquo;trabajo&rdquo; con los jefes comunales aliados a Kicillof y que lo respaldaron en la cruzada contra La C&aacute;mpora para desdoblar las elecciones &hellip; <\/p>\n","protected":false},"author":5,"featured_media":22364,"comment_status":"closed","ping_status":"closed","sticky":false,"template":"","format":"standard","meta":{"om_disable_all_campaigns":false,"_joinchat":[]},"categories":[31,4],"tags":[46,43,569],"featured_image_urls":{"full":["https:\/\/infotep.com.ar\/wp-content\/uploads\/2025\/03\/kicillof-intendentes.jpg",730,443,false],"thumbnail":["https:\/\/infotep.com.ar\/wp-content\/uploads\/2025\/03\/kicillof-intendentes-150x150.jpg",150,150,true],"medium":["https:\/\/infotep.com.ar\/wp-content\/uploads\/2025\/03\/kicillof-intendentes-300x182.jpg",300,182,true],"medium_large":["https:\/\/infotep.com.ar\/wp-content\/uploads\/2025\/03\/kicillof-intendentes.jpg",730,443,false],"large":["https:\/\/infotep.com.ar\/wp-content\/uploads\/2025\/03\/kicillof-intendentes.jpg",730,443,false],"1536x1536":["https:\/\/infotep.com.ar\/wp-content\/uploads\/2025\/03\/kicillof-intendentes.jpg",730,443,false],"2048x2048":["https:\/\/infotep.com.ar\/wp-content\/uploads\/2025\/03\/kicillof-intendentes.jpg",730,443,false],"blossom-feminine-slider":["https:\/\/infotep.com.ar\/wp-content\/uploads\/2025\/03\/kicillof-intendentes.jpg",730,443,false],"blossom-feminine-featured":["https:\/\/infotep.com.ar\/wp-content\/uploads\/2025\/03\/kicillof-intendentes.jpg",730,443,false],"blossom-feminine-with-sidebar":["https:\/\/infotep.com.ar\/wp-content\/uploads\/2025\/03\/kicillof-intendentes.jpg",730,443,false],"blossom-feminine-blog":["https:\/\/infotep.com.ar\/wp-content\/uploads\/2025\/03\/kicillof-intendentes-435x435.jpg",435,435,true],"blossom-feminine-cat":["https:\/\/infotep.com.ar\/wp-content\/uploads\/2025\/03\/kicillof-intendentes-450x300.jpg",450,300,true],"blossom-feminine-related":["https:\/\/infotep.com.ar\/wp-content\/uploads\/2025\/03\/kicillof-intendentes-320x200.jpg",320,200,true],"blossom-feminine-schema":["https:\/\/infotep.com.ar\/wp-content\/uploads\/2025\/03\/kicillof-intendentes-99x60.jpg",99,60,true],"blossom-mommy-blog-slider-big":["https:\/\/infotep.com.ar\/wp-content\/uploads\/2025\/03\/kicillof-intendentes.jpg",730,443,false],"blossom-mommy-blog-slider":["https:\/\/infotep.com.ar\/wp-content\/uploads\/2025\/03\/kicillof-intendentes-460x310.jpg",460,310,true],"blossom-mommy-blog-two":["https:\/\/infotep.com.ar\/wp-content\/uploads\/2025\/03\/kicillof-intendentes.jpg",730,443,false]},"author_info":{"info":["Angela Tobar"]},"category_info":"<a href=\"https:\/\/infotep.com.ar\/index.php\/category\/destacadas\/\" rel=\"category tag\">Destacadas<\/a> <a href=\"https:\/\/infotep.com.ar\/index.php\/category\/provinciales\/\" rel=\"category tag\">Provinciales<\/a>","tag_info":"Provinciales","comment_count":"0","_links":{"self":[{"href":"https:\/\/infotep.com.ar\/index.php\/wp-json\/wp\/v2\/posts\/29121"}],"collection":[{"href":"https:\/\/infotep.com.ar\/index.php\/wp-json\/wp\/v2\/posts"}],"about":[{"href":"https:\/\/infotep.com.ar\/index.php\/wp-json\/wp\/v2\/types\/post"}],"author":[{"embeddable":true,"href":"https:\/\/infotep.com.ar\/index.php\/wp-json\/wp\/v2\/users\/5"}],"replies":[{"embeddable":true,"href":"https:\/\/infotep.com.ar\/index.php\/wp-json\/wp\/v2\/comments?post=29121"}],"version-history":[{"count":2,"href":"https:\/\/infotep.com.ar\/index.php\/wp-json\/wp\/v2\/posts\/29121\/revisions"}],"predecessor-version":[{"id":29124,"href":"https:\/\/infotep.com.ar\/index.php\/wp-json\/wp\/v2\/posts\/29121\/revisions\/29124"}],"wp:featuredmedia":[{"embeddable":true,"href":"https:\/\/infotep.com.ar\/index.php\/wp-json\/wp\/v2\/media\/22364"}],"wp:attachment":[{"href":"https:\/\/infotep.com.ar\/index.php\/wp-json\/wp\/v2\/media?parent=29121"}],"wp:term":[{"taxonomy":"category","embeddable":true,"href":"https:\/\/infotep.com.ar\/index.php\/wp-json\/wp\/v2\/categories?post=29121"},{"taxonomy":"post_tag","embeddable":true,"href":"https:\/\/infotep.com.ar\/index.php\/wp-json\/wp\/v2\/tags?post=29121"}],"curies":[{"name":"wp","href":"https:\/\/api.w.org\/{rel}","templated":true}]}}