{"id":2920,"date":"2023-01-23T01:58:00","date_gmt":"2023-01-23T04:58:00","guid":{"rendered":"https:\/\/infotep.com.ar\/?p=2920"},"modified":"2023-01-23T16:01:04","modified_gmt":"2023-01-23T19:01:04","slug":"otorgan-la-personeria-gremial-al-sipreba-en-la-ciudad-de-buenos-aires-y-excluyen-a-la-utpa","status":"publish","type":"post","link":"https:\/\/infotep.com.ar\/index.php\/2023\/01\/23\/otorgan-la-personeria-gremial-al-sipreba-en-la-ciudad-de-buenos-aires-y-excluyen-a-la-utpa\/","title":{"rendered":"Otorgan la personer\u00eda gremial al Sipreba en la ciudad de Buenos Aires y excluyen a la UTPA"},"content":{"rendered":"\n<p><br>El Ministerio de Trabajo otorg\u00f3 hoy la personer\u00eda gremial al Sindicato de Prensa de Buenos Aires (Sipreba) para &#8220;agrupar a los trabajadores en relaci\u00f3n de dependencia con empleadores de la actividad de prensa que presten tareas comprendidas en el estatuto del periodista profesional&#8221;, y excluy\u00f3 de ese \u00e1mbito a la Uni\u00f3n de Trabajadores de Prensa de la ciudad de Buenos Aires (UTPBA).<\/p>\n\n\n\n<p>A trav\u00e9s de la resoluci\u00f3n 21\/2023 publicada hoy en el Bolet\u00edn Oficial, el Poder Ejecutivo dispuso otorgar al Sipreba la personer\u00eda gremial para &#8220;agrupar a los trabajadores en relaci\u00f3n de dependencia con empleadores de la actividad de prensa que presten tareas comprendidas en el estatuto del periodista profesional y en el estatuto de empleados administrativos de empresas period\u00edsticas, con zona de actuaci\u00f3n en todo el territorio que comprende la Ciudad Aut\u00f3noma de Buenos Aires&#8221;.<\/p>\n\n\n\n<p>En el segundo art\u00edculo de la resoluci\u00f3n, que lleva la firma de la ministra de Trabajo, Kelly Olmos, se &#8220;excluye del \u00e1mbito personal y territorial otorgado al peticionario, a la UTPBA, la que quedar\u00e1 como meramente inscripta respecto del \u00e1mbito otorgado al Sipreba&#8221;.<\/p>\n\n\n\n<p>El texto aclar\u00f3 que &#8220;la personer\u00eda gremial otorgada no desplazar\u00e1 en el colectivo asignado, las personer\u00edas gremiales de las asociaciones sindicales preexistentes del sector p\u00fablico&#8221;. (T\u00e9lam)<\/p>\n","protected":false},"excerpt":{"rendered":"<p>El Ministerio de Trabajo otorg&oacute; hoy la personer&iacute;a gremial al Sindicato de Prensa de Buenos Aires (Sipreba) para &ldquo;agrupar a los trabajadores en relaci&oacute;n de dependencia con empleadores de la actividad de prensa que presten tareas comprendidas en el estatuto del periodista profesional&rdquo;, y excluy&oacute; de ese &aacute;mbito a la Uni&oacute;n de Trabajadores de Prensa &hellip; <\/p>\n","protected":false},"author":5,"featured_media":2921,"comment_status":"closed","ping_status":"closed","sticky":false,"template":"","format":"standard","meta":{"om_disable_all_campaigns":false,"_joinchat":[]},"categories":[7],"tags":[46,43],"featured_image_urls":{"full":["https:\/\/infotep.com.ar\/wp-content\/uploads\/2023\/01\/SIPREBA.jpg",1200,675,false],"thumbnail":["https:\/\/infotep.com.ar\/wp-content\/uploads\/2023\/01\/SIPREBA-150x150.jpg",150,150,true],"medium":["https:\/\/infotep.com.ar\/wp-content\/uploads\/2023\/01\/SIPREBA-300x169.jpg",300,169,true],"medium_large":["https:\/\/infotep.com.ar\/wp-content\/uploads\/2023\/01\/SIPREBA-768x432.jpg",768,432,true],"large":["https:\/\/infotep.com.ar\/wp-content\/uploads\/2023\/01\/SIPREBA-1024x576.jpg",1020,574,true],"1536x1536":["https:\/\/infotep.com.ar\/wp-content\/uploads\/2023\/01\/SIPREBA.jpg",1200,675,false],"2048x2048":["https:\/\/infotep.com.ar\/wp-content\/uploads\/2023\/01\/SIPREBA.jpg",1200,675,false],"blossom-feminine-slider":["https:\/\/infotep.com.ar\/wp-content\/uploads\/2023\/01\/SIPREBA-1200x649.jpg",1200,649,true],"blossom-feminine-featured":["https:\/\/infotep.com.ar\/wp-content\/uploads\/2023\/01\/SIPREBA-1200x600.jpg",1200,600,true],"blossom-feminine-with-sidebar":["https:\/\/infotep.com.ar\/wp-content\/uploads\/2023\/01\/SIPREBA-1020x600.jpg",1020,600,true],"blossom-feminine-blog":["https:\/\/infotep.com.ar\/wp-content\/uploads\/2023\/01\/SIPREBA-435x435.jpg",435,435,true],"blossom-feminine-cat":["https:\/\/infotep.com.ar\/wp-content\/uploads\/2023\/01\/SIPREBA-450x300.jpg",450,300,true],"blossom-feminine-related":["https:\/\/infotep.com.ar\/wp-content\/uploads\/2023\/01\/SIPREBA-320x200.jpg",320,200,true],"blossom-feminine-schema":["https:\/\/infotep.com.ar\/wp-content\/uploads\/2023\/01\/SIPREBA-107x60.jpg",107,60,true],"blossom-mommy-blog-slider-big":["https:\/\/infotep.com.ar\/wp-content\/uploads\/2023\/01\/SIPREBA-920x650.jpg",920,650,true],"blossom-mommy-blog-slider":["https:\/\/infotep.com.ar\/wp-content\/uploads\/2023\/01\/SIPREBA-460x310.jpg",460,310,true],"blossom-mommy-blog-two":["https:\/\/infotep.com.ar\/wp-content\/uploads\/2023\/01\/SIPREBA-768x480.jpg",768,480,true]},"author_info":{"info":["Angela Tobar"]},"category_info":"<a href=\"https:\/\/infotep.com.ar\/index.php\/category\/gremios\/\" rel=\"category tag\">Gremios<\/a>","tag_info":"Gremios","comment_count":"0","_links":{"self":[{"href":"https:\/\/infotep.com.ar\/index.php\/wp-json\/wp\/v2\/posts\/2920"}],"collection":[{"href":"https:\/\/infotep.com.ar\/index.php\/wp-json\/wp\/v2\/posts"}],"about":[{"href":"https:\/\/infotep.com.ar\/index.php\/wp-json\/wp\/v2\/types\/post"}],"author":[{"embeddable":true,"href":"https:\/\/infotep.com.ar\/index.php\/wp-json\/wp\/v2\/users\/5"}],"replies":[{"embeddable":true,"href":"https:\/\/infotep.com.ar\/index.php\/wp-json\/wp\/v2\/comments?post=2920"}],"version-history":[{"count":1,"href":"https:\/\/infotep.com.ar\/index.php\/wp-json\/wp\/v2\/posts\/2920\/revisions"}],"predecessor-version":[{"id":2922,"href":"https:\/\/infotep.com.ar\/index.php\/wp-json\/wp\/v2\/posts\/2920\/revisions\/2922"}],"wp:featuredmedia":[{"embeddable":true,"href":"https:\/\/infotep.com.ar\/index.php\/wp-json\/wp\/v2\/media\/2921"}],"wp:attachment":[{"href":"https:\/\/infotep.com.ar\/index.php\/wp-json\/wp\/v2\/media?parent=2920"}],"wp:term":[{"taxonomy":"category","embeddable":true,"href":"https:\/\/infotep.com.ar\/index.php\/wp-json\/wp\/v2\/categories?post=2920"},{"taxonomy":"post_tag","embeddable":true,"href":"https:\/\/infotep.com.ar\/index.php\/wp-json\/wp\/v2\/tags?post=2920"}],"curies":[{"name":"wp","href":"https:\/\/api.w.org\/{rel}","templated":true}]}}