{"id":29315,"date":"2025-11-06T00:27:17","date_gmt":"2025-11-06T03:27:17","guid":{"rendered":"https:\/\/infotep.com.ar\/?p=29315"},"modified":"2025-11-06T21:57:48","modified_gmt":"2025-11-07T00:57:48","slug":"daniel-troncoso-esta-puede-ser-la-ultima-oportunidad-de-la-cgt-para-demostrar-que-esta-a-la-altura-de-los-trabajadores","status":"publish","type":"post","link":"https:\/\/infotep.com.ar\/index.php\/2025\/11\/06\/daniel-troncoso-esta-puede-ser-la-ultima-oportunidad-de-la-cgt-para-demostrar-que-esta-a-la-altura-de-los-trabajadores\/","title":{"rendered":"Daniel Troncoso: \u201cEsta puede ser la \u00faltima oportunidad de la CGT para demostrar que est\u00e1 a la altura de los trabajadores\u201d"},"content":{"rendered":"\n<p>En di\u00e1logo con Todo es Pol\u00edtica, el secretario general del Sindicato de Trabajadores Municipales de La Matanza y miembro de la Mesa Directiva de la CGT local, Daniel Troncoso, analiz\u00f3 los resultados del Congreso Nacional Ordinario de la CGT y advirti\u00f3 sobre los desaf\u00edos que enfrenta el movimiento obrero frente a la reforma laboral impulsada por el gobierno de Javier Milei.<br><\/p>\n\n\n\n<figure class=\"wp-block-audio\"><audio controls src=\"https:\/\/infotep.com.ar\/wp-content\/uploads\/2025\/11\/TEP-05.11.25-mp3cut.net_.mp3\"><\/audio><\/figure>\n\n\n\n<p><br>El Congreso Nacional Ordinario de la Confederaci\u00f3n General del Trabajo (CGT) sesion\u00f3 este mi\u00e9rcoles en el estadio de Obras Sanitarias de la Ciudad Aut\u00f3noma de Buenos Aires, con la participaci\u00f3n de 2.186 congresales de todo el pa\u00eds. En la jornada, se resolvi\u00f3 por amplia mayor\u00eda mantener el esquema de conducci\u00f3n tripartita para el per\u00edodo 2025-2029, rechazando la propuesta del sector gastron\u00f3mico, liderado por Luis Barrionuevo, que impulsaba el retorno a un \u00fanico secretario general.<br><br>Los nombres que encabezar\u00e1n la nueva conducci\u00f3n son Jorge Sola (Seguros) por el sector dialoguista, Octavio Arg\u00fcello (Camioneros) por el moyanismo, y Cristian Jer\u00f3nimo (Vidrio) en representaci\u00f3n de la juventud sindical.<br><br>Troncoso pidi\u00f3 respetar la decisi\u00f3n y el resultado de la votaci\u00f3n, pero tambi\u00e9n llam\u00f3 a la reflexi\u00f3n sobre el rol de la central obrera en el contexto pol\u00edtico actual.<br><br>\u201cLa decisi\u00f3n de mantener el triunvirato debe respetarse, porque la CGT representa a un movimiento amplio y diverso\u201d y analiz\u00f3 que m\u00e1s all\u00e1 de los nombres, lo importante es que la unidad no se quede en una consigna: tiene que expresarse en hechos.<br><br>El dirigente advirti\u00f3 que el escenario actual plantea un desaf\u00edo hist\u00f3rico para el movimiento sindical.<\/p>\n\n\n\n<p>Cuestion\u00f3 en la reflexi\u00f3n  particular \u201cpara los trabajadores municipales que pertenecemos a la confederaci\u00f3n FeSiMuBo y la Confederaci\u00f3n de Trabajadores Municipales de la Rep\u00fablica Argentina, CTM que fuimos con 110 congresales, y representamos al 95 por ciento de los trabajadores municipales del pa\u00eds, no se cumpli\u00f3 con las expectativas, ya que la secretaria de Asuntos Municipales qued\u00f3 en manos de un sector que no representa a los trabajadores municipales\u201d.<\/p>\n\n\n\n<p class=\"has-white-background-color has-background\">Con respecto al debate de la reforma laboral opin\u00f3 \u201ces cierto que los tiempos cambian y hay que actualizarla, pero hay que hacerlo a favor de los trabajadores\u201d.<br><br><strong>Al ser consultado sobre el rol de la CGT en este contexto, \u201cestamos en un momento en el que se amenazan derechos laborales conquistados con a\u00f1os de lucha, con trabajadores y trabajadoras que pusieron el cuerpo para lograr vacaciones, aguinaldo, licencias por maternidad y paternidad. Nada de eso fue regalado. Hoy hay que poner la fuerza para defenderlos ante la reforma laboral que impulsa el gobierno de Javier Milei\u201d, remarc\u00f3.<\/strong><\/p>\n\n\n\n<p class=\"has-light-green-cyan-background-color has-background\"><strong><em>En ese sentido, Troncoso consider\u00f3 que \u201cesta puede ser la \u00faltima posibilidad que tiene la CGT para reaccionar\u201d y demostrar que est\u00e1 a la altura de las exigencias de los trabajadores y trabajadoras, y subray\u00f3 la necesidad de que la central obrera recupere protagonismo pol\u00edtico y social.<\/em><\/strong><\/p>\n\n\n\n<p class=\"has-white-background-color has-background\">\u201cTierne que reaccionar de una vez por toda porque esto se va a llevar puesta conquista que consiguieron trabajadores mucho antes que nosotros y lo hicieron poniendo su cuerpo \u201d, expres\u00f3.<br><br>Adem\u00e1s, Troncoso se refiri\u00f3 a la situaci\u00f3n de los trabajadores municipales de La Matanza y revel\u00f3 que el sindicato present\u00f3 una denuncia ante el Ministerio de Trabajo contra el Ejecutivo local.<br><br>\u201cDenunciamos el incumplimiento de los reclamos de mejora salarial, el pase a planta permanente, los corrimientos de categor\u00eda y la mejora en las condiciones laborales, todo se est\u00e1 viendo afectado\u201d, detall\u00f3.<\/p>\n\n\n\n<p>Neg\u00f3 tener comunicaci\u00f3n abierta con el ejecutivo local y marc\u00f3 que \u201cel di\u00e1logo que hay es con los trabajadores\u201d y advirti\u00f3 que de no lograr un acuerdo o apertura del di\u00e1logo, \u201cse reforzaran las medidas de fuerza, la lucha y movilizaci\u00f3n\u201d.<\/p>\n\n\n\n<figure class=\"wp-block-image size-large\"><img decoding=\"async\" loading=\"lazy\" width=\"679\" height=\"1024\" src=\"https:\/\/infotep.com.ar\/wp-content\/uploads\/2025\/11\/denuncia1-679x1024.jpg\" alt=\"\" class=\"wp-image-29317\" srcset=\"https:\/\/infotep.com.ar\/wp-content\/uploads\/2025\/11\/denuncia1-679x1024.jpg 679w, https:\/\/infotep.com.ar\/wp-content\/uploads\/2025\/11\/denuncia1-199x300.jpg 199w, https:\/\/infotep.com.ar\/wp-content\/uploads\/2025\/11\/denuncia1-768x1158.jpg 768w, https:\/\/infotep.com.ar\/wp-content\/uploads\/2025\/11\/denuncia1-1019x1536.jpg 1019w, https:\/\/infotep.com.ar\/wp-content\/uploads\/2025\/11\/denuncia1-40x60.jpg 40w, https:\/\/infotep.com.ar\/wp-content\/uploads\/2025\/11\/denuncia1.jpg 1061w\" sizes=\"(max-width: 679px) 100vw, 679px\" \/><\/figure>\n\n\n\n<p><\/p>\n","protected":false},"excerpt":{"rendered":"<p>En di&aacute;logo con Todo es Pol&iacute;tica, el secretario general del Sindicato de Trabajadores Municipales de La Matanza y miembro de la Mesa Directiva de la CGT local, Daniel Troncoso, analiz&oacute; los resultados del Congreso Nacional Ordinario de la CGT y advirti&oacute; sobre los desaf&iacute;os que enfrenta el movimiento obrero frente a la reforma laboral impulsada &hellip; <\/p>\n","protected":false},"author":5,"featured_media":7578,"comment_status":"closed","ping_status":"closed","sticky":false,"template":"","format":"standard","meta":{"om_disable_all_campaigns":false,"_joinchat":[]},"categories":[31,7,26],"tags":[],"featured_image_urls":{"full":["https:\/\/infotep.com.ar\/wp-content\/uploads\/2023\/09\/troncoso.jpg",960,636,false],"thumbnail":["https:\/\/infotep.com.ar\/wp-content\/uploads\/2023\/09\/troncoso-150x150.jpg",150,150,true],"medium":["https:\/\/infotep.com.ar\/wp-content\/uploads\/2023\/09\/troncoso-300x199.jpg",300,199,true],"medium_large":["https:\/\/infotep.com.ar\/wp-content\/uploads\/2023\/09\/troncoso-768x509.jpg",768,509,true],"large":["https:\/\/infotep.com.ar\/wp-content\/uploads\/2023\/09\/troncoso.jpg",960,636,false],"1536x1536":["https:\/\/infotep.com.ar\/wp-content\/uploads\/2023\/09\/troncoso.jpg",960,636,false],"2048x2048":["https:\/\/infotep.com.ar\/wp-content\/uploads\/2023\/09\/troncoso.jpg",960,636,false],"blossom-feminine-slider":["https:\/\/infotep.com.ar\/wp-content\/uploads\/2023\/09\/troncoso.jpg",960,636,false],"blossom-feminine-featured":["https:\/\/infotep.com.ar\/wp-content\/uploads\/2023\/09\/troncoso-960x600.jpg",960,600,true],"blossom-feminine-with-sidebar":["https:\/\/infotep.com.ar\/wp-content\/uploads\/2023\/09\/troncoso-960x600.jpg",960,600,true],"blossom-feminine-blog":["https:\/\/infotep.com.ar\/wp-content\/uploads\/2023\/09\/troncoso-435x435.jpg",435,435,true],"blossom-feminine-cat":["https:\/\/infotep.com.ar\/wp-content\/uploads\/2023\/09\/troncoso-450x300.jpg",450,300,true],"blossom-feminine-related":["https:\/\/infotep.com.ar\/wp-content\/uploads\/2023\/09\/troncoso-320x200.jpg",320,200,true],"blossom-feminine-schema":["https:\/\/infotep.com.ar\/wp-content\/uploads\/2023\/09\/troncoso-91x60.jpg",91,60,true],"blossom-mommy-blog-slider-big":["https:\/\/infotep.com.ar\/wp-content\/uploads\/2023\/09\/troncoso-920x636.jpg",920,636,true],"blossom-mommy-blog-slider":["https:\/\/infotep.com.ar\/wp-content\/uploads\/2023\/09\/troncoso-460x310.jpg",460,310,true],"blossom-mommy-blog-two":["https:\/\/infotep.com.ar\/wp-content\/uploads\/2023\/09\/troncoso-768x480.jpg",768,480,true]},"author_info":{"info":["Angela Tobar"]},"category_info":"<a href=\"https:\/\/infotep.com.ar\/index.php\/category\/destacadas\/\" rel=\"category tag\">Destacadas<\/a> <a href=\"https:\/\/infotep.com.ar\/index.php\/category\/gremios\/\" rel=\"category tag\">Gremios<\/a> <a href=\"https:\/\/infotep.com.ar\/index.php\/category\/municipales\/la-matanza\/\" rel=\"category tag\">La Matanza<\/a>","tag_info":"La Matanza","comment_count":"0","_links":{"self":[{"href":"https:\/\/infotep.com.ar\/index.php\/wp-json\/wp\/v2\/posts\/29315"}],"collection":[{"href":"https:\/\/infotep.com.ar\/index.php\/wp-json\/wp\/v2\/posts"}],"about":[{"href":"https:\/\/infotep.com.ar\/index.php\/wp-json\/wp\/v2\/types\/post"}],"author":[{"embeddable":true,"href":"https:\/\/infotep.com.ar\/index.php\/wp-json\/wp\/v2\/users\/5"}],"replies":[{"embeddable":true,"href":"https:\/\/infotep.com.ar\/index.php\/wp-json\/wp\/v2\/comments?post=29315"}],"version-history":[{"count":4,"href":"https:\/\/infotep.com.ar\/index.php\/wp-json\/wp\/v2\/posts\/29315\/revisions"}],"predecessor-version":[{"id":29337,"href":"https:\/\/infotep.com.ar\/index.php\/wp-json\/wp\/v2\/posts\/29315\/revisions\/29337"}],"wp:featuredmedia":[{"embeddable":true,"href":"https:\/\/infotep.com.ar\/index.php\/wp-json\/wp\/v2\/media\/7578"}],"wp:attachment":[{"href":"https:\/\/infotep.com.ar\/index.php\/wp-json\/wp\/v2\/media?parent=29315"}],"wp:term":[{"taxonomy":"category","embeddable":true,"href":"https:\/\/infotep.com.ar\/index.php\/wp-json\/wp\/v2\/categories?post=29315"},{"taxonomy":"post_tag","embeddable":true,"href":"https:\/\/infotep.com.ar\/index.php\/wp-json\/wp\/v2\/tags?post=29315"}],"curies":[{"name":"wp","href":"https:\/\/api.w.org\/{rel}","templated":true}]}}