{"id":29329,"date":"2025-11-06T12:51:59","date_gmt":"2025-11-06T15:51:59","guid":{"rendered":"https:\/\/infotep.com.ar\/?p=29329"},"modified":"2025-11-06T14:34:38","modified_gmt":"2025-11-06T17:34:38","slug":"estudiantes-secundarios-de-ituzaingo-desarrollan-workly-una-app-que-conecta-talentos-con-oportunidades","status":"publish","type":"post","link":"https:\/\/infotep.com.ar\/index.php\/2025\/11\/06\/estudiantes-secundarios-de-ituzaingo-desarrollan-workly-una-app-que-conecta-talentos-con-oportunidades\/","title":{"rendered":"Estudiantes secundarios de Ituzaing\u00f3 desarrollan \u201cWorkly\u201d, una app que &#8220;conecta talentos con oportunidades&#8221;"},"content":{"rendered":"\n<p>La aplicaci\u00f3n fue creada por j\u00f3venes del Instituto Secundario San Judas Tadeo y busca facilitar el v\u00ednculo entre personas que buscan empleo y empresas que necesitan cubrir puestos. La iniciativa fue presentada en la expo Innovatech y obtuvo el segundo puesto en las Olimpiadas Nacionales de Innovaci\u00f3n. <\/p>\n\n\n\n<p>Un grupo de j\u00f3venes del instituto Secundario San Judas Tadeo de Ituzaing\u00f3 present\u00f3 un proyecto que promete revolucionar la forma en que se busca y se ofrece trabajo. Se trata de Workly, una aplicaci\u00f3n bajo el eslogan \u201cConectamos talentos con oportunidades\u201d, creada por Abril Vinci (19), Joaqu\u00edn Ferreyra (19), Teo Mattarucco (18), Valentina Ojeda (19) y el docente que acompa\u00f1\u00f3 el proceso desde el inicio, profesor Luca Fern\u00e1ndez.<\/p>\n\n\n\n<p>En di\u00e1logo con Todo es Pol\u00edtica, los y las estudiantes contaron que la idea surgi\u00f3 a partir de un trabajo escolar. \u201cEmpezamos a debatir sobre cu\u00e1l ser\u00eda el mejor proyecto para realizar, y coincidimos en que una de las mayores problem\u00e1ticas actuales es la b\u00fasqueda de empleo, tanto para las personas como para las empresas o comercios que necesitan cubrir vacantes\u201d, explicaron.<\/p>\n\n\n\n<p>As\u00ed naci\u00f3 Workly, una plataforma digital que conecta a quienes buscan empleo con empleadores, utilizando un sistema de compatibilidad que analiza los curr\u00edculums que los usuarios suben y los compara con los perfiles y requisitos que publican las empresas o locales comerciales.<\/p>\n\n\n\n<p>El proyecto fue presentado en Innovatech, la mega muestra de innovaci\u00f3n y tecnolog\u00eda de Ituzaing\u00f3, donde despert\u00f3 un gran inter\u00e9s. Adem\u00e1s, el equipo fue convocado a participar en las Olimp\u00edadas Nacionales de Innovaci\u00f3n, Inform\u00e1tica, Electr\u00f3nica y Tecnolog\u00eda, donde obtuvo el segundo puesto. Tambi\u00e9n participaron en una exposici\u00f3n en la Universidad Nacional de La Matanza, donde recibieron felicitaciones por su propuesta y su compromiso social.<\/p>\n\n\n\n<p>Los j\u00f3venes adelantaron que planean presentar oficialmente la app a fin de a\u00f1o, comenzando por el distrito de Ituzaing\u00f3, con la intenci\u00f3n de expandirse progresivamente a otras localidades del conurbano bonaerense.<\/p>\n\n\n\n<p>\u201cQueremos que Workly sea una herramienta real para facilitar el acceso al trabajo y que, al mismo tiempo, ayude a los comercios y empresas a encontrar el personal que necesitan de manera m\u00e1s r\u00e1pida y eficiente\u201d, concluyeron los estudiantes.<br>Para seguirlos en su p\u00e1gina de instagram:  <a rel=\"noreferrer noopener\" href=\"https:\/\/www.instagram.com\/workly.team\/?hl=es\" target=\"_blank\">https:\/\/www.instagram.com\/workly.team\/?hl=es<\/a><br><br><strong>Conoce la demo oficial de Workly<\/strong> <\/p>\n\n\n\n<p>El equipo estara en un stand mostrando y explicando sobre el proyecto, la presentaci\u00f3n ser\u00e1 en la muestra anual abierta realizada por la instituci\u00f3n San Judas Tadeo, ubicada en en Olaz\u00e1bal 848 Ituzaing\u00f3 y se llevar\u00e1 adelante el 14 de noviembre de 9:30 a 14 horas.<\/p>\n\n\n\n<p><\/p>\n","protected":false},"excerpt":{"rendered":"<p>La aplicaci&oacute;n fue creada por j&oacute;venes del Instituto Secundario San Judas Tadeo y busca facilitar el v&iacute;nculo entre personas que buscan empleo y empresas que necesitan cubrir puestos. La iniciativa fue presentada en la expo Innovatech y obtuvo el segundo puesto en las Olimpiadas Nacionales de Innovaci&oacute;n. Un grupo de j&oacute;venes del instituto Secundario San &hellip; <\/p>\n","protected":false},"author":5,"featured_media":29332,"comment_status":"closed","ping_status":"closed","sticky":false,"template":"","format":"standard","meta":{"om_disable_all_campaigns":false,"_joinchat":[]},"categories":[8],"tags":[],"featured_image_urls":{"full":["https:\/\/infotep.com.ar\/wp-content\/uploads\/2025\/11\/WhatsApp-Image-2025-11-06-at-08.50.22.jpeg",1046,429,false],"thumbnail":["https:\/\/infotep.com.ar\/wp-content\/uploads\/2025\/11\/WhatsApp-Image-2025-11-06-at-08.50.22-150x150.jpeg",150,150,true],"medium":["https:\/\/infotep.com.ar\/wp-content\/uploads\/2025\/11\/WhatsApp-Image-2025-11-06-at-08.50.22-300x123.jpeg",300,123,true],"medium_large":["https:\/\/infotep.com.ar\/wp-content\/uploads\/2025\/11\/WhatsApp-Image-2025-11-06-at-08.50.22-768x315.jpeg",768,315,true],"large":["https:\/\/infotep.com.ar\/wp-content\/uploads\/2025\/11\/WhatsApp-Image-2025-11-06-at-08.50.22-1024x420.jpeg",1020,418,true],"1536x1536":["https:\/\/infotep.com.ar\/wp-content\/uploads\/2025\/11\/WhatsApp-Image-2025-11-06-at-08.50.22.jpeg",1046,429,false],"2048x2048":["https:\/\/infotep.com.ar\/wp-content\/uploads\/2025\/11\/WhatsApp-Image-2025-11-06-at-08.50.22.jpeg",1046,429,false],"blossom-feminine-slider":["https:\/\/infotep.com.ar\/wp-content\/uploads\/2025\/11\/WhatsApp-Image-2025-11-06-at-08.50.22.jpeg",1046,429,false],"blossom-feminine-featured":["https:\/\/infotep.com.ar\/wp-content\/uploads\/2025\/11\/WhatsApp-Image-2025-11-06-at-08.50.22.jpeg",1046,429,false],"blossom-feminine-with-sidebar":["https:\/\/infotep.com.ar\/wp-content\/uploads\/2025\/11\/WhatsApp-Image-2025-11-06-at-08.50.22-1020x429.jpeg",1020,429,true],"blossom-feminine-blog":["https:\/\/infotep.com.ar\/wp-content\/uploads\/2025\/11\/WhatsApp-Image-2025-11-06-at-08.50.22-435x429.jpeg",435,429,true],"blossom-feminine-cat":["https:\/\/infotep.com.ar\/wp-content\/uploads\/2025\/11\/WhatsApp-Image-2025-11-06-at-08.50.22-450x300.jpeg",450,300,true],"blossom-feminine-related":["https:\/\/infotep.com.ar\/wp-content\/uploads\/2025\/11\/WhatsApp-Image-2025-11-06-at-08.50.22-320x200.jpeg",320,200,true],"blossom-feminine-schema":["https:\/\/infotep.com.ar\/wp-content\/uploads\/2025\/11\/WhatsApp-Image-2025-11-06-at-08.50.22-146x60.jpeg",146,60,true],"blossom-mommy-blog-slider-big":["https:\/\/infotep.com.ar\/wp-content\/uploads\/2025\/11\/WhatsApp-Image-2025-11-06-at-08.50.22-920x429.jpeg",920,429,true],"blossom-mommy-blog-slider":["https:\/\/infotep.com.ar\/wp-content\/uploads\/2025\/11\/WhatsApp-Image-2025-11-06-at-08.50.22-460x310.jpeg",460,310,true],"blossom-mommy-blog-two":["https:\/\/infotep.com.ar\/wp-content\/uploads\/2025\/11\/WhatsApp-Image-2025-11-06-at-08.50.22-768x429.jpeg",768,429,true]},"author_info":{"info":["Angela Tobar"]},"category_info":"<a href=\"https:\/\/infotep.com.ar\/index.php\/category\/municipales\/ituzaingo\/\" rel=\"category tag\">Ituzaing\u00f3<\/a>","tag_info":"Ituzaing\u00f3","comment_count":"0","_links":{"self":[{"href":"https:\/\/infotep.com.ar\/index.php\/wp-json\/wp\/v2\/posts\/29329"}],"collection":[{"href":"https:\/\/infotep.com.ar\/index.php\/wp-json\/wp\/v2\/posts"}],"about":[{"href":"https:\/\/infotep.com.ar\/index.php\/wp-json\/wp\/v2\/types\/post"}],"author":[{"embeddable":true,"href":"https:\/\/infotep.com.ar\/index.php\/wp-json\/wp\/v2\/users\/5"}],"replies":[{"embeddable":true,"href":"https:\/\/infotep.com.ar\/index.php\/wp-json\/wp\/v2\/comments?post=29329"}],"version-history":[{"count":2,"href":"https:\/\/infotep.com.ar\/index.php\/wp-json\/wp\/v2\/posts\/29329\/revisions"}],"predecessor-version":[{"id":29334,"href":"https:\/\/infotep.com.ar\/index.php\/wp-json\/wp\/v2\/posts\/29329\/revisions\/29334"}],"wp:featuredmedia":[{"embeddable":true,"href":"https:\/\/infotep.com.ar\/index.php\/wp-json\/wp\/v2\/media\/29332"}],"wp:attachment":[{"href":"https:\/\/infotep.com.ar\/index.php\/wp-json\/wp\/v2\/media?parent=29329"}],"wp:term":[{"taxonomy":"category","embeddable":true,"href":"https:\/\/infotep.com.ar\/index.php\/wp-json\/wp\/v2\/categories?post=29329"},{"taxonomy":"post_tag","embeddable":true,"href":"https:\/\/infotep.com.ar\/index.php\/wp-json\/wp\/v2\/tags?post=29329"}],"curies":[{"name":"wp","href":"https:\/\/api.w.org\/{rel}","templated":true}]}}