{"id":29348,"date":"2025-11-07T01:06:51","date_gmt":"2025-11-07T04:06:51","guid":{"rendered":"https:\/\/infotep.com.ar\/?p=29348"},"modified":"2025-11-07T01:06:52","modified_gmt":"2025-11-07T04:06:52","slug":"moron-cierre-del-ciclo-2025-de-la-escuela-municipal-de-danzas-jose-neglia","status":"publish","type":"post","link":"https:\/\/infotep.com.ar\/index.php\/2025\/11\/07\/moron-cierre-del-ciclo-2025-de-la-escuela-municipal-de-danzas-jose-neglia\/","title":{"rendered":"Mor\u00f3n: cierre del ciclo 2025 de la Escuela Municipal de Danzas \u201cJos\u00e9 Neglia\u201d"},"content":{"rendered":"\n<p>M\u00e1s de 1300 estudiantes participaron del espect\u00e1culo de fin de a\u00f1o, donde toda la comunidad pudo disfrutar del talento, la dedicaci\u00f3n y el compromiso que caracterizan a la instituci\u00f3n.<\/p>\n\n\n\n<p>La Escuela Municipal de Danzas \u201cJos\u00e9 Neglia\u201d de Mor\u00f3n realiz\u00f3 su tradicional cierre anual con una gran presentaci\u00f3n en el Teatro Municipal \u201cEnrique Santos Disc\u00e9polo\u201d, de Merlo. El evento reuni\u00f3 a estudiantes de todas las edades, desde ni\u00f1as y ni\u00f1os hasta personas adultas mayores, que compartieron sobre el escenario su pasi\u00f3n por la danza y el arte.<\/p>\n\n\n\n<p>Los distintos cuadros coreogr\u00e1ficos reflejaron los proyectos integrales desarrollados a lo largo del a\u00f1o y fueron el resultado del trabajo conjunto de estudiantes, autoridades educativas, docentes y familias, quienes hicieron posible esta gran puesta en escena.<\/p>\n\n\n\n<p><strong>La Escuela \u201cJos\u00e9 Neglia\u201d es la \u00fanica instituci\u00f3n p\u00fablica y gratuita del conurbano bonaerense orientada a la danza cl\u00e1sica, folkl\u00f3rica y al tango. Desde all\u00ed, se acompa\u00f1a a ni\u00f1as, ni\u00f1os y personas adultas en su formaci\u00f3n e incursi\u00f3n en el mundo de la danza y el arte.<\/strong><\/p>\n\n\n\n<p><\/p>\n","protected":false},"excerpt":{"rendered":"<p>M&aacute;s de 1300 estudiantes participaron del espect&aacute;culo de fin de a&ntilde;o, donde toda la comunidad pudo disfrutar del talento, la dedicaci&oacute;n y el compromiso que caracterizan a la instituci&oacute;n. La Escuela Municipal de Danzas &ldquo;Jos&eacute; Neglia&rdquo; de Mor&oacute;n realiz&oacute; su tradicional cierre anual con una gran presentaci&oacute;n en el Teatro Municipal &ldquo;Enrique Santos Disc&eacute;polo&rdquo;, de &hellip; <\/p>\n","protected":false},"author":5,"featured_media":29349,"comment_status":"closed","ping_status":"closed","sticky":false,"template":"","format":"standard","meta":{"om_disable_all_campaigns":false,"_joinchat":[]},"categories":[9],"tags":[46,43,569],"featured_image_urls":{"full":["https:\/\/infotep.com.ar\/wp-content\/uploads\/2025\/11\/cierre-neglia-2025-4.jpeg",1000,667,false],"thumbnail":["https:\/\/infotep.com.ar\/wp-content\/uploads\/2025\/11\/cierre-neglia-2025-4-150x150.jpeg",150,150,true],"medium":["https:\/\/infotep.com.ar\/wp-content\/uploads\/2025\/11\/cierre-neglia-2025-4-300x200.jpeg",300,200,true],"medium_large":["https:\/\/infotep.com.ar\/wp-content\/uploads\/2025\/11\/cierre-neglia-2025-4-768x512.jpeg",768,512,true],"large":["https:\/\/infotep.com.ar\/wp-content\/uploads\/2025\/11\/cierre-neglia-2025-4.jpeg",1000,667,false],"1536x1536":["https:\/\/infotep.com.ar\/wp-content\/uploads\/2025\/11\/cierre-neglia-2025-4.jpeg",1000,667,false],"2048x2048":["https:\/\/infotep.com.ar\/wp-content\/uploads\/2025\/11\/cierre-neglia-2025-4.jpeg",1000,667,false],"blossom-feminine-slider":["https:\/\/infotep.com.ar\/wp-content\/uploads\/2025\/11\/cierre-neglia-2025-4-1000x649.jpeg",1000,649,true],"blossom-feminine-featured":["https:\/\/infotep.com.ar\/wp-content\/uploads\/2025\/11\/cierre-neglia-2025-4-1000x600.jpeg",1000,600,true],"blossom-feminine-with-sidebar":["https:\/\/infotep.com.ar\/wp-content\/uploads\/2025\/11\/cierre-neglia-2025-4-1000x600.jpeg",1000,600,true],"blossom-feminine-blog":["https:\/\/infotep.com.ar\/wp-content\/uploads\/2025\/11\/cierre-neglia-2025-4-435x435.jpeg",435,435,true],"blossom-feminine-cat":["https:\/\/infotep.com.ar\/wp-content\/uploads\/2025\/11\/cierre-neglia-2025-4-450x300.jpeg",450,300,true],"blossom-feminine-related":["https:\/\/infotep.com.ar\/wp-content\/uploads\/2025\/11\/cierre-neglia-2025-4-320x200.jpeg",320,200,true],"blossom-feminine-schema":["https:\/\/infotep.com.ar\/wp-content\/uploads\/2025\/11\/cierre-neglia-2025-4-90x60.jpeg",90,60,true],"blossom-mommy-blog-slider-big":["https:\/\/infotep.com.ar\/wp-content\/uploads\/2025\/11\/cierre-neglia-2025-4-920x650.jpeg",920,650,true],"blossom-mommy-blog-slider":["https:\/\/infotep.com.ar\/wp-content\/uploads\/2025\/11\/cierre-neglia-2025-4-460x310.jpeg",460,310,true],"blossom-mommy-blog-two":["https:\/\/infotep.com.ar\/wp-content\/uploads\/2025\/11\/cierre-neglia-2025-4-768x480.jpeg",768,480,true]},"author_info":{"info":["Angela Tobar"]},"category_info":"<a href=\"https:\/\/infotep.com.ar\/index.php\/category\/municipales\/moron\/\" rel=\"category tag\">Mor\u00f3n<\/a>","tag_info":"Mor\u00f3n","comment_count":"0","_links":{"self":[{"href":"https:\/\/infotep.com.ar\/index.php\/wp-json\/wp\/v2\/posts\/29348"}],"collection":[{"href":"https:\/\/infotep.com.ar\/index.php\/wp-json\/wp\/v2\/posts"}],"about":[{"href":"https:\/\/infotep.com.ar\/index.php\/wp-json\/wp\/v2\/types\/post"}],"author":[{"embeddable":true,"href":"https:\/\/infotep.com.ar\/index.php\/wp-json\/wp\/v2\/users\/5"}],"replies":[{"embeddable":true,"href":"https:\/\/infotep.com.ar\/index.php\/wp-json\/wp\/v2\/comments?post=29348"}],"version-history":[{"count":1,"href":"https:\/\/infotep.com.ar\/index.php\/wp-json\/wp\/v2\/posts\/29348\/revisions"}],"predecessor-version":[{"id":29350,"href":"https:\/\/infotep.com.ar\/index.php\/wp-json\/wp\/v2\/posts\/29348\/revisions\/29350"}],"wp:featuredmedia":[{"embeddable":true,"href":"https:\/\/infotep.com.ar\/index.php\/wp-json\/wp\/v2\/media\/29349"}],"wp:attachment":[{"href":"https:\/\/infotep.com.ar\/index.php\/wp-json\/wp\/v2\/media?parent=29348"}],"wp:term":[{"taxonomy":"category","embeddable":true,"href":"https:\/\/infotep.com.ar\/index.php\/wp-json\/wp\/v2\/categories?post=29348"},{"taxonomy":"post_tag","embeddable":true,"href":"https:\/\/infotep.com.ar\/index.php\/wp-json\/wp\/v2\/tags?post=29348"}],"curies":[{"name":"wp","href":"https:\/\/api.w.org\/{rel}","templated":true}]}}