{"id":29366,"date":"2025-11-07T01:26:38","date_gmt":"2025-11-07T04:26:38","guid":{"rendered":"https:\/\/infotep.com.ar\/?p=29366"},"modified":"2025-11-07T01:26:39","modified_gmt":"2025-11-07T04:26:39","slug":"milei-desde-miami-vamos-a-hacer-argentina-y-america-great-again-con-un-gran-consenso-capitalista","status":"publish","type":"post","link":"https:\/\/infotep.com.ar\/index.php\/2025\/11\/07\/milei-desde-miami-vamos-a-hacer-argentina-y-america-great-again-con-un-gran-consenso-capitalista\/","title":{"rendered":"Milei desde Miami: \u201cVamos a hacer Argentina y Am\u00e9rica Great Again\u201d con \u201cun gran consenso capitalista\u201d"},"content":{"rendered":"\n<p>Pidi\u00f3 a la comunidad estadounidense \u201cno dejarse intimidar por algunos resultados locales\u201d, en referencia a la victoria de Zohran Mamdani en Nueva York.<br><br><strong>El presidente Javier Milei expuso en el American Business Forum en Miami, donde agradeci\u00f3 a su &#8220;amigo&#8221; Donald Trump y asegur\u00f3: &#8220;Absolutamente que vamos a hacer Argentina y Am\u00e9rica Great Again. Y no se dejen intimidar por algunos resultados locales&#8221;.<\/strong><\/p>\n\n\n\n<p>En un discurso con fuerte tono ideol\u00f3gico, el mandatario convoc\u00f3 a formar &#8220;un gran consenso capitalista en Argentina&#8221; y una &#8220;gran coalici\u00f3n del crecimiento&#8221;.<\/p>\n\n\n\n<p>Milei dedic\u00f3 la mayor parte de su intervenci\u00f3n a una defensa moral del capitalismo, criticando la intervenci\u00f3n estatal. Afirm\u00f3 que el Estado se expande bajo la excusa de la &#8220;justicia social&#8221; hasta llegar al &#8220;control total&#8221;, es decir, el &#8220;comunismo&#8221;. &#8220;El capitalismo no es mal alguno, sino que es la forma que toma la verdadera justicia en este mundo&#8221;, sentenci\u00f3.<\/p>\n\n\n\n<p>Sostuvo que el sistema capitalista &#8220;no solo es m\u00e1s productivo, sino que es el \u00fanico que est\u00e1 de mano de la moral y de la \u00e9tica, no como el sistema asesino de ellos&#8221;.<\/p>\n\n\n\n<p>El presidente celebr\u00f3 la &#8220;victoria hist\u00f3rica en las elecciones legislativas&#8221; , asegurando que &#8220;dos de cada tres argentinos no quieren volver al pasado, ya no quieren m\u00e1s socialismo del siglo XXI, ya se dieron cuenta de la mentira&#8221;.<\/p>\n\n\n\n<p>Culp\u00f3 a la oposici\u00f3n por los &#8220;meses muy duros&#8221; previos, denunciando un &#8220;golpe econ\u00f3mico que la oposici\u00f3n intent\u00f3 llevar a cabo desde el congreso&#8221; que &#8220;ralentiz\u00f3&#8221; la econom\u00eda.<\/p>\n\n\n\n<p>En esa l\u00ednea, Milei destac\u00f3 la reacci\u00f3n del mercado tras los comicios: &#8220;El mercado argentino, tuvo su mayor suba hist\u00f3rica en un d\u00eda, su mayor suba hist\u00f3rica en una semana y sigue subiendo&#8221; , y el riesgo pa\u00eds baj\u00f3 &#8220;m\u00e1s de 400 puntos&#8221;.<\/p>\n\n\n\n<p>Atribuy\u00f3 la volatilidad previa al &#8220;riesgo kuka, o sea el riesgo kirchnerista, o sea el riesgo del socialismo&#8221; , y mencion\u00f3 que el socialismo &#8220;en alg\u00fan lugar de la costa Este ha entrado. Se disfrazan de corderos y son peor que el peor de los rapaces lobos&#8221;.<\/p>\n\n\n\n<p>Milei afirm\u00f3 que su plan de estabilizaci\u00f3n tuvo &#8220;consenso social, s\u00ed, pero sin consenso pol\u00edtico&#8221;.<\/p>\n\n\n\n<p>&#8220;Tenemos la vocaci\u00f3n de alinear a todos los actores pro-capitalistas del pa\u00eds que representan al menos dos tercios de nuestra sociedad&#8221;, remarc\u00f3.<\/p>\n\n\n\n<p><strong>Anunci\u00f3 que a partir de diciembre tendr\u00e1n &#8220;el congreso m\u00e1s reformista de la historia argentina&#8221; , asegurando que ya cuentan &#8220;con el tercio necesario para sostener nuestros decretos y vetos&#8221; y que buscar\u00e1n mayor\u00eda para una &#8220;modernizaci\u00f3n laboral&#8221; , &#8220;baja de impuestos&#8221; y reformas penales. &#8220;En Argentina, el que las hace, las paga&#8221;.<\/strong><\/p>\n\n\n\n<p>Finalmente, el presidente agradeci\u00f3 a la administraci\u00f3n Trump &#8220;por haber alcanzado un acuerdo por la cuota de carne argentina, cuatro veces superior al anterior&#8221; y cerr\u00f3 su discurso con las arengas: &#8220;\u00a1Viva la libertad carajo! \u00a1Make America Great Again!&#8221;.<\/p>\n","protected":false},"excerpt":{"rendered":"<p>Pidi&oacute; a la comunidad estadounidense &ldquo;no dejarse intimidar por algunos resultados locales&rdquo;, en referencia a la victoria de Zohran Mamdani en Nueva York. El presidente Javier Milei expuso en el American Business Forum en Miami, donde agradeci&oacute; a su &ldquo;amigo&rdquo; Donald Trump y asegur&oacute;: &ldquo;Absolutamente que vamos a hacer Argentina y Am&eacute;rica Great Again. Y &hellip; <\/p>\n","protected":false},"author":5,"featured_media":28418,"comment_status":"closed","ping_status":"closed","sticky":false,"template":"","format":"standard","meta":{"om_disable_all_campaigns":false,"_joinchat":[]},"categories":[3],"tags":[46,43,569],"featured_image_urls":{"full":["https:\/\/infotep.com.ar\/wp-content\/uploads\/2025\/10\/milei.webp",1079,720,false],"thumbnail":["https:\/\/infotep.com.ar\/wp-content\/uploads\/2025\/10\/milei-150x150.webp",150,150,true],"medium":["https:\/\/infotep.com.ar\/wp-content\/uploads\/2025\/10\/milei-300x200.webp",300,200,true],"medium_large":["https:\/\/infotep.com.ar\/wp-content\/uploads\/2025\/10\/milei-768x512.webp",768,512,true],"large":["https:\/\/infotep.com.ar\/wp-content\/uploads\/2025\/10\/milei-1024x683.webp",1020,680,true],"1536x1536":["https:\/\/infotep.com.ar\/wp-content\/uploads\/2025\/10\/milei.webp",1079,720,false],"2048x2048":["https:\/\/infotep.com.ar\/wp-content\/uploads\/2025\/10\/milei.webp",1079,720,false],"blossom-feminine-slider":["https:\/\/infotep.com.ar\/wp-content\/uploads\/2025\/10\/milei-1079x649.webp",1079,649,true],"blossom-feminine-featured":["https:\/\/infotep.com.ar\/wp-content\/uploads\/2025\/10\/milei-1079x600.webp",1079,600,true],"blossom-feminine-with-sidebar":["https:\/\/infotep.com.ar\/wp-content\/uploads\/2025\/10\/milei-1020x600.webp",1020,600,true],"blossom-feminine-blog":["https:\/\/infotep.com.ar\/wp-content\/uploads\/2025\/10\/milei-435x435.webp",435,435,true],"blossom-feminine-cat":["https:\/\/infotep.com.ar\/wp-content\/uploads\/2025\/10\/milei-450x300.webp",450,300,true],"blossom-feminine-related":["https:\/\/infotep.com.ar\/wp-content\/uploads\/2025\/10\/milei-320x200.webp",320,200,true],"blossom-feminine-schema":["https:\/\/infotep.com.ar\/wp-content\/uploads\/2025\/10\/milei-90x60.webp",90,60,true],"blossom-mommy-blog-slider-big":["https:\/\/infotep.com.ar\/wp-content\/uploads\/2025\/10\/milei-920x650.webp",920,650,true],"blossom-mommy-blog-slider":["https:\/\/infotep.com.ar\/wp-content\/uploads\/2025\/10\/milei-460x310.webp",460,310,true],"blossom-mommy-blog-two":["https:\/\/infotep.com.ar\/wp-content\/uploads\/2025\/10\/milei-768x480.webp",768,480,true]},"author_info":{"info":["Angela Tobar"]},"category_info":"<a href=\"https:\/\/infotep.com.ar\/index.php\/category\/nacionales\/\" rel=\"category tag\">Nacionales<\/a>","tag_info":"Nacionales","comment_count":"0","_links":{"self":[{"href":"https:\/\/infotep.com.ar\/index.php\/wp-json\/wp\/v2\/posts\/29366"}],"collection":[{"href":"https:\/\/infotep.com.ar\/index.php\/wp-json\/wp\/v2\/posts"}],"about":[{"href":"https:\/\/infotep.com.ar\/index.php\/wp-json\/wp\/v2\/types\/post"}],"author":[{"embeddable":true,"href":"https:\/\/infotep.com.ar\/index.php\/wp-json\/wp\/v2\/users\/5"}],"replies":[{"embeddable":true,"href":"https:\/\/infotep.com.ar\/index.php\/wp-json\/wp\/v2\/comments?post=29366"}],"version-history":[{"count":1,"href":"https:\/\/infotep.com.ar\/index.php\/wp-json\/wp\/v2\/posts\/29366\/revisions"}],"predecessor-version":[{"id":29367,"href":"https:\/\/infotep.com.ar\/index.php\/wp-json\/wp\/v2\/posts\/29366\/revisions\/29367"}],"wp:featuredmedia":[{"embeddable":true,"href":"https:\/\/infotep.com.ar\/index.php\/wp-json\/wp\/v2\/media\/28418"}],"wp:attachment":[{"href":"https:\/\/infotep.com.ar\/index.php\/wp-json\/wp\/v2\/media?parent=29366"}],"wp:term":[{"taxonomy":"category","embeddable":true,"href":"https:\/\/infotep.com.ar\/index.php\/wp-json\/wp\/v2\/categories?post=29366"},{"taxonomy":"post_tag","embeddable":true,"href":"https:\/\/infotep.com.ar\/index.php\/wp-json\/wp\/v2\/tags?post=29366"}],"curies":[{"name":"wp","href":"https:\/\/api.w.org\/{rel}","templated":true}]}}