{"id":29468,"date":"2025-11-12T13:07:13","date_gmt":"2025-11-12T16:07:13","guid":{"rendered":"https:\/\/infotep.com.ar\/?p=29468"},"modified":"2025-11-12T13:07:13","modified_gmt":"2025-11-12T16:07:13","slug":"haedo-celebra-un-nuevo-aniversario-con-actividades-culturales","status":"publish","type":"post","link":"https:\/\/infotep.com.ar\/index.php\/2025\/11\/12\/haedo-celebra-un-nuevo-aniversario-con-actividades-culturales\/","title":{"rendered":"Haedo celebra un nuevo aniversario con actividades culturales"},"content":{"rendered":"\n<p>La localidad festeja su 136\u00b0 aniversario con un fin de semana lleno de propuestas culturales. Durante todo el fin de semana habr\u00e1 cine, m\u00fasica, ferias y propuestas gastron\u00f3micas.<\/p>\n\n\n\n<p>En el marco de los festejos por este nuevo aniversario, vecinas y vecinos podr\u00e1n disfrutar de tres jornadas a puro cine, m\u00fasica y actividades para toda la familia. Habr\u00e1 proyecciones de pel\u00edculas de terror, un desfile zombi, ferias tem\u00e1ticas y shows en vivo.<\/p>\n\n\n\n<p>Las actividades comenzar\u00e1n el viernes con el Viva Fest en la Plaza San Mart\u00edn (Maip\u00fa y Raspanti),. Se podr\u00e1n disfrutar de propuestas gastron\u00f3micas, juegos para ni\u00f1os y ni\u00f1as y presentaciones musicales que se extender\u00e1n hasta el domingo.<\/p>\n\n\n\n<p>El s\u00e1bado 15, las actividades comenzar\u00e1n a las 15 hs en Estrada 17, Haedo, con la proyecci\u00f3n de \u201cUn mill\u00f3n de zombies: La historia de Plaga Zombie\u201d (2022) de Camilo de Cabo y Nicanor Loreti, seguida por \u201cCuando acecha la maldad\u201d (2023), con la presencia de su director Demi\u00e1n Rugna y parte del elenco. La entrada es libre y gratuita, con capacidad limitada.<\/p>\n\n\n\n<p>A partir de las 18.30 hs, los y las vecinas podr\u00e1n participar de<strong>l Zombie Walk Haedo<\/strong>, una caminata de zombies y cosplayers que partir\u00e1 desde la UGC N\u00b02 hasta la Plaza San Mart\u00edn. Quienes se acerquen podr\u00e1n pasar por el stand del Municipio para completar su look y sumarse al desfile.<\/p>\n\n\n\n<p>Desde las 19 hs, la jornada continuar\u00e1 con una feria tem\u00e1tica de terror, feria artesanal, camiones de comida y bebida, y shows en vivo de las bandas Nasty Neighbours, Mentolados, Tortura y Pasco.<\/p>\n\n\n\n<p>Por su parte, el domingo 16 de noviembre, la Plaza San Mart\u00edn ser\u00e1 nuevamente escenario de m\u00fasica y cultura local, con la presentaci\u00f3n de la Orquesta Criolla de la ETTArF, la Banda de Sikuris, los Coros de Tu Barrio, ASM y Mor\u00f3n Canta.<\/p>\n\n\n\n<p><strong>Cabe destacar que Haedo es reconocida como la Capital Nacional del Cine de Terror, ya que, seg\u00fan el director Demi\u00e1n Rugna, en la localidad se filmaron todas las pel\u00edculas de Plaga Zombie, la primera saga argentina del g\u00e9nero realizada de forma independiente, considerada de culto y reconocida a nivel mundial. Adem\u00e1s, gran parte de sus obras cinematogr\u00e1ficas, incluido su \u00faltimo \u00e9xito, fueron rodadas en las calles de Haedo.<\/strong><\/p>\n\n\n\n<p>La localidad lleva el nombre de Mariano Francisco Haedo (1816\/1886), quien fue el presidente de la Comisi\u00f3n Directiva del Ferrocarril del Oeste, director del Banco Provincia y senador de la provincia de Buenos Aires, y falleci\u00f3 cuatro meses antes de la inauguraci\u00f3n de la primera estaci\u00f3n de la localidad. Por eso, el Gobierno provincial decidi\u00f3 homenajearlo d\u00e1ndole su nombre, incluso antes de ser inaugurada.<\/p>\n\n\n\n<p>Adem\u00e1s, es la \u00fanica localidad del partido de Mor\u00f3n que cuenta con una fundaci\u00f3n aprobada por la Provincia de Buenos Aires. Durante 1888, Pedro del Carril, Nemesio Escobedo y Francisco Saforcada proyectaron la traza del pueblo, gestionaron la autorizaci\u00f3n ante la Gobernaci\u00f3n y organizaron un nuevo loteo, con m\u00e1s de 400 ventas registradas. La piedra fundamental se coloc\u00f3 el 11 de noviembre de 1889 en la actual Plaza San Mart\u00edn.<\/p>\n\n\n\n<p>A\u00f1os m\u00e1s tarde, el 12 de noviembre de 1964, Haedo fue declarada ciudad por la Ley Provincial 6933, tras un proyecto impulsado en la Legislatura bonaerense por el senador radical Macho Vidal, vecino de Villa Sarmiento.<\/p>\n","protected":false},"excerpt":{"rendered":"<p>La localidad festeja su 136&deg; aniversario con un fin de semana lleno de propuestas culturales. Durante todo el fin de semana habr&aacute; cine, m&uacute;sica, ferias y propuestas gastron&oacute;micas. En el marco de los festejos por este nuevo aniversario, vecinas y vecinos podr&aacute;n disfrutar de tres jornadas a puro cine, m&uacute;sica y actividades para toda la &hellip; <\/p>\n","protected":false},"author":5,"featured_media":29469,"comment_status":"closed","ping_status":"closed","sticky":false,"template":"","format":"standard","meta":{"om_disable_all_campaigns":false,"_joinchat":[]},"categories":[9],"tags":[46,43,569],"featured_image_urls":{"full":["https:\/\/infotep.com.ar\/wp-content\/uploads\/2025\/11\/haedo.jpg",1024,768,false],"thumbnail":["https:\/\/infotep.com.ar\/wp-content\/uploads\/2025\/11\/haedo-150x150.jpg",150,150,true],"medium":["https:\/\/infotep.com.ar\/wp-content\/uploads\/2025\/11\/haedo-300x225.jpg",300,225,true],"medium_large":["https:\/\/infotep.com.ar\/wp-content\/uploads\/2025\/11\/haedo-768x576.jpg",768,576,true],"large":["https:\/\/infotep.com.ar\/wp-content\/uploads\/2025\/11\/haedo.jpg",1020,765,false],"1536x1536":["https:\/\/infotep.com.ar\/wp-content\/uploads\/2025\/11\/haedo.jpg",1024,768,false],"2048x2048":["https:\/\/infotep.com.ar\/wp-content\/uploads\/2025\/11\/haedo.jpg",1024,768,false],"blossom-feminine-slider":["https:\/\/infotep.com.ar\/wp-content\/uploads\/2025\/11\/haedo-1024x649.jpg",1024,649,true],"blossom-feminine-featured":["https:\/\/infotep.com.ar\/wp-content\/uploads\/2025\/11\/haedo-1024x600.jpg",1024,600,true],"blossom-feminine-with-sidebar":["https:\/\/infotep.com.ar\/wp-content\/uploads\/2025\/11\/haedo-1020x600.jpg",1020,600,true],"blossom-feminine-blog":["https:\/\/infotep.com.ar\/wp-content\/uploads\/2025\/11\/haedo-435x435.jpg",435,435,true],"blossom-feminine-cat":["https:\/\/infotep.com.ar\/wp-content\/uploads\/2025\/11\/haedo-450x300.jpg",450,300,true],"blossom-feminine-related":["https:\/\/infotep.com.ar\/wp-content\/uploads\/2025\/11\/haedo-320x200.jpg",320,200,true],"blossom-feminine-schema":["https:\/\/infotep.com.ar\/wp-content\/uploads\/2025\/11\/haedo-80x60.jpg",80,60,true],"blossom-mommy-blog-slider-big":["https:\/\/infotep.com.ar\/wp-content\/uploads\/2025\/11\/haedo-920x650.jpg",920,650,true],"blossom-mommy-blog-slider":["https:\/\/infotep.com.ar\/wp-content\/uploads\/2025\/11\/haedo-460x310.jpg",460,310,true],"blossom-mommy-blog-two":["https:\/\/infotep.com.ar\/wp-content\/uploads\/2025\/11\/haedo-768x480.jpg",768,480,true]},"author_info":{"info":["Angela Tobar"]},"category_info":"<a href=\"https:\/\/infotep.com.ar\/index.php\/category\/municipales\/moron\/\" rel=\"category tag\">Mor\u00f3n<\/a>","tag_info":"Mor\u00f3n","comment_count":"0","_links":{"self":[{"href":"https:\/\/infotep.com.ar\/index.php\/wp-json\/wp\/v2\/posts\/29468"}],"collection":[{"href":"https:\/\/infotep.com.ar\/index.php\/wp-json\/wp\/v2\/posts"}],"about":[{"href":"https:\/\/infotep.com.ar\/index.php\/wp-json\/wp\/v2\/types\/post"}],"author":[{"embeddable":true,"href":"https:\/\/infotep.com.ar\/index.php\/wp-json\/wp\/v2\/users\/5"}],"replies":[{"embeddable":true,"href":"https:\/\/infotep.com.ar\/index.php\/wp-json\/wp\/v2\/comments?post=29468"}],"version-history":[{"count":1,"href":"https:\/\/infotep.com.ar\/index.php\/wp-json\/wp\/v2\/posts\/29468\/revisions"}],"predecessor-version":[{"id":29470,"href":"https:\/\/infotep.com.ar\/index.php\/wp-json\/wp\/v2\/posts\/29468\/revisions\/29470"}],"wp:featuredmedia":[{"embeddable":true,"href":"https:\/\/infotep.com.ar\/index.php\/wp-json\/wp\/v2\/media\/29469"}],"wp:attachment":[{"href":"https:\/\/infotep.com.ar\/index.php\/wp-json\/wp\/v2\/media?parent=29468"}],"wp:term":[{"taxonomy":"category","embeddable":true,"href":"https:\/\/infotep.com.ar\/index.php\/wp-json\/wp\/v2\/categories?post=29468"},{"taxonomy":"post_tag","embeddable":true,"href":"https:\/\/infotep.com.ar\/index.php\/wp-json\/wp\/v2\/tags?post=29468"}],"curies":[{"name":"wp","href":"https:\/\/api.w.org\/{rel}","templated":true}]}}