{"id":29531,"date":"2025-11-14T11:41:58","date_gmt":"2025-11-14T14:41:58","guid":{"rendered":"https:\/\/infotep.com.ar\/?p=29531"},"modified":"2025-11-14T11:41:59","modified_gmt":"2025-11-14T14:41:59","slug":"se-presento-el-programa-bonaerense-de-microcertificaciones","status":"publish","type":"post","link":"https:\/\/infotep.com.ar\/index.php\/2025\/11\/14\/se-presento-el-programa-bonaerense-de-microcertificaciones\/","title":{"rendered":"Se present\u00f3 el Programa Bonaerense de Microcertificaciones"},"content":{"rendered":"\n<p>Junto a universidades nacionales y la UNESCO, la Provincia lanz\u00f3 la iniciativa que busca crear mecanismos destinados a certificar distintas trayectorias formativas ajustadas a las necesidades de desarrollo de la provincia y el pa\u00eds.<\/p>\n\n\n\n<p>Autoridades del Gobierno de la Provincia de Buenos Aires pusieron en marcha hoy el Programa Bonaerense de Microcertificaciones, a trav\u00e9s del cual se impulsar\u00e1n trayectorias formativas espec\u00edficas y flexibles que se ajusten a las necesidades de desarrollo de la provincia, en particular, y de la Argentina en general. En la presentaci\u00f3n tambi\u00e9n participaron autoridades universitarias y representantes de organismos nacionales.<\/p>\n\n\n\n<p>Las microcertificaciones son una herramienta innovadora que permite certificar saberes espec\u00edficos, validar habilidades adquiridas en distintos \u00e1mbitos y construir ofertas acad\u00e9micas m\u00e1s flexibles e inclusivas. En este marco, el Programa Bonaerense de Microcertificaciones contempla, en primer lugar, una l\u00ednea de financiamiento no reintegrable a universidades con asiento en la provincia con el fin de adquirir infraestructura tecnol\u00f3gica necesaria para implementar sistemas de certificaci\u00f3n digital por blockchain.<\/p>\n\n\n\n<p>En segundo lugar, se crear\u00e1 una red integrada por las universidades p\u00fablicas de todo el pa\u00eds mediante el lanzamiento de dos diplomaturas universitarias especializadas: por un lado, la Diplomatura en Dise\u00f1o y Gesti\u00f3n de Microcertificaciones, destinada a equipos acad\u00e9micos y de gesti\u00f3n; por otro lado, la Diplomatura en Gesti\u00f3n de Certificaci\u00f3n Digital, dirigida a equipos t\u00e9cnicos y de registros.<\/p>\n\n\n\n<p>Por \u00faltimo, se incorporar\u00e1 un m\u00f3dulo espec\u00edfico sobre gesti\u00f3n y promoci\u00f3n de microcertificaciones en la segunda cohorte de la Diplomatura de Gesti\u00f3n de Centros Universitarios del Programa Puentes, con el objetivo de capacitar a los coordinadores de los centros para que act\u00faen como nodos articuladores entre las demandas locales y la oferta universitaria en todo el territorio bonaerense.<\/p>\n\n\n\n<p>En el marco de la presentaci\u00f3n, el subsecretario de Relaciones Internacionales e Interjurisdiccionales de la provincia, Juan Manuel Pad\u00edn, afirm\u00f3: \u201cEl Programa Bonaerense de Microcredenciales expresa nuevamente el compromiso del Gobierno de la Provincia con el fortalecimiento del sistema universitario, as\u00ed como la decisi\u00f3n de profundizar la articulaci\u00f3n entre la educaci\u00f3n, el mundo de la producci\u00f3n y el trabajo y el desarrollo territorial. Tambi\u00e9n constituye una invitaci\u00f3n a seguir trabajando en conjunto para abordar los desaf\u00edos y oportunidades que plantean las nuevas tecnolog\u00edas en el campo educativo\u201d.<\/p>\n\n\n\n<p>En el encuentro, realizado en la sede de la Comisi\u00f3n de Investigaciones Cient\u00edficas de la Provincia de Buenos Aires, participaron tambi\u00e9n el director ejecutivo del Consejo Provincial de Coordinaci\u00f3n con el Sistema Universitario y Cient\u00edfico, Alejandro Villar, el coordinador del Programa Puentes, Juan Brardinelli, el subsecretario de Educaci\u00f3n de la provincia de Buenos Aires, Pablo Urquiza, y el director de la Oficina Regional de la UNESCO en Montevideo, Ernesto Fern\u00e1ndez Polcuch.<\/p>\n\n\n\n<p>Por parte de las universidades, estuvieron presentes los rectores de la Universidad Nacional Arturo Jauretche, Arnaldo Medina (rector) y Ernesto Villanueva (rector em\u00e9rito); Universidad Nacional de Quilmes, Alejandra Zinni; Universidad Tecnol\u00f3gica Nacional, Rub\u00e9n Soro; Universidad Nacional Guillermo Brown, Pablo Mat\u00edas Domenichini; Universidad Nacional de La Plata, Mart\u00edn An\u00edbal L\u00f3pez Armengol; Universidad Nacional del Centro de la Provincia de Buenos Aires, Marcelo Alfredo Aba; Universidad Nacional de Avellaneda, Jorge Calzoni; Universidad Pedag\u00f3gica Nacional, Carlos Rodr\u00edguez; Universidad Nacional del Oeste, Roberto Jes\u00fas Gallo; Universidad Provincial del Sudoeste, Andrea Savoretti; Universidad Provincial de Ezeiza, Daniel Galli; e Instituto Universitario Vucetich, Gonzalo Diego Garc\u00eda.<\/p>\n\n\n\n<p>Tambi\u00e9n participaron autoridades de la Universidad de Buenos Aires, Universidad Nacional de San Mart\u00edn, Universidad Tecnol\u00f3gica Nacional Facultad Regional La Plata, Universidad Nacional de General Sarmiento, Universidad Nacional de Lan\u00fas, Universidad Nacional de Tres de Febrero, Universidad Nacional de Lomas de Zamora, Universidad Nacional de San Antonio de Areco, Universidad Nacional de Hurlingham, Universidad Nacional de Moreno y Universidad Nacional de las Artes.<\/p>\n","protected":false},"excerpt":{"rendered":"<p>Junto a universidades nacionales y la UNESCO, la Provincia lanz&oacute; la iniciativa que busca crear mecanismos destinados a certificar distintas trayectorias formativas ajustadas a las necesidades de desarrollo de la provincia y el pa&iacute;s. Autoridades del Gobierno de la Provincia de Buenos Aires pusieron en marcha hoy el Programa Bonaerense de Microcertificaciones, a trav&eacute;s del &hellip; <\/p>\n","protected":false},"author":5,"featured_media":29532,"comment_status":"closed","ping_status":"closed","sticky":false,"template":"","format":"standard","meta":{"om_disable_all_campaigns":false,"_joinchat":[]},"categories":[4,6],"tags":[46,43,569],"featured_image_urls":{"full":["https:\/\/infotep.com.ar\/wp-content\/uploads\/2025\/11\/foto_26.jpeg",743,530,false],"thumbnail":["https:\/\/infotep.com.ar\/wp-content\/uploads\/2025\/11\/foto_26-150x150.jpeg",150,150,true],"medium":["https:\/\/infotep.com.ar\/wp-content\/uploads\/2025\/11\/foto_26-300x214.jpeg",300,214,true],"medium_large":["https:\/\/infotep.com.ar\/wp-content\/uploads\/2025\/11\/foto_26.jpeg",743,530,false],"large":["https:\/\/infotep.com.ar\/wp-content\/uploads\/2025\/11\/foto_26.jpeg",743,530,false],"1536x1536":["https:\/\/infotep.com.ar\/wp-content\/uploads\/2025\/11\/foto_26.jpeg",743,530,false],"2048x2048":["https:\/\/infotep.com.ar\/wp-content\/uploads\/2025\/11\/foto_26.jpeg",743,530,false],"blossom-feminine-slider":["https:\/\/infotep.com.ar\/wp-content\/uploads\/2025\/11\/foto_26.jpeg",743,530,false],"blossom-feminine-featured":["https:\/\/infotep.com.ar\/wp-content\/uploads\/2025\/11\/foto_26.jpeg",743,530,false],"blossom-feminine-with-sidebar":["https:\/\/infotep.com.ar\/wp-content\/uploads\/2025\/11\/foto_26.jpeg",743,530,false],"blossom-feminine-blog":["https:\/\/infotep.com.ar\/wp-content\/uploads\/2025\/11\/foto_26-435x435.jpeg",435,435,true],"blossom-feminine-cat":["https:\/\/infotep.com.ar\/wp-content\/uploads\/2025\/11\/foto_26-450x300.jpeg",450,300,true],"blossom-feminine-related":["https:\/\/infotep.com.ar\/wp-content\/uploads\/2025\/11\/foto_26-320x200.jpeg",320,200,true],"blossom-feminine-schema":["https:\/\/infotep.com.ar\/wp-content\/uploads\/2025\/11\/foto_26-84x60.jpeg",84,60,true],"blossom-mommy-blog-slider-big":["https:\/\/infotep.com.ar\/wp-content\/uploads\/2025\/11\/foto_26.jpeg",743,530,false],"blossom-mommy-blog-slider":["https:\/\/infotep.com.ar\/wp-content\/uploads\/2025\/11\/foto_26-460x310.jpeg",460,310,true],"blossom-mommy-blog-two":["https:\/\/infotep.com.ar\/wp-content\/uploads\/2025\/11\/foto_26-743x480.jpeg",743,480,true]},"author_info":{"info":["Angela Tobar"]},"category_info":"<a href=\"https:\/\/infotep.com.ar\/index.php\/category\/provinciales\/\" rel=\"category tag\">Provinciales<\/a> <a href=\"https:\/\/infotep.com.ar\/index.php\/category\/universitarias\/\" rel=\"category tag\">Universitarias<\/a>","tag_info":"Universitarias","comment_count":"0","_links":{"self":[{"href":"https:\/\/infotep.com.ar\/index.php\/wp-json\/wp\/v2\/posts\/29531"}],"collection":[{"href":"https:\/\/infotep.com.ar\/index.php\/wp-json\/wp\/v2\/posts"}],"about":[{"href":"https:\/\/infotep.com.ar\/index.php\/wp-json\/wp\/v2\/types\/post"}],"author":[{"embeddable":true,"href":"https:\/\/infotep.com.ar\/index.php\/wp-json\/wp\/v2\/users\/5"}],"replies":[{"embeddable":true,"href":"https:\/\/infotep.com.ar\/index.php\/wp-json\/wp\/v2\/comments?post=29531"}],"version-history":[{"count":1,"href":"https:\/\/infotep.com.ar\/index.php\/wp-json\/wp\/v2\/posts\/29531\/revisions"}],"predecessor-version":[{"id":29533,"href":"https:\/\/infotep.com.ar\/index.php\/wp-json\/wp\/v2\/posts\/29531\/revisions\/29533"}],"wp:featuredmedia":[{"embeddable":true,"href":"https:\/\/infotep.com.ar\/index.php\/wp-json\/wp\/v2\/media\/29532"}],"wp:attachment":[{"href":"https:\/\/infotep.com.ar\/index.php\/wp-json\/wp\/v2\/media?parent=29531"}],"wp:term":[{"taxonomy":"category","embeddable":true,"href":"https:\/\/infotep.com.ar\/index.php\/wp-json\/wp\/v2\/categories?post=29531"},{"taxonomy":"post_tag","embeddable":true,"href":"https:\/\/infotep.com.ar\/index.php\/wp-json\/wp\/v2\/tags?post=29531"}],"curies":[{"name":"wp","href":"https:\/\/api.w.org\/{rel}","templated":true}]}}