{"id":29622,"date":"2025-11-17T15:46:50","date_gmt":"2025-11-17T18:46:50","guid":{"rendered":"https:\/\/infotep.com.ar\/?p=29622"},"modified":"2025-11-17T16:51:29","modified_gmt":"2025-11-17T19:51:29","slug":"opinion-la-rebelion-de-los-intendentes","status":"publish","type":"post","link":"https:\/\/infotep.com.ar\/index.php\/2025\/11\/17\/opinion-la-rebelion-de-los-intendentes\/","title":{"rendered":"Opini\u00f3n: La Rebeli\u00f3n de los Intendentes"},"content":{"rendered":"\n<p>En la v\u00edspera del d\u00eda del militante que el peronismo festeja el 17 de noviembre por la vuelta de Per\u00f3n a la Argentina tras 17 a\u00f1os de exilio, la militancia de Ituzaing\u00f3 realiz\u00f3 un plenario en el cual se debati\u00f3 un documento presentado por Alberto Descalzo, presidente del PJ local y Pablo Descalzo actual intendente. Resaltamos los puntos m\u00e1s importantes.<\/p>\n\n\n\n<p><strong><em>Por: Rub\u00e9n Magliotti. *<\/em><\/strong><\/p>\n\n\n\n<p>El documento analiza <strong><em>el proceso electoral, los desaf\u00edos del gobierno provincial, la cr\u00edtica hacia el gobierno nacional y los desaf\u00edos de construir una alternativa de gobierno para el 2027.<\/em><\/strong><\/p>\n\n\n\n<p class=\"has-light-green-cyan-background-color has-background\">Las elecciones legislativas provinciales y nacionales<\/p>\n\n\n\n<p><strong><em>Descalzo ratifica que fue acertado el desdoblamiento electoral<\/em><\/strong>, analiza que el peronismo gana ampliamente el 7 de septiembre porque <strong><em>pudo comunicarse una propuesta electoral concreta, que representaba a los intendentes<\/em><\/strong> de cada distrito y a los bonaerenses en general.<\/p>\n\n\n\n<p><strong><em>\u201cContrariamente a los que muchos creen, el desdoblamiento fue un pedido de los intendentes al gobernador,<\/em><\/strong> tanto de los oficialistas como los de otras fuerzas pol\u00edticas y Axel supo escuchar\u201d, marc\u00f3 Alberto Descalzo cuando interven\u00eda en el plenario.<\/p>\n\n\n\n<p>En cambio, en octubre l<strong><em>a dupla Trump-Milei imparti\u00f3 una ofensiva pol\u00edtica y econ\u00f3mica de chantaje hacia la poblaci\u00f3n<\/em><\/strong>, se presentaron como <strong><em>ellos o el caos;<\/em><\/strong> con el fantasma de la inflaci\u00f3n presionando al electorado argentino.<\/p>\n\n\n\n<p>Adem\u00e1s, <strong><em>el documento denuncia la ofensiva del imperialismo norteamericano hacia los pueblos en general<\/em><\/strong>. Imponiendo la p\u00e9rdida de soberan\u00eda de los pueblos para favorecer a los intereses del mercado internacional, y en eso <strong><em>Milei encarna en la Argentina ese mismo modelo de subordinaci\u00f3n.<\/em><\/strong><\/p>\n\n\n\n<p class=\"has-light-green-cyan-background-color has-background\">El presupuesto de la provincia de Buenos Aires y el endeudamiento<\/p>\n\n\n\n<p>Por falta de apoyo de la propia bancada del partido justicialista, durante el a\u00f1o 2024 no se aprob\u00f3 el presupuesto provincial, por lo que durante este a\u00f1o se prorrog\u00f3 la vigencia del anterior.<\/p>\n\n\n\n<p><strong><em>Ahora se destaca como imprescindible que se trate el presupuesto para el 2026 y su aprobaci\u00f3n, como as\u00ed tambi\u00e9n, el endeudamiento provincial <\/em><\/strong>&nbsp;para hacer frente a la deuda que el gobierno de Mar\u00eda Eugenia Vidal les dej\u00f3 a los bonaerenses.<\/p>\n\n\n\n<p class=\"has-light-green-cyan-background-color has-background\">Las actitudes de un gobierno que discrimina a los argentinos.<\/p>\n\n\n\n<p>Tambi\u00e9n el documento analiza con una enorme preocupaci\u00f3n las actitudes del presidente Javier Milei, que luego de las elecciones, <strong><em>decidi\u00f3 no convocar a 4 provincias en las que el peronismo gobierna<\/em><\/strong>, dentro de las cuales se encuentra la provincia de Buenos Aires \u201c<strong><em>porque excluir a una provincia es excluir a su pueblo<\/em><\/strong>, y ese no es el camino de la democracia argentina\u201d, expresa el documento.<\/p>\n\n\n\n<p class=\"has-light-green-cyan-background-color has-background\">La alternativa al 2027<\/p>\n\n\n\n<p>El documento finaliza con un llamado a la construcci\u00f3n de <strong><em>una alternativa pol\u00edtica con el actual gobernador Axel Kicillof<\/em><\/strong> a la cabeza, junto al compromiso de cada intendente y la militancia.<\/p>\n\n\n\n<p class=\"has-light-green-cyan-background-color has-background\">Tel\u00e9fono para M\u00e1ximo<\/p>\n\n\n\n<p>En un momento de su intervenci\u00f3n Alberto Descalzo, hizo referencia de la <strong><em>necesidad imperiosa de las elecciones internas partidarias<\/em><\/strong>, y que cada dirigente pueda convocar en su provincia al acto electoral, \u201c<strong><em>as\u00ed, por ejemplo, que C\u00f3rdoba, Santa Fe o Santa Cruz tenga internas, y el que es de Santa Cruz que vuelva a su provincia y gane\u201d.<\/em><\/strong><\/p>\n\n\n\n<p><strong><em>El pedido de internas abiertas y participativas recibi\u00f3 el aplauso m\u00e1s fuerte de la jornada,<\/em><\/strong> pintando el \u00e1nimo de la concurrencia.<\/p>\n\n\n\n<p class=\"has-light-green-cyan-background-color has-background\">Por quien habla Descalzo<\/p>\n\n\n\n<p><strong><em>La intervenci\u00f3n de Alberto Descalzo no debe ser le\u00edda en t\u00e9rminos individuales<\/em><\/strong>, \u00e9l fue uno de los cuatro representantes designados por el gobernador Axel Kicillof para logar un acuerdo con la agrupaci\u00f3n La Campora y el Frente Renovador en el armado de las listas del 7 de septiembre. Ha sido intendente de su distrito por 28 a\u00f1os, posee relaciones con todos los intendentes bonaerenses como as\u00ed tambi\u00e9n, con los legisladores provinciales.<\/p>\n\n\n\n<p>Descalzo propugna una presencia m\u00e1s activa de los intendentes, tanto en las listas electorales como en las decisiones partidarias del PJ provincial. A pocos d\u00edas de la asunci\u00f3n de las nuevas representaciones legislativas vale preguntarse: <strong><em>\u00bfSaldr\u00e1n otros intendentes a expresarse en el mismo sentido?<\/em><\/strong>.<br><br>Descarg\u00e1 el documento en el siguiente link:<br><\/p>\n\n\n\n<div class=\"wp-block-file\"><a href=\"blob:https:\/\/infotep.com.ar\/c83c7649-3a32-45a6-9471-0c23b5b9ef5a\" class=\"wp-block-file__button wp-element-button\" download>Descarga<\/a><\/div>\n\n\n\n<p><br>*Docente, comunicador, analista pol\u00edtico.<\/p>\n","protected":false},"excerpt":{"rendered":"<p>En la v&iacute;spera del d&iacute;a del militante que el peronismo festeja el 17 de noviembre por la vuelta de Per&oacute;n a la Argentina tras 17 a&ntilde;os de exilio, la militancia de Ituzaing&oacute; realiz&oacute; un plenario en el cual se debati&oacute; un documento presentado por Alberto Descalzo, presidente del PJ local y Pablo Descalzo actual intendente. &hellip; <\/p>\n","protected":false},"author":5,"featured_media":29623,"comment_status":"closed","ping_status":"closed","sticky":false,"template":"","format":"standard","meta":{"om_disable_all_campaigns":false,"_joinchat":[]},"categories":[31,4],"tags":[46,43,569],"featured_image_urls":{"full":["https:\/\/infotep.com.ar\/wp-content\/uploads\/2025\/11\/image-1.jpg",566,234,false],"thumbnail":["https:\/\/infotep.com.ar\/wp-content\/uploads\/2025\/11\/image-1-150x150.jpg",150,150,true],"medium":["https:\/\/infotep.com.ar\/wp-content\/uploads\/2025\/11\/image-1-300x124.jpg",300,124,true],"medium_large":["https:\/\/infotep.com.ar\/wp-content\/uploads\/2025\/11\/image-1.jpg",566,234,false],"large":["https:\/\/infotep.com.ar\/wp-content\/uploads\/2025\/11\/image-1.jpg",566,234,false],"1536x1536":["https:\/\/infotep.com.ar\/wp-content\/uploads\/2025\/11\/image-1.jpg",566,234,false],"2048x2048":["https:\/\/infotep.com.ar\/wp-content\/uploads\/2025\/11\/image-1.jpg",566,234,false],"blossom-feminine-slider":["https:\/\/infotep.com.ar\/wp-content\/uploads\/2025\/11\/image-1.jpg",566,234,false],"blossom-feminine-featured":["https:\/\/infotep.com.ar\/wp-content\/uploads\/2025\/11\/image-1.jpg",566,234,false],"blossom-feminine-with-sidebar":["https:\/\/infotep.com.ar\/wp-content\/uploads\/2025\/11\/image-1.jpg",566,234,false],"blossom-feminine-blog":["https:\/\/infotep.com.ar\/wp-content\/uploads\/2025\/11\/image-1-435x234.jpg",435,234,true],"blossom-feminine-cat":["https:\/\/infotep.com.ar\/wp-content\/uploads\/2025\/11\/image-1-450x234.jpg",450,234,true],"blossom-feminine-related":["https:\/\/infotep.com.ar\/wp-content\/uploads\/2025\/11\/image-1-320x200.jpg",320,200,true],"blossom-feminine-schema":["https:\/\/infotep.com.ar\/wp-content\/uploads\/2025\/11\/image-1-145x60.jpg",145,60,true],"blossom-mommy-blog-slider-big":["https:\/\/infotep.com.ar\/wp-content\/uploads\/2025\/11\/image-1.jpg",566,234,false],"blossom-mommy-blog-slider":["https:\/\/infotep.com.ar\/wp-content\/uploads\/2025\/11\/image-1-460x234.jpg",460,234,true],"blossom-mommy-blog-two":["https:\/\/infotep.com.ar\/wp-content\/uploads\/2025\/11\/image-1.jpg",566,234,false]},"author_info":{"info":["Angela Tobar"]},"category_info":"<a href=\"https:\/\/infotep.com.ar\/index.php\/category\/destacadas\/\" rel=\"category tag\">Destacadas<\/a> <a href=\"https:\/\/infotep.com.ar\/index.php\/category\/provinciales\/\" rel=\"category tag\">Provinciales<\/a>","tag_info":"Provinciales","comment_count":"0","_links":{"self":[{"href":"https:\/\/infotep.com.ar\/index.php\/wp-json\/wp\/v2\/posts\/29622"}],"collection":[{"href":"https:\/\/infotep.com.ar\/index.php\/wp-json\/wp\/v2\/posts"}],"about":[{"href":"https:\/\/infotep.com.ar\/index.php\/wp-json\/wp\/v2\/types\/post"}],"author":[{"embeddable":true,"href":"https:\/\/infotep.com.ar\/index.php\/wp-json\/wp\/v2\/users\/5"}],"replies":[{"embeddable":true,"href":"https:\/\/infotep.com.ar\/index.php\/wp-json\/wp\/v2\/comments?post=29622"}],"version-history":[{"count":4,"href":"https:\/\/infotep.com.ar\/index.php\/wp-json\/wp\/v2\/posts\/29622\/revisions"}],"predecessor-version":[{"id":29630,"href":"https:\/\/infotep.com.ar\/index.php\/wp-json\/wp\/v2\/posts\/29622\/revisions\/29630"}],"wp:featuredmedia":[{"embeddable":true,"href":"https:\/\/infotep.com.ar\/index.php\/wp-json\/wp\/v2\/media\/29623"}],"wp:attachment":[{"href":"https:\/\/infotep.com.ar\/index.php\/wp-json\/wp\/v2\/media?parent=29622"}],"wp:term":[{"taxonomy":"category","embeddable":true,"href":"https:\/\/infotep.com.ar\/index.php\/wp-json\/wp\/v2\/categories?post=29622"},{"taxonomy":"post_tag","embeddable":true,"href":"https:\/\/infotep.com.ar\/index.php\/wp-json\/wp\/v2\/tags?post=29622"}],"curies":[{"name":"wp","href":"https:\/\/api.w.org\/{rel}","templated":true}]}}