{"id":29665,"date":"2025-11-19T14:24:05","date_gmt":"2025-11-19T17:24:05","guid":{"rendered":"https:\/\/infotep.com.ar\/?p=29665"},"modified":"2025-11-19T14:24:06","modified_gmt":"2025-11-19T17:24:06","slug":"gremios-del-transporte-reclaman-articular-esfuerzos-contra-la-reforma-laboral","status":"publish","type":"post","link":"https:\/\/infotep.com.ar\/index.php\/2025\/11\/19\/gremios-del-transporte-reclaman-articular-esfuerzos-contra-la-reforma-laboral\/","title":{"rendered":"Gremios del transporte reclaman \u201carticular esfuerzos\u201d contra la reforma laboral"},"content":{"rendered":"\n<p>La CATT se reuni\u00f3 para debatir los pr\u00f3ximos pasos en medio de la discusi\u00f3n laboral que plante al Gobierno.<br><br>El Consejo Directivo de la Confederaci\u00f3n Argentina de los Trabajadores del Transporte (CATT) expres\u00f3 la necesidad de \u201cadoptar una postura firme y unitaria\u201d frente a la reforma laboral que impulsa el gobierno de Javier Milei.<\/p>\n\n\n\n<p>El secretario general de la CATT, Juan Carlos Schmid, afirm\u00f3 que el camino para promover el empleo en la Argentina \u201ces avanzar en una reforma tributaria integral que permita a las empresas invertir y generar puestos de trabajo, y no una reforma laboral brutal que pretende retroceder a condiciones que evocan \u00e9pocas de explotaci\u00f3n y desprotecci\u00f3n\u201d.<\/p>\n\n\n\n<p><strong>En el mismo sentido se expres\u00f3 el secretario gremial, Juan Pablo Brey, quien reforz\u00f3 la idea de que \u201ccualquier transformaci\u00f3n del mercado laboral debe tener como eje la dignidad de los trabajadores y el respeto a los convenios colectivos\u201d.<\/strong><\/p>\n\n\n\n<p>Por su parte, Omar P\u00e9rez, secretario adjunto de la Confederaci\u00f3n, intervino con firmeza al destacar la necesidad de \u201cdefender de manera unificada los derechos conquistados por el movimiento obrero organizado\u201d.<\/p>\n\n\n\n<p>Tambi\u00e9n estuvo presente el secretario de Relaciones Institucionales, Hugo Moyano (h), diputado nacional electo, con quien se analiz\u00f3 la futura estrategia parlamentaria para rechazar las iniciativas que impulsa el gobierno del presidente Javier Milei.<\/p>\n\n\n\n<p>En ese sentido, destacaron la importancia de \u201carticular esfuerzos dentro del Congreso\u201d para frenar cualquier intento de avasallar los derechos laborales.<\/p>\n\n\n\n<p>Durante el encuentro de remarc\u00f3 la necesidad de construir una agenda propositiva de cara al futuro, que contemple la modernizaci\u00f3n del sistema de transporte, la defensa del empleo y la mejora de las condiciones laborales, siempre con una postura clara e innegociable en contra de la reforma laboral<\/p>\n","protected":false},"excerpt":{"rendered":"<p>La CATT se reuni&oacute; para debatir los pr&oacute;ximos pasos en medio de la discusi&oacute;n laboral que plante al Gobierno. El Consejo Directivo de la Confederaci&oacute;n Argentina de los Trabajadores del Transporte (CATT) expres&oacute; la necesidad de &ldquo;adoptar una postura firme y unitaria&rdquo; frente a la reforma laboral que impulsa el gobierno de Javier Milei. El &hellip; <\/p>\n","protected":false},"author":5,"featured_media":29666,"comment_status":"closed","ping_status":"closed","sticky":false,"template":"","format":"standard","meta":{"om_disable_all_campaigns":false,"_joinchat":[]},"categories":[7],"tags":[46,43,569],"featured_image_urls":{"full":["https:\/\/infotep.com.ar\/wp-content\/uploads\/2025\/11\/720-34.webp",960,720,false],"thumbnail":["https:\/\/infotep.com.ar\/wp-content\/uploads\/2025\/11\/720-34-150x150.webp",150,150,true],"medium":["https:\/\/infotep.com.ar\/wp-content\/uploads\/2025\/11\/720-34-300x225.webp",300,225,true],"medium_large":["https:\/\/infotep.com.ar\/wp-content\/uploads\/2025\/11\/720-34-768x576.webp",768,576,true],"large":["https:\/\/infotep.com.ar\/wp-content\/uploads\/2025\/11\/720-34.webp",960,720,false],"1536x1536":["https:\/\/infotep.com.ar\/wp-content\/uploads\/2025\/11\/720-34.webp",960,720,false],"2048x2048":["https:\/\/infotep.com.ar\/wp-content\/uploads\/2025\/11\/720-34.webp",960,720,false],"blossom-feminine-slider":["https:\/\/infotep.com.ar\/wp-content\/uploads\/2025\/11\/720-34-960x649.webp",960,649,true],"blossom-feminine-featured":["https:\/\/infotep.com.ar\/wp-content\/uploads\/2025\/11\/720-34-960x600.webp",960,600,true],"blossom-feminine-with-sidebar":["https:\/\/infotep.com.ar\/wp-content\/uploads\/2025\/11\/720-34-960x600.webp",960,600,true],"blossom-feminine-blog":["https:\/\/infotep.com.ar\/wp-content\/uploads\/2025\/11\/720-34-435x435.webp",435,435,true],"blossom-feminine-cat":["https:\/\/infotep.com.ar\/wp-content\/uploads\/2025\/11\/720-34-450x300.webp",450,300,true],"blossom-feminine-related":["https:\/\/infotep.com.ar\/wp-content\/uploads\/2025\/11\/720-34-320x200.webp",320,200,true],"blossom-feminine-schema":["https:\/\/infotep.com.ar\/wp-content\/uploads\/2025\/11\/720-34-80x60.webp",80,60,true],"blossom-mommy-blog-slider-big":["https:\/\/infotep.com.ar\/wp-content\/uploads\/2025\/11\/720-34-920x650.webp",920,650,true],"blossom-mommy-blog-slider":["https:\/\/infotep.com.ar\/wp-content\/uploads\/2025\/11\/720-34-460x310.webp",460,310,true],"blossom-mommy-blog-two":["https:\/\/infotep.com.ar\/wp-content\/uploads\/2025\/11\/720-34-768x480.webp",768,480,true]},"author_info":{"info":["Angela Tobar"]},"category_info":"<a href=\"https:\/\/infotep.com.ar\/index.php\/category\/gremios\/\" rel=\"category tag\">Gremios<\/a>","tag_info":"Gremios","comment_count":"0","_links":{"self":[{"href":"https:\/\/infotep.com.ar\/index.php\/wp-json\/wp\/v2\/posts\/29665"}],"collection":[{"href":"https:\/\/infotep.com.ar\/index.php\/wp-json\/wp\/v2\/posts"}],"about":[{"href":"https:\/\/infotep.com.ar\/index.php\/wp-json\/wp\/v2\/types\/post"}],"author":[{"embeddable":true,"href":"https:\/\/infotep.com.ar\/index.php\/wp-json\/wp\/v2\/users\/5"}],"replies":[{"embeddable":true,"href":"https:\/\/infotep.com.ar\/index.php\/wp-json\/wp\/v2\/comments?post=29665"}],"version-history":[{"count":1,"href":"https:\/\/infotep.com.ar\/index.php\/wp-json\/wp\/v2\/posts\/29665\/revisions"}],"predecessor-version":[{"id":29667,"href":"https:\/\/infotep.com.ar\/index.php\/wp-json\/wp\/v2\/posts\/29665\/revisions\/29667"}],"wp:featuredmedia":[{"embeddable":true,"href":"https:\/\/infotep.com.ar\/index.php\/wp-json\/wp\/v2\/media\/29666"}],"wp:attachment":[{"href":"https:\/\/infotep.com.ar\/index.php\/wp-json\/wp\/v2\/media?parent=29665"}],"wp:term":[{"taxonomy":"category","embeddable":true,"href":"https:\/\/infotep.com.ar\/index.php\/wp-json\/wp\/v2\/categories?post=29665"},{"taxonomy":"post_tag","embeddable":true,"href":"https:\/\/infotep.com.ar\/index.php\/wp-json\/wp\/v2\/tags?post=29665"}],"curies":[{"name":"wp","href":"https:\/\/api.w.org\/{rel}","templated":true}]}}