{"id":29672,"date":"2025-11-19T14:42:57","date_gmt":"2025-11-19T17:42:57","guid":{"rendered":"https:\/\/infotep.com.ar\/?p=29672"},"modified":"2025-11-19T14:43:03","modified_gmt":"2025-11-19T17:43:03","slug":"paso-del-rey-quedo-inaugurada-la-plaza-santi-en-el-barrio-franciscanos","status":"publish","type":"post","link":"https:\/\/infotep.com.ar\/index.php\/2025\/11\/19\/paso-del-rey-quedo-inaugurada-la-plaza-santi-en-el-barrio-franciscanos\/","title":{"rendered":"Paso del Rey: qued\u00f3 inaugurada la Plaza Santi en el barrio Franciscanos"},"content":{"rendered":"\n<p>Moreno destac\u00f3 que avanza en la recuperaci\u00f3n de espacios p\u00fablicos junto a la comunidad, con nuevas \u00e1reas recreativas, luminarias LED y entornos m\u00e1s seguros<\/p>\n\n\n\n<p><strong>La intendenta Mariel Fern\u00e1ndez, acompa\u00f1ada por vecinas y vecinos, inaugur\u00f3 la nueva Plaza Santi en el barrio Franciscanos, en la localidad de Paso del Rey. El espacio lleva ese nombre en homenaje a Santi, un ni\u00f1o muy querido por toda la comunidad, cuya memoria qued\u00f3 plasmada en este proyecto colectivo.<\/strong><\/p>\n\n\n\n<p>La plaza, que anteriormente era un terreno bald\u00edo, fue transformada a partir del trabajo conjunto entre el Municipio y las familias del barrio. Las obras incluyeron la instalaci\u00f3n de juegos infantiles, la construcci\u00f3n de veredas, la colocaci\u00f3n de mobiliario urbano, la incorporaci\u00f3n de iluminaci\u00f3n LED y la creaci\u00f3n de un sector parquizado, pensado para que ni\u00f1as, ni\u00f1os y personas de todas las edades disfruten de un entorno cuidado y seguro.<\/p>\n\n\n\n<p>Este nuevo espacio p\u00fablico se suma al plan de recuperaci\u00f3n y puesta en valor que el Municipio desarrolla para fortalecer la recreaci\u00f3n, la integraci\u00f3n comunitaria y el acceso a lugares de encuentro en cada barrio.<\/p>\n\n\n\n<p>En la jornada, tambi\u00e9n estuvo presente en la inauguraci\u00f3n la secretaria de Obras y Servicios P\u00fablicos, Mar\u00eda Gim\u00e9nez.<\/p>\n","protected":false},"excerpt":{"rendered":"<p>Moreno destac&oacute; que avanza en la recuperaci&oacute;n de espacios p&uacute;blicos junto a la comunidad, con nuevas &aacute;reas recreativas, luminarias LED y entornos m&aacute;s seguros La intendenta Mariel Fern&aacute;ndez, acompa&ntilde;ada por vecinas y vecinos, inaugur&oacute; la nueva Plaza Santi en el barrio Franciscanos, en la localidad de Paso del Rey. El espacio lleva ese nombre en &hellip; <\/p>\n","protected":false},"author":5,"featured_media":29673,"comment_status":"closed","ping_status":"closed","sticky":false,"template":"","format":"standard","meta":{"om_disable_all_campaigns":false,"_joinchat":[]},"categories":[85],"tags":[46,107,43,569],"featured_image_urls":{"full":["https:\/\/infotep.com.ar\/wp-content\/uploads\/2025\/11\/PLAZA-SANTI-26.jpg",1920,1080,false],"thumbnail":["https:\/\/infotep.com.ar\/wp-content\/uploads\/2025\/11\/PLAZA-SANTI-26-150x150.jpg",150,150,true],"medium":["https:\/\/infotep.com.ar\/wp-content\/uploads\/2025\/11\/PLAZA-SANTI-26-300x169.jpg",300,169,true],"medium_large":["https:\/\/infotep.com.ar\/wp-content\/uploads\/2025\/11\/PLAZA-SANTI-26-768x432.jpg",768,432,true],"large":["https:\/\/infotep.com.ar\/wp-content\/uploads\/2025\/11\/PLAZA-SANTI-26-1024x576.jpg",1020,574,true],"1536x1536":["https:\/\/infotep.com.ar\/wp-content\/uploads\/2025\/11\/PLAZA-SANTI-26-1536x864.jpg",1536,864,true],"2048x2048":["https:\/\/infotep.com.ar\/wp-content\/uploads\/2025\/11\/PLAZA-SANTI-26.jpg",1920,1080,false],"blossom-feminine-slider":["https:\/\/infotep.com.ar\/wp-content\/uploads\/2025\/11\/PLAZA-SANTI-26-1920x649.jpg",1920,649,true],"blossom-feminine-featured":["https:\/\/infotep.com.ar\/wp-content\/uploads\/2025\/11\/PLAZA-SANTI-26-1410x600.jpg",1410,600,true],"blossom-feminine-with-sidebar":["https:\/\/infotep.com.ar\/wp-content\/uploads\/2025\/11\/PLAZA-SANTI-26-1020x600.jpg",1020,600,true],"blossom-feminine-blog":["https:\/\/infotep.com.ar\/wp-content\/uploads\/2025\/11\/PLAZA-SANTI-26-435x435.jpg",435,435,true],"blossom-feminine-cat":["https:\/\/infotep.com.ar\/wp-content\/uploads\/2025\/11\/PLAZA-SANTI-26-450x300.jpg",450,300,true],"blossom-feminine-related":["https:\/\/infotep.com.ar\/wp-content\/uploads\/2025\/11\/PLAZA-SANTI-26-320x200.jpg",320,200,true],"blossom-feminine-schema":["https:\/\/infotep.com.ar\/wp-content\/uploads\/2025\/11\/PLAZA-SANTI-26-107x60.jpg",107,60,true],"blossom-mommy-blog-slider-big":["https:\/\/infotep.com.ar\/wp-content\/uploads\/2025\/11\/PLAZA-SANTI-26-920x650.jpg",920,650,true],"blossom-mommy-blog-slider":["https:\/\/infotep.com.ar\/wp-content\/uploads\/2025\/11\/PLAZA-SANTI-26-460x310.jpg",460,310,true],"blossom-mommy-blog-two":["https:\/\/infotep.com.ar\/wp-content\/uploads\/2025\/11\/PLAZA-SANTI-26-768x480.jpg",768,480,true]},"author_info":{"info":["Angela Tobar"]},"category_info":"<a href=\"https:\/\/infotep.com.ar\/index.php\/category\/municipales\/moreno\/\" rel=\"category tag\">Moreno<\/a>","tag_info":"Moreno","comment_count":"0","_links":{"self":[{"href":"https:\/\/infotep.com.ar\/index.php\/wp-json\/wp\/v2\/posts\/29672"}],"collection":[{"href":"https:\/\/infotep.com.ar\/index.php\/wp-json\/wp\/v2\/posts"}],"about":[{"href":"https:\/\/infotep.com.ar\/index.php\/wp-json\/wp\/v2\/types\/post"}],"author":[{"embeddable":true,"href":"https:\/\/infotep.com.ar\/index.php\/wp-json\/wp\/v2\/users\/5"}],"replies":[{"embeddable":true,"href":"https:\/\/infotep.com.ar\/index.php\/wp-json\/wp\/v2\/comments?post=29672"}],"version-history":[{"count":1,"href":"https:\/\/infotep.com.ar\/index.php\/wp-json\/wp\/v2\/posts\/29672\/revisions"}],"predecessor-version":[{"id":29674,"href":"https:\/\/infotep.com.ar\/index.php\/wp-json\/wp\/v2\/posts\/29672\/revisions\/29674"}],"wp:featuredmedia":[{"embeddable":true,"href":"https:\/\/infotep.com.ar\/index.php\/wp-json\/wp\/v2\/media\/29673"}],"wp:attachment":[{"href":"https:\/\/infotep.com.ar\/index.php\/wp-json\/wp\/v2\/media?parent=29672"}],"wp:term":[{"taxonomy":"category","embeddable":true,"href":"https:\/\/infotep.com.ar\/index.php\/wp-json\/wp\/v2\/categories?post=29672"},{"taxonomy":"post_tag","embeddable":true,"href":"https:\/\/infotep.com.ar\/index.php\/wp-json\/wp\/v2\/tags?post=29672"}],"curies":[{"name":"wp","href":"https:\/\/api.w.org\/{rel}","templated":true}]}}