{"id":29684,"date":"2025-11-19T14:53:41","date_gmt":"2025-11-19T17:53:41","guid":{"rendered":"https:\/\/infotep.com.ar\/?p=29684"},"modified":"2025-11-19T14:53:42","modified_gmt":"2025-11-19T17:53:42","slug":"kicillof-inauguro-el-complejo-deportivo-club-belgrano","status":"publish","type":"post","link":"https:\/\/infotep.com.ar\/index.php\/2025\/11\/19\/kicillof-inauguro-el-complejo-deportivo-club-belgrano\/","title":{"rendered":"Kicillof inaugur\u00f3 el complejo deportivo Club Belgrano"},"content":{"rendered":"\n<p>Adem\u00e1s, el Gobernador recorri\u00f3 el nuevo edificio ampliado y remodelado de Control Urbano local.<\/p>\n\n\n\n<p>El gobernador de la provincia de Buenos Aires, Axel Kicillof, encabez\u00f3 este martes el acto de inauguraci\u00f3n del nuevo complejo deportivo Club Belgrano en el municipio de Ensenada, destinado a promover el deporte, la inclusi\u00f3n y la participaci\u00f3n comunitaria. Fue junto al ministro de Desarrollo de la Comunidad, Andr\u00e9s Larroque; el intendente local, Mario Secco; y el presidente de la instituci\u00f3n, Maximiliano Pared.<\/p>\n\n\n\n<p>En ese marco, Kicillof afirm\u00f3: \u201cDonde antes hab\u00eda un terreno bald\u00edo ahora hay alegr\u00eda, deporte y pueblo: con obra p\u00fablica, inversi\u00f3n y mucho trabajo estamos transformando los barrios de la Provincia con m\u00e1s educaci\u00f3n, salud y esparcimiento\u201d. \u201cHay pibes bonaerenses que ser\u00edan excluidos si esto quedara en manos del mercado, v\u00edctimas de una desigualdad de muchos a\u00f1os: a las injusticias en la Provincia les respondemos con m\u00e1s oportunidades y m\u00e1s derechos para desarrollarse y construir futuro\u201d, agreg\u00f3.<\/p>\n\n\n\n<p>\u201cSabemos que el Presidente nunca vendr\u00e1 a un barrio popular para ver qu\u00e9 es lo que hace falta porque prefiere viajar a otros pa\u00edses para reunirse solamente con poderosos y especuladores\u201d, expres\u00f3 el Gobernador y a\u00f1adi\u00f3: \u201cA nosotros podr\u00e1 insultarnos y agredirnos, pero no vamos a parar ni un d\u00eda de sumar esfuerzos para darle a nuestro pueblo el bienestar que se merece\u201d.<\/p>\n\n\n\n<p>En el nuevo complejo, ubicado entre los barrios populares General Belgrano y UOM, funciona la sede y las canchas que permitir\u00e1n incorporar las categor\u00edas de f\u00fatbol mayor, infantil, juvenil y femenino, beneficiando a 800 ni\u00f1os y ni\u00f1as. Con financiaci\u00f3n de la Provincia y del municipio, el complejo posee play\u00f3n de estacionamiento, tres canchas de f\u00fatbol 7, una cancha de f\u00fatbol 11, enfermer\u00eda, oficinas y un SUM para realizar actividades recreativas y educativas. Adem\u00e1s, durante el acto, se entregaron kits deportivos para la instituci\u00f3n.<\/p>\n\n\n\n<p>Por su parte, Larroque remarc\u00f3: \u201cEstas instalaciones son de primera calidad para que las disfruten los pibes y las pibas del barrio y fortalezcan as\u00ed los v\u00ednculos de la comunidad: en la Provincia vamos a seguir gestionando de cara al pueblo porque nuestra \u00fanica prioridad es consolidar y ampliar sus derechos\u201d.<\/p>\n\n\n\n<p>En tanto, Secco remarc\u00f3: \u201cEste es el d\u00e9cimo complejo que inauguramos en la ciudad porque creemos que cada barrio debe tener su propio club en condiciones: gracias al trabajo de las instituciones deportivas estamos conteniendo a m\u00e1s de 10 mil pibes y pibas de Ensenada\u201d.<\/p>\n\n\n\n<p>\u201cHoy es un d\u00eda hist\u00f3rico para nuestro club, ya que por primera vez vamos a contar con canchas de f\u00fatbol infantil, de f\u00fatbol 11 e instalaciones de primer nivel gracias al compromiso de la Provincia y del municipio con las instituciones sociales y deportivas\u201d, sostuvo Pared.<\/p>\n\n\n\n<p>Durante la jornada, Kicillof recorri\u00f3 el nuevo edificio ampliado y remodelado de Control Urbano, organismo encargado de emitir las licencias de conducir y de los ex\u00e1menes m\u00e9dicos necesarios para obtener la habilitaci\u00f3n de comercios, taxis y remises.<\/p>\n\n\n\n<p>Por \u00faltimo, Kicillof sostuvo: \u201cEste club de barrio es un emblema de una comunidad que se organiza, que piensa en los pibes y que no est\u00e1 dispuesta a dejarlos librados a su suerte\u201d. \u201cEl pueblo bonaerense no es servil ni sumiso: ante un Gobierno nacional que ajusta y nos roba los recursos que nos corresponden, vamos a redoblar los esfuerzos y a construir una alternativa que incluya a todos y todas\u201d, concluy\u00f3.<\/p>\n\n\n\n<p>Estuvieron presentes el subsecretario de H\u00e1bitat de la Comunidad, Rub\u00e9n Pascolini; el presidente del Honorable Concejo Deliberante de Ensenada, Luis Blasetti; el secretario local de Inspecci\u00f3n y Control Urbano, Marcos Omentari; el dirigente Lauro Grande; y los concejales Nicol\u00e1s Secco y Silvina Nardini.<\/p>\n","protected":false},"excerpt":{"rendered":"<p>Adem&aacute;s, el Gobernador recorri&oacute; el nuevo edificio ampliado y remodelado de Control Urbano local. El gobernador de la provincia de Buenos Aires, Axel Kicillof, encabez&oacute; este martes el acto de inauguraci&oacute;n del nuevo complejo deportivo Club Belgrano en el municipio de Ensenada, destinado a promover el deporte, la inclusi&oacute;n y la participaci&oacute;n comunitaria. Fue junto &hellip; <\/p>\n","protected":false},"author":5,"featured_media":29685,"comment_status":"closed","ping_status":"closed","sticky":false,"template":"","format":"standard","meta":{"om_disable_all_campaigns":false,"_joinchat":[]},"categories":[4],"tags":[46,43,569],"featured_image_urls":{"full":["https:\/\/infotep.com.ar\/wp-content\/uploads\/2025\/11\/Axel-Kicillof_149.jpg",743,530,false],"thumbnail":["https:\/\/infotep.com.ar\/wp-content\/uploads\/2025\/11\/Axel-Kicillof_149-150x150.jpg",150,150,true],"medium":["https:\/\/infotep.com.ar\/wp-content\/uploads\/2025\/11\/Axel-Kicillof_149-300x214.jpg",300,214,true],"medium_large":["https:\/\/infotep.com.ar\/wp-content\/uploads\/2025\/11\/Axel-Kicillof_149.jpg",743,530,false],"large":["https:\/\/infotep.com.ar\/wp-content\/uploads\/2025\/11\/Axel-Kicillof_149.jpg",743,530,false],"1536x1536":["https:\/\/infotep.com.ar\/wp-content\/uploads\/2025\/11\/Axel-Kicillof_149.jpg",743,530,false],"2048x2048":["https:\/\/infotep.com.ar\/wp-content\/uploads\/2025\/11\/Axel-Kicillof_149.jpg",743,530,false],"blossom-feminine-slider":["https:\/\/infotep.com.ar\/wp-content\/uploads\/2025\/11\/Axel-Kicillof_149.jpg",743,530,false],"blossom-feminine-featured":["https:\/\/infotep.com.ar\/wp-content\/uploads\/2025\/11\/Axel-Kicillof_149.jpg",743,530,false],"blossom-feminine-with-sidebar":["https:\/\/infotep.com.ar\/wp-content\/uploads\/2025\/11\/Axel-Kicillof_149.jpg",743,530,false],"blossom-feminine-blog":["https:\/\/infotep.com.ar\/wp-content\/uploads\/2025\/11\/Axel-Kicillof_149-435x435.jpg",435,435,true],"blossom-feminine-cat":["https:\/\/infotep.com.ar\/wp-content\/uploads\/2025\/11\/Axel-Kicillof_149-450x300.jpg",450,300,true],"blossom-feminine-related":["https:\/\/infotep.com.ar\/wp-content\/uploads\/2025\/11\/Axel-Kicillof_149-320x200.jpg",320,200,true],"blossom-feminine-schema":["https:\/\/infotep.com.ar\/wp-content\/uploads\/2025\/11\/Axel-Kicillof_149-84x60.jpg",84,60,true],"blossom-mommy-blog-slider-big":["https:\/\/infotep.com.ar\/wp-content\/uploads\/2025\/11\/Axel-Kicillof_149.jpg",743,530,false],"blossom-mommy-blog-slider":["https:\/\/infotep.com.ar\/wp-content\/uploads\/2025\/11\/Axel-Kicillof_149-460x310.jpg",460,310,true],"blossom-mommy-blog-two":["https:\/\/infotep.com.ar\/wp-content\/uploads\/2025\/11\/Axel-Kicillof_149-743x480.jpg",743,480,true]},"author_info":{"info":["Angela Tobar"]},"category_info":"<a href=\"https:\/\/infotep.com.ar\/index.php\/category\/provinciales\/\" rel=\"category tag\">Provinciales<\/a>","tag_info":"Provinciales","comment_count":"0","_links":{"self":[{"href":"https:\/\/infotep.com.ar\/index.php\/wp-json\/wp\/v2\/posts\/29684"}],"collection":[{"href":"https:\/\/infotep.com.ar\/index.php\/wp-json\/wp\/v2\/posts"}],"about":[{"href":"https:\/\/infotep.com.ar\/index.php\/wp-json\/wp\/v2\/types\/post"}],"author":[{"embeddable":true,"href":"https:\/\/infotep.com.ar\/index.php\/wp-json\/wp\/v2\/users\/5"}],"replies":[{"embeddable":true,"href":"https:\/\/infotep.com.ar\/index.php\/wp-json\/wp\/v2\/comments?post=29684"}],"version-history":[{"count":1,"href":"https:\/\/infotep.com.ar\/index.php\/wp-json\/wp\/v2\/posts\/29684\/revisions"}],"predecessor-version":[{"id":29686,"href":"https:\/\/infotep.com.ar\/index.php\/wp-json\/wp\/v2\/posts\/29684\/revisions\/29686"}],"wp:featuredmedia":[{"embeddable":true,"href":"https:\/\/infotep.com.ar\/index.php\/wp-json\/wp\/v2\/media\/29685"}],"wp:attachment":[{"href":"https:\/\/infotep.com.ar\/index.php\/wp-json\/wp\/v2\/media?parent=29684"}],"wp:term":[{"taxonomy":"category","embeddable":true,"href":"https:\/\/infotep.com.ar\/index.php\/wp-json\/wp\/v2\/categories?post=29684"},{"taxonomy":"post_tag","embeddable":true,"href":"https:\/\/infotep.com.ar\/index.php\/wp-json\/wp\/v2\/tags?post=29684"}],"curies":[{"name":"wp","href":"https:\/\/api.w.org\/{rel}","templated":true}]}}