{"id":29688,"date":"2025-11-20T01:00:34","date_gmt":"2025-11-20T04:00:34","guid":{"rendered":"https:\/\/infotep.com.ar\/?p=29688"},"modified":"2025-11-20T01:00:35","modified_gmt":"2025-11-20T04:00:35","slug":"la-noche-de-las-librerias-2025-suma-nuevos-circuitos-barriales-y-mas-de-70-locales-con-actividades","status":"publish","type":"post","link":"https:\/\/infotep.com.ar\/index.php\/2025\/11\/20\/la-noche-de-las-librerias-2025-suma-nuevos-circuitos-barriales-y-mas-de-70-locales-con-actividades\/","title":{"rendered":"La Noche de las Librer\u00edas 2025 suma nuevos circuitos barriales y m\u00e1s de 70 locales con actividades"},"content":{"rendered":"\n<p>La 15\u00aa edici\u00f3n ser\u00e1 este s\u00e1bado 22 de noviembre, con lecturas, m\u00fasica y descuentos en librer\u00edas y espacios culturales de toda la Ciudad.<br><br>La Ciudad de Buenos Aires celebrar\u00e1 este s\u00e1bado 22 de noviembre, de 18 a 1 de la ma\u00f1ana, la 15\u00aa edici\u00f3n de La Noche de las Librer\u00edas, una jornada que reunir\u00e1 a m\u00e1s de 70 librer\u00edas con actividades especiales, descuentos y propuestas culturales en distintos barrios.<\/p>\n\n\n\n<p>La iniciativa busca promover el encuentro con la lectura y fortalecer el v\u00ednculo entre escritores, lectores y libreros, al tiempo que ampl\u00eda su alcance territorial con nuevos circuitos barriales.<\/p>\n\n\n\n<p><strong>Todas las librer\u00edas participantes abrir\u00e1n sus puertas con una programaci\u00f3n que incluir\u00e1 presentaciones, lecturas, firmas, mesas tem\u00e1ticas y actividades para diversos p\u00fablicos: familias, estudiantes, j\u00f3venes, profesionales del sector editorial y amantes de la cultura. Tambi\u00e9n habr\u00e1 beneficios en comercios gastron\u00f3micos cercanos y nuevas modalidades de pago.<\/strong><\/p>\n\n\n\n<p>\u201cLa Noche de las Librer\u00edas vuelve a mostrar el vigor de una Buenos Aires que vive la lectura como parte de su identidad. La Ciudad se transforma y los lectores se apropian de las calles en una celebraci\u00f3n que crece junto a festivales como LITERAL, Urgente y Semana Negra BA\u201d, se\u00f1al\u00f3 la ministra de Cultura porte\u00f1a, Gabriela Ricardes.<\/p>\n\n\n\n<p>El director general de Promoci\u00f3n del Libro, Bibliotecas y la Cultura, Javier Mart\u00ednez, destac\u00f3 que la propuesta \u201ccelebra uno de los eventos que m\u00e1s nos define como porte\u00f1os: el amor por los libros y los libreros. Este a\u00f1o ampliamos los circuitos barriales porque queremos que ese esp\u00edritu, cuyo epicentro es la calle Corrientes, circule por todas las veredas de la Ciudad\u201d.<\/p>\n\n\n\n<p><strong>El corredor central volver\u00e1 a ubicarse sobre la Avenida Corrientes y la peatonal Lavalle, donde se montar\u00e1n seis escenarios, tarimas y espacios tem\u00e1ticos con charlas, debates, presentaciones y shows musicales. Entre ellos se destacan el Escenario Principal, con el Obelisco de fondo; el Escenario Urgente, dedicado a periodismo y no ficci\u00f3n; el de Novela Rom\u00e1ntica; el de Poes\u00eda en la Ciudad; el de Artes Gr\u00e1ficas, con propuestas participativas; el de Escrituras, y un Espacio Infancias y Familias con talleres y actividades para chicos. Tambi\u00e9n habr\u00e1 un Espacio Biblio Digital y un Audiorama para escuchar lecturas y adelantos literarios.<\/strong><\/p>\n\n\n\n<p>La Noche de las Librer\u00edas 2025 suma nuevos circuitos barriales y m\u00e1s de 70 locales con actividades<br>M\u00e1s de 20 librer\u00edas del corredor de Corrientes sacar\u00e1n mesas a la calle y ofrecer\u00e1n promociones durante toda la noche, mientras que Lavalle sumar\u00e1 intervenciones musicales y opciones gastron\u00f3micas.KAKAEJAdOQA8UJ1as6cnBw<\/p>\n\n\n\n<p>Al igual que en 2024, el evento se expandir\u00e1 a distintos barrios, que este a\u00f1o incluir\u00e1n Palermo, Villa Crespo, San Telmo, Villa Ort\u00fazar, Almagro, Chacarita, Belgrano, Coghlan, Caballito y Liniers. Cada circuito contar\u00e1 con librer\u00edas que organizar\u00e1n actividades nocturnas y propuestas propias para recibir al p\u00fablico.<\/p>\n\n\n\n<p>Para el desarrollo del evento, desde las 18 del s\u00e1bado 22 hasta las 3 del domingo 23 estar\u00e1 cortada la Avenida Corrientes entre Callao y Cerrito, mientras que las calles transversales permanecer\u00e1n habilitadas. Los circuitos barriales no implicar\u00e1n cortes de tr\u00e1nsito.<\/p>\n","protected":false},"excerpt":{"rendered":"<p>La 15&ordf; edici&oacute;n ser&aacute; este s&aacute;bado 22 de noviembre, con lecturas, m&uacute;sica y descuentos en librer&iacute;as y espacios culturales de toda la Ciudad. La Ciudad de Buenos Aires celebrar&aacute; este s&aacute;bado 22 de noviembre, de 18 a 1 de la ma&ntilde;ana, la 15&ordf; edici&oacute;n de La Noche de las Librer&iacute;as, una jornada que reunir&aacute; a &hellip; <\/p>\n","protected":false},"author":5,"featured_media":29689,"comment_status":"closed","ping_status":"closed","sticky":false,"template":"","format":"standard","meta":{"om_disable_all_campaigns":false,"_joinchat":[]},"categories":[4],"tags":[46,43,569],"featured_image_urls":{"full":["https:\/\/infotep.com.ar\/wp-content\/uploads\/2025\/11\/noche-de-la-libreria.webp",1260,720,false],"thumbnail":["https:\/\/infotep.com.ar\/wp-content\/uploads\/2025\/11\/noche-de-la-libreria-150x150.webp",150,150,true],"medium":["https:\/\/infotep.com.ar\/wp-content\/uploads\/2025\/11\/noche-de-la-libreria-300x171.webp",300,171,true],"medium_large":["https:\/\/infotep.com.ar\/wp-content\/uploads\/2025\/11\/noche-de-la-libreria-768x439.webp",768,439,true],"large":["https:\/\/infotep.com.ar\/wp-content\/uploads\/2025\/11\/noche-de-la-libreria-1024x585.webp",1020,583,true],"1536x1536":["https:\/\/infotep.com.ar\/wp-content\/uploads\/2025\/11\/noche-de-la-libreria.webp",1260,720,false],"2048x2048":["https:\/\/infotep.com.ar\/wp-content\/uploads\/2025\/11\/noche-de-la-libreria.webp",1260,720,false],"blossom-feminine-slider":["https:\/\/infotep.com.ar\/wp-content\/uploads\/2025\/11\/noche-de-la-libreria-1260x649.webp",1260,649,true],"blossom-feminine-featured":["https:\/\/infotep.com.ar\/wp-content\/uploads\/2025\/11\/noche-de-la-libreria-1260x600.webp",1260,600,true],"blossom-feminine-with-sidebar":["https:\/\/infotep.com.ar\/wp-content\/uploads\/2025\/11\/noche-de-la-libreria-1020x600.webp",1020,600,true],"blossom-feminine-blog":["https:\/\/infotep.com.ar\/wp-content\/uploads\/2025\/11\/noche-de-la-libreria-435x435.webp",435,435,true],"blossom-feminine-cat":["https:\/\/infotep.com.ar\/wp-content\/uploads\/2025\/11\/noche-de-la-libreria-450x300.webp",450,300,true],"blossom-feminine-related":["https:\/\/infotep.com.ar\/wp-content\/uploads\/2025\/11\/noche-de-la-libreria-320x200.webp",320,200,true],"blossom-feminine-schema":["https:\/\/infotep.com.ar\/wp-content\/uploads\/2025\/11\/noche-de-la-libreria-105x60.webp",105,60,true],"blossom-mommy-blog-slider-big":["https:\/\/infotep.com.ar\/wp-content\/uploads\/2025\/11\/noche-de-la-libreria-920x650.webp",920,650,true],"blossom-mommy-blog-slider":["https:\/\/infotep.com.ar\/wp-content\/uploads\/2025\/11\/noche-de-la-libreria-460x310.webp",460,310,true],"blossom-mommy-blog-two":["https:\/\/infotep.com.ar\/wp-content\/uploads\/2025\/11\/noche-de-la-libreria-768x480.webp",768,480,true]},"author_info":{"info":["Angela Tobar"]},"category_info":"<a href=\"https:\/\/infotep.com.ar\/index.php\/category\/provinciales\/\" rel=\"category tag\">Provinciales<\/a>","tag_info":"Provinciales","comment_count":"0","_links":{"self":[{"href":"https:\/\/infotep.com.ar\/index.php\/wp-json\/wp\/v2\/posts\/29688"}],"collection":[{"href":"https:\/\/infotep.com.ar\/index.php\/wp-json\/wp\/v2\/posts"}],"about":[{"href":"https:\/\/infotep.com.ar\/index.php\/wp-json\/wp\/v2\/types\/post"}],"author":[{"embeddable":true,"href":"https:\/\/infotep.com.ar\/index.php\/wp-json\/wp\/v2\/users\/5"}],"replies":[{"embeddable":true,"href":"https:\/\/infotep.com.ar\/index.php\/wp-json\/wp\/v2\/comments?post=29688"}],"version-history":[{"count":1,"href":"https:\/\/infotep.com.ar\/index.php\/wp-json\/wp\/v2\/posts\/29688\/revisions"}],"predecessor-version":[{"id":29690,"href":"https:\/\/infotep.com.ar\/index.php\/wp-json\/wp\/v2\/posts\/29688\/revisions\/29690"}],"wp:featuredmedia":[{"embeddable":true,"href":"https:\/\/infotep.com.ar\/index.php\/wp-json\/wp\/v2\/media\/29689"}],"wp:attachment":[{"href":"https:\/\/infotep.com.ar\/index.php\/wp-json\/wp\/v2\/media?parent=29688"}],"wp:term":[{"taxonomy":"category","embeddable":true,"href":"https:\/\/infotep.com.ar\/index.php\/wp-json\/wp\/v2\/categories?post=29688"},{"taxonomy":"post_tag","embeddable":true,"href":"https:\/\/infotep.com.ar\/index.php\/wp-json\/wp\/v2\/tags?post=29688"}],"curies":[{"name":"wp","href":"https:\/\/api.w.org\/{rel}","templated":true}]}}