{"id":29694,"date":"2025-11-20T01:09:27","date_gmt":"2025-11-20T04:09:27","guid":{"rendered":"https:\/\/infotep.com.ar\/?p=29694"},"modified":"2025-11-20T01:09:29","modified_gmt":"2025-11-20T04:09:29","slug":"los-jubilados-volvieron-a-marchar-y-entregaron-un-petitorio-en-el-congreso","status":"publish","type":"post","link":"https:\/\/infotep.com.ar\/index.php\/2025\/11\/20\/los-jubilados-volvieron-a-marchar-y-entregaron-un-petitorio-en-el-congreso\/","title":{"rendered":"Los jubilados volvieron a marchar y entregaron un petitorio en el Congreso"},"content":{"rendered":"\n<p>Exigen una jubilaci\u00f3n m\u00ednima de \u201c1.250.000 proporcional en todas las escalas\u201d y el cese de la represi\u00f3n.<br><br>Organizaciones de jubilados, junto a sindicatos, espacios de Derechos Humanos, piqueteros y agrupaciones barriales, estudiantiles y sociales, entregaron este mi\u00e9rcoles un petitorio en el Congreso y la Casa Rosada con una serie de reclamos para el sector, al realizarse una nueva movilizaci\u00f3n hacia Plaza de Mayo.<\/p>\n\n\n\n<p>En el petitorio de la Uni\u00f3n de Trabajadores Jubilados En Lucha (UTJEL), dirigido al presidente Javier Milei y a los diputados y senadores del Congreso, adem\u00e1s de gobernadores, se reclama una \u201cjubilaci\u00f3n m\u00ednima de $1.250.000 proporcional en todas las escalas\u201d y la \u201cmovilidad previsional bimestral sin techo ni tope y aumento de las patronales\u201d.<\/p>\n\n\n\n<p>Tambi\u00e9n solicita \u201cigual compensaci\u00f3n etaria a mujeres desde los 55 a\u00f1os y varones desde los 60 a\u00f1os\u201d, adem\u00e1s de un rechazo a la reforma jubilatoria por el \u201caumento de edad, supresi\u00f3n de reg\u00edmenes especiales ni armonizacin\u00f3\u201d.<\/p>\n\n\n\n<p><strong>Adem\u00e1s, en el petitorio se pide \u201cbasta\u201d de represi\u00f3n durante las movilizaciones de cada mi\u00e9rcoles.<\/strong><\/p>\n\n\n\n<p>En efecto, las fuerzas federales de seguridad desplegaron un nuevo operativo a cargo de la Polic\u00eda Federal, mientras la Polic\u00eda de la Ciudad tuvo a su cargo el tercer cord\u00f3n, indicaron a la Agencia Noticias Argentinas fuentes policiales.<\/p>\n\n\n\n<p>La movilizaci\u00f3n coincidi\u00f3 con un paro nacional que concret\u00f3 ATE, en este caso contra la reforma laboral, y que obtuvo un \u201c90% de acatamiento\u201d, seg\u00fan destac\u00f3 el jefe del gremio, Rodolfo Aguiar.<\/p>\n\n\n\n<p>\u201cA nosotros no nos mandan los funcionarios, nos mandan los trabajadores y hoy empezamos una ofensiva contra la reforma que no se va a detener hasta que sean garantizados todos nuestros derechos\u201d, sentenci\u00f3 Aguiar.<\/p>\n\n\n\n<p>Luego de la denuncia penal recibida por parte del Ministerio de Seguridad, el gremialista sostuvo que \u201d hay que resistir y frenar\u201d la iniciativa de la reforma laboral impulsada por el Gobierno Nacional y \u201csi es necesario que salgan a las rutas durante la Navidad y A\u00f1o Nuevo, lo vamos a hacer\u201d.<\/p>\n","protected":false},"excerpt":{"rendered":"<p>Exigen una jubilaci&oacute;n m&iacute;nima de &ldquo;1.250.000 proporcional en todas las escalas&rdquo; y el cese de la represi&oacute;n. Organizaciones de jubilados, junto a sindicatos, espacios de Derechos Humanos, piqueteros y agrupaciones barriales, estudiantiles y sociales, entregaron este mi&eacute;rcoles un petitorio en el Congreso y la Casa Rosada con una serie de reclamos para el sector, al &hellip; <\/p>\n","protected":false},"author":5,"featured_media":29695,"comment_status":"closed","ping_status":"closed","sticky":false,"template":"","format":"standard","meta":{"om_disable_all_campaigns":false,"_joinchat":[]},"categories":[7,3],"tags":[46,43,569],"featured_image_urls":{"full":["https:\/\/infotep.com.ar\/wp-content\/uploads\/2025\/11\/jubilados.webp",1050,720,false],"thumbnail":["https:\/\/infotep.com.ar\/wp-content\/uploads\/2025\/11\/jubilados-150x150.webp",150,150,true],"medium":["https:\/\/infotep.com.ar\/wp-content\/uploads\/2025\/11\/jubilados-300x206.webp",300,206,true],"medium_large":["https:\/\/infotep.com.ar\/wp-content\/uploads\/2025\/11\/jubilados-768x527.webp",768,527,true],"large":["https:\/\/infotep.com.ar\/wp-content\/uploads\/2025\/11\/jubilados-1024x702.webp",1020,699,true],"1536x1536":["https:\/\/infotep.com.ar\/wp-content\/uploads\/2025\/11\/jubilados.webp",1050,720,false],"2048x2048":["https:\/\/infotep.com.ar\/wp-content\/uploads\/2025\/11\/jubilados.webp",1050,720,false],"blossom-feminine-slider":["https:\/\/infotep.com.ar\/wp-content\/uploads\/2025\/11\/jubilados-1050x649.webp",1050,649,true],"blossom-feminine-featured":["https:\/\/infotep.com.ar\/wp-content\/uploads\/2025\/11\/jubilados-1050x600.webp",1050,600,true],"blossom-feminine-with-sidebar":["https:\/\/infotep.com.ar\/wp-content\/uploads\/2025\/11\/jubilados-1020x600.webp",1020,600,true],"blossom-feminine-blog":["https:\/\/infotep.com.ar\/wp-content\/uploads\/2025\/11\/jubilados-435x435.webp",435,435,true],"blossom-feminine-cat":["https:\/\/infotep.com.ar\/wp-content\/uploads\/2025\/11\/jubilados-450x300.webp",450,300,true],"blossom-feminine-related":["https:\/\/infotep.com.ar\/wp-content\/uploads\/2025\/11\/jubilados-320x200.webp",320,200,true],"blossom-feminine-schema":["https:\/\/infotep.com.ar\/wp-content\/uploads\/2025\/11\/jubilados-88x60.webp",88,60,true],"blossom-mommy-blog-slider-big":["https:\/\/infotep.com.ar\/wp-content\/uploads\/2025\/11\/jubilados-920x650.webp",920,650,true],"blossom-mommy-blog-slider":["https:\/\/infotep.com.ar\/wp-content\/uploads\/2025\/11\/jubilados-460x310.webp",460,310,true],"blossom-mommy-blog-two":["https:\/\/infotep.com.ar\/wp-content\/uploads\/2025\/11\/jubilados-768x480.webp",768,480,true]},"author_info":{"info":["Angela Tobar"]},"category_info":"<a href=\"https:\/\/infotep.com.ar\/index.php\/category\/gremios\/\" rel=\"category tag\">Gremios<\/a> <a href=\"https:\/\/infotep.com.ar\/index.php\/category\/nacionales\/\" rel=\"category tag\">Nacionales<\/a>","tag_info":"Nacionales","comment_count":"0","_links":{"self":[{"href":"https:\/\/infotep.com.ar\/index.php\/wp-json\/wp\/v2\/posts\/29694"}],"collection":[{"href":"https:\/\/infotep.com.ar\/index.php\/wp-json\/wp\/v2\/posts"}],"about":[{"href":"https:\/\/infotep.com.ar\/index.php\/wp-json\/wp\/v2\/types\/post"}],"author":[{"embeddable":true,"href":"https:\/\/infotep.com.ar\/index.php\/wp-json\/wp\/v2\/users\/5"}],"replies":[{"embeddable":true,"href":"https:\/\/infotep.com.ar\/index.php\/wp-json\/wp\/v2\/comments?post=29694"}],"version-history":[{"count":1,"href":"https:\/\/infotep.com.ar\/index.php\/wp-json\/wp\/v2\/posts\/29694\/revisions"}],"predecessor-version":[{"id":29696,"href":"https:\/\/infotep.com.ar\/index.php\/wp-json\/wp\/v2\/posts\/29694\/revisions\/29696"}],"wp:featuredmedia":[{"embeddable":true,"href":"https:\/\/infotep.com.ar\/index.php\/wp-json\/wp\/v2\/media\/29695"}],"wp:attachment":[{"href":"https:\/\/infotep.com.ar\/index.php\/wp-json\/wp\/v2\/media?parent=29694"}],"wp:term":[{"taxonomy":"category","embeddable":true,"href":"https:\/\/infotep.com.ar\/index.php\/wp-json\/wp\/v2\/categories?post=29694"},{"taxonomy":"post_tag","embeddable":true,"href":"https:\/\/infotep.com.ar\/index.php\/wp-json\/wp\/v2\/tags?post=29694"}],"curies":[{"name":"wp","href":"https:\/\/api.w.org\/{rel}","templated":true}]}}