{"id":29697,"date":"2025-11-20T01:12:11","date_gmt":"2025-11-20T04:12:11","guid":{"rendered":"https:\/\/infotep.com.ar\/?p=29697"},"modified":"2025-11-20T01:12:12","modified_gmt":"2025-11-20T04:12:12","slug":"javier-milei-abrochense-los-cinturones-porque-va-a-haber-mas-reformas","status":"publish","type":"post","link":"https:\/\/infotep.com.ar\/index.php\/2025\/11\/20\/javier-milei-abrochense-los-cinturones-porque-va-a-haber-mas-reformas\/","title":{"rendered":"Javier Milei: \u201cAbrochens\u00e9 los cinturones porque va a haber mas reformas\u201d"},"content":{"rendered":"\n<p>Los sostuvo durante una visita a la Corporaci\u00f3n Am\u00e9rica.<br>El presidente Javier Milei pidi\u00f3 ayer &#8220;abrocharse los cinturones&#8221; porque, dijo, &#8220;van a haber muchas m\u00e1s reformas&#8221;, ya que obtuvo &#8220;un mandato incontestable para profundizar la direcci\u00f3n al cambio&#8221; despu\u00e9s del respaldo obtenido por La Libertad Avanza (LLA) en las elecciones legislativas de octubre.<\/p>\n\n\n\n<p>El mandatario reiter\u00f3 que los guarismos de 41 por ciento de los votos a 24 del peronismo registrados el mes pasado otorgaron una victoria de &#8220;primera vuelta&#8221;, si se hubiera tratado de una presidencial, lo que abre perspectivas para futuras reformas, adem\u00e1s de las laboral, impositiva y del C\u00f3digo Penal.<\/p>\n\n\n\n<p><strong>&#8220;No vamos a calmar nuestra vocaci\u00f3n reformista y el apoyo que hemos tenido va a hacer que aceleremos m\u00e1s, as\u00ed que abrochens\u00e9 los cinturones porque va a haber mas reformas&#8221;, enfatiz\u00f3 al exponer durante una visita a la Corporaci\u00f3n Am\u00e9rica, empresa d\u00f3nde trabaj\u00f3 en el pasado como economista.<\/strong><\/p>\n\n\n\n<p>En esa l\u00ednea, sostuvo que su gobierno encarar\u00e1 una &#8220;segunda mitad de mandato&#8221; que dedicar\u00e1 a &#8220;generar las condiciones para crecer lo m\u00e1s posible&#8221;.<\/p>\n\n\n\n<p>&#8220;Por eso necesitamos m\u00e1s que nunca de la participaci\u00f3n activa de empresarios y dem\u00e1s exponentes del sector privado&#8221;, expres\u00f3 el mandatario.<\/p>\n\n\n\n<p>Milei tambi\u00e9n afirm\u00f3 que &#8220;si hacemos las cosas bien, el mundo podr\u00eda pasar a hablar de crecer a tasas argentinas en los pr\u00f3ximos a\u00f1os &#8220;, en referencia al debate por el Presupuesto 2026 y las reformas laboral y tributaria.<\/p>\n\n\n\n<p>El mandatario abog\u00f3 adem\u00e1s por recibir &#8220;inversi\u00f3n local y extranjera&#8221; para &#8220;capitalizar un pa\u00eds descapitalizado&#8221;.<\/p>\n\n\n\n<p>Por otro lado, record\u00f3 que previo a las elecciones de octubre su gobierno debi\u00f3 &#8220;soportar m\u00e1s de 40 leyes&#8221; del Congreso que &#8220;intentaron sabotear el programa econ\u00f3mico&#8221; de la gesti\u00f3n libertaria, mientras que se\u00f1al\u00f3 que &#8220;el pa\u00eds se pint\u00f3 de violeta cuando todos cre\u00edan un mes antes que el Gobierno se ca\u00eda&#8221;.<\/p>\n\n\n\n<p>&#8220;Y vaya que el programa econ\u00f3mico es bueno, porque por mucho menos se llevaron puestos gobiernos&#8221;, a\u00f1adi\u00f3 el mandatario sobre lo realizado por la oposici\u00f3n.<\/p>\n\n\n\n<p>A su vez, dijo que los primeros dos a\u00f1os de su gesti\u00f3n fueron para &#8220;resolver los problemas macro&#8221; y que ahora se inicia &#8220;una segunda mitad del mandato en las que se buscar\u00e1 generar las condiciones para un crecimiento lo m\u00e1s r\u00e1pido posible&#8221;.<\/p>\n\n\n\n<p>Milei hab\u00eda comenzando su exposici\u00f3n, recordando que se cumpl\u00edan dos a\u00f1os de su triunfo presidencial contra Sergio Massa: &#8220;Se cumplen dos a\u00f1os exactos de aquel balotaje en el que los argentinos eligieron al primer presidente liberal libertario en la historia mundial&#8221;, afirm\u00f3.<\/p>\n","protected":false},"excerpt":{"rendered":"<p>Los sostuvo durante una visita a la Corporaci&oacute;n Am&eacute;rica.El presidente Javier Milei pidi&oacute; ayer &ldquo;abrocharse los cinturones&rdquo; porque, dijo, &ldquo;van a haber muchas m&aacute;s reformas&rdquo;, ya que obtuvo &ldquo;un mandato incontestable para profundizar la direcci&oacute;n al cambio&rdquo; despu&eacute;s del respaldo obtenido por La Libertad Avanza (LLA) en las elecciones legislativas de octubre. El mandatario reiter&oacute; &hellip; <\/p>\n","protected":false},"author":5,"featured_media":29698,"comment_status":"closed","ping_status":"closed","sticky":false,"template":"","format":"standard","meta":{"om_disable_all_campaigns":false,"_joinchat":[]},"categories":[3],"tags":[46,43,569],"featured_image_urls":{"full":["https:\/\/infotep.com.ar\/wp-content\/uploads\/2025\/11\/milei-1.webp",1081,720,false],"thumbnail":["https:\/\/infotep.com.ar\/wp-content\/uploads\/2025\/11\/milei-1-150x150.webp",150,150,true],"medium":["https:\/\/infotep.com.ar\/wp-content\/uploads\/2025\/11\/milei-1-300x200.webp",300,200,true],"medium_large":["https:\/\/infotep.com.ar\/wp-content\/uploads\/2025\/11\/milei-1-768x512.webp",768,512,true],"large":["https:\/\/infotep.com.ar\/wp-content\/uploads\/2025\/11\/milei-1-1024x682.webp",1020,679,true],"1536x1536":["https:\/\/infotep.com.ar\/wp-content\/uploads\/2025\/11\/milei-1.webp",1081,720,false],"2048x2048":["https:\/\/infotep.com.ar\/wp-content\/uploads\/2025\/11\/milei-1.webp",1081,720,false],"blossom-feminine-slider":["https:\/\/infotep.com.ar\/wp-content\/uploads\/2025\/11\/milei-1-1081x649.webp",1081,649,true],"blossom-feminine-featured":["https:\/\/infotep.com.ar\/wp-content\/uploads\/2025\/11\/milei-1-1081x600.webp",1081,600,true],"blossom-feminine-with-sidebar":["https:\/\/infotep.com.ar\/wp-content\/uploads\/2025\/11\/milei-1-1020x600.webp",1020,600,true],"blossom-feminine-blog":["https:\/\/infotep.com.ar\/wp-content\/uploads\/2025\/11\/milei-1-435x435.webp",435,435,true],"blossom-feminine-cat":["https:\/\/infotep.com.ar\/wp-content\/uploads\/2025\/11\/milei-1-450x300.webp",450,300,true],"blossom-feminine-related":["https:\/\/infotep.com.ar\/wp-content\/uploads\/2025\/11\/milei-1-320x200.webp",320,200,true],"blossom-feminine-schema":["https:\/\/infotep.com.ar\/wp-content\/uploads\/2025\/11\/milei-1-90x60.webp",90,60,true],"blossom-mommy-blog-slider-big":["https:\/\/infotep.com.ar\/wp-content\/uploads\/2025\/11\/milei-1-920x650.webp",920,650,true],"blossom-mommy-blog-slider":["https:\/\/infotep.com.ar\/wp-content\/uploads\/2025\/11\/milei-1-460x310.webp",460,310,true],"blossom-mommy-blog-two":["https:\/\/infotep.com.ar\/wp-content\/uploads\/2025\/11\/milei-1-768x480.webp",768,480,true]},"author_info":{"info":["Angela Tobar"]},"category_info":"<a href=\"https:\/\/infotep.com.ar\/index.php\/category\/nacionales\/\" rel=\"category tag\">Nacionales<\/a>","tag_info":"Nacionales","comment_count":"0","_links":{"self":[{"href":"https:\/\/infotep.com.ar\/index.php\/wp-json\/wp\/v2\/posts\/29697"}],"collection":[{"href":"https:\/\/infotep.com.ar\/index.php\/wp-json\/wp\/v2\/posts"}],"about":[{"href":"https:\/\/infotep.com.ar\/index.php\/wp-json\/wp\/v2\/types\/post"}],"author":[{"embeddable":true,"href":"https:\/\/infotep.com.ar\/index.php\/wp-json\/wp\/v2\/users\/5"}],"replies":[{"embeddable":true,"href":"https:\/\/infotep.com.ar\/index.php\/wp-json\/wp\/v2\/comments?post=29697"}],"version-history":[{"count":1,"href":"https:\/\/infotep.com.ar\/index.php\/wp-json\/wp\/v2\/posts\/29697\/revisions"}],"predecessor-version":[{"id":29699,"href":"https:\/\/infotep.com.ar\/index.php\/wp-json\/wp\/v2\/posts\/29697\/revisions\/29699"}],"wp:featuredmedia":[{"embeddable":true,"href":"https:\/\/infotep.com.ar\/index.php\/wp-json\/wp\/v2\/media\/29698"}],"wp:attachment":[{"href":"https:\/\/infotep.com.ar\/index.php\/wp-json\/wp\/v2\/media?parent=29697"}],"wp:term":[{"taxonomy":"category","embeddable":true,"href":"https:\/\/infotep.com.ar\/index.php\/wp-json\/wp\/v2\/categories?post=29697"},{"taxonomy":"post_tag","embeddable":true,"href":"https:\/\/infotep.com.ar\/index.php\/wp-json\/wp\/v2\/tags?post=29697"}],"curies":[{"name":"wp","href":"https:\/\/api.w.org\/{rel}","templated":true}]}}