{"id":29700,"date":"2025-11-20T01:13:37","date_gmt":"2025-11-20T04:13:37","guid":{"rendered":"https:\/\/infotep.com.ar\/?p=29700"},"modified":"2025-11-20T01:13:38","modified_gmt":"2025-11-20T04:13:38","slug":"formosa-reforzo-medidas-de-seguridad-por-rebrote-de-covid-19","status":"publish","type":"post","link":"https:\/\/infotep.com.ar\/index.php\/2025\/11\/20\/formosa-reforzo-medidas-de-seguridad-por-rebrote-de-covid-19\/","title":{"rendered":"Formosa reforz\u00f3 medidas de seguridad por rebrote de COVID-19"},"content":{"rendered":"\n<p>La provincia norte\u00f1a inform\u00f3 un aumento de casos.<br>Formosa inform\u00f3 un aumento de casos de COVID-19 y el Ministerio de Desarrollo Humano de dicha provincia reforz\u00f3 las medidas de seguridad para prevenir la propagaci\u00f3n del virus.<\/p>\n\n\n\n<p>Seg\u00fan pudo saber la Agencia Noticias Argentinas, hubo 341 casos positivos en la \u00faltima semana entre 1422 test realizados en la provincia. Esto significa que un 24 por ciento de los tests fueron positivos.<\/p>\n\n\n\n<p>En un comunicado, el Ministerio de Desarrollo Humano de Formosa alent\u00f3 \u201ca continuar con el cumplimiento de las medidas de prevenci\u00f3n a fin de cortar la circulaci\u00f3n del virus y evitar que la enfermedad siga avanzando\u201d.<\/p>\n\n\n\n<p>\u201cLa cartera sanitaria hizo hincapi\u00e9 en el lavado de manos frecuente y el uso de alcohol en gel. No compartir mate, terer\u00e9, botellas, bombillas, vasos, ni otros elementos de uso personal; evitar permanecer en lugares cerrados donde hay muchas personas y en caso de que no pueda evitarse, utilizar barbijo correctamente colocado. Ventilar los ambientes, de forma cruzada; estornudar y toser en el pliegue interno del codo; usar pa\u00f1uelos descartables y evitar la cercan\u00eda con personas que tienen s\u00edntomas respiratorios\u201d agrega el comunicado.<\/p>\n","protected":false},"excerpt":{"rendered":"<p>La provincia norte&ntilde;a inform&oacute; un aumento de casos.Formosa inform&oacute; un aumento de casos de COVID-19 y el Ministerio de Desarrollo Humano de dicha provincia reforz&oacute; las medidas de seguridad para prevenir la propagaci&oacute;n del virus. Seg&uacute;n pudo saber la Agencia Noticias Argentinas, hubo 341 casos positivos en la &uacute;ltima semana entre 1422 test realizados en &hellip; <\/p>\n","protected":false},"author":5,"featured_media":29701,"comment_status":"closed","ping_status":"closed","sticky":false,"template":"","format":"standard","meta":{"om_disable_all_campaigns":false,"_joinchat":[]},"categories":[3],"tags":[46,43,569],"featured_image_urls":{"full":["https:\/\/infotep.com.ar\/wp-content\/uploads\/2025\/11\/covid.webp",877,720,false],"thumbnail":["https:\/\/infotep.com.ar\/wp-content\/uploads\/2025\/11\/covid-150x150.webp",150,150,true],"medium":["https:\/\/infotep.com.ar\/wp-content\/uploads\/2025\/11\/covid-300x246.webp",300,246,true],"medium_large":["https:\/\/infotep.com.ar\/wp-content\/uploads\/2025\/11\/covid-768x631.webp",768,631,true],"large":["https:\/\/infotep.com.ar\/wp-content\/uploads\/2025\/11\/covid.webp",877,720,false],"1536x1536":["https:\/\/infotep.com.ar\/wp-content\/uploads\/2025\/11\/covid.webp",877,720,false],"2048x2048":["https:\/\/infotep.com.ar\/wp-content\/uploads\/2025\/11\/covid.webp",877,720,false],"blossom-feminine-slider":["https:\/\/infotep.com.ar\/wp-content\/uploads\/2025\/11\/covid-877x649.webp",877,649,true],"blossom-feminine-featured":["https:\/\/infotep.com.ar\/wp-content\/uploads\/2025\/11\/covid-877x600.webp",877,600,true],"blossom-feminine-with-sidebar":["https:\/\/infotep.com.ar\/wp-content\/uploads\/2025\/11\/covid-877x600.webp",877,600,true],"blossom-feminine-blog":["https:\/\/infotep.com.ar\/wp-content\/uploads\/2025\/11\/covid-435x435.webp",435,435,true],"blossom-feminine-cat":["https:\/\/infotep.com.ar\/wp-content\/uploads\/2025\/11\/covid-450x300.webp",450,300,true],"blossom-feminine-related":["https:\/\/infotep.com.ar\/wp-content\/uploads\/2025\/11\/covid-320x200.webp",320,200,true],"blossom-feminine-schema":["https:\/\/infotep.com.ar\/wp-content\/uploads\/2025\/11\/covid-73x60.webp",73,60,true],"blossom-mommy-blog-slider-big":["https:\/\/infotep.com.ar\/wp-content\/uploads\/2025\/11\/covid-877x650.webp",877,650,true],"blossom-mommy-blog-slider":["https:\/\/infotep.com.ar\/wp-content\/uploads\/2025\/11\/covid-460x310.webp",460,310,true],"blossom-mommy-blog-two":["https:\/\/infotep.com.ar\/wp-content\/uploads\/2025\/11\/covid-768x480.webp",768,480,true]},"author_info":{"info":["Angela Tobar"]},"category_info":"<a href=\"https:\/\/infotep.com.ar\/index.php\/category\/nacionales\/\" rel=\"category tag\">Nacionales<\/a>","tag_info":"Nacionales","comment_count":"0","_links":{"self":[{"href":"https:\/\/infotep.com.ar\/index.php\/wp-json\/wp\/v2\/posts\/29700"}],"collection":[{"href":"https:\/\/infotep.com.ar\/index.php\/wp-json\/wp\/v2\/posts"}],"about":[{"href":"https:\/\/infotep.com.ar\/index.php\/wp-json\/wp\/v2\/types\/post"}],"author":[{"embeddable":true,"href":"https:\/\/infotep.com.ar\/index.php\/wp-json\/wp\/v2\/users\/5"}],"replies":[{"embeddable":true,"href":"https:\/\/infotep.com.ar\/index.php\/wp-json\/wp\/v2\/comments?post=29700"}],"version-history":[{"count":1,"href":"https:\/\/infotep.com.ar\/index.php\/wp-json\/wp\/v2\/posts\/29700\/revisions"}],"predecessor-version":[{"id":29702,"href":"https:\/\/infotep.com.ar\/index.php\/wp-json\/wp\/v2\/posts\/29700\/revisions\/29702"}],"wp:featuredmedia":[{"embeddable":true,"href":"https:\/\/infotep.com.ar\/index.php\/wp-json\/wp\/v2\/media\/29701"}],"wp:attachment":[{"href":"https:\/\/infotep.com.ar\/index.php\/wp-json\/wp\/v2\/media?parent=29700"}],"wp:term":[{"taxonomy":"category","embeddable":true,"href":"https:\/\/infotep.com.ar\/index.php\/wp-json\/wp\/v2\/categories?post=29700"},{"taxonomy":"post_tag","embeddable":true,"href":"https:\/\/infotep.com.ar\/index.php\/wp-json\/wp\/v2\/tags?post=29700"}],"curies":[{"name":"wp","href":"https:\/\/api.w.org\/{rel}","templated":true}]}}