{"id":29703,"date":"2025-11-20T01:15:41","date_gmt":"2025-11-20T04:15:41","guid":{"rendered":"https:\/\/infotep.com.ar\/?p=29703"},"modified":"2025-11-20T01:15:45","modified_gmt":"2025-11-20T04:15:45","slug":"kicillof-pidio-investigar-a-fondo-el-caso-libra-y-advirtio-sobre-el-vinculo-con-milei","status":"publish","type":"post","link":"https:\/\/infotep.com.ar\/index.php\/2025\/11\/20\/kicillof-pidio-investigar-a-fondo-el-caso-libra-y-advirtio-sobre-el-vinculo-con-milei\/","title":{"rendered":"Kicillof pidi\u00f3 \u201cinvestigar a fondo\u201d el caso $Libra y advirti\u00f3 sobre el v\u00ednculo con Milei"},"content":{"rendered":"\n<p>El gobernador de Buenos Aires reclam\u00f3 esclarecer el contexto en el que Milei promocion\u00f3 la criptomoneda.<\/p>\n\n\n\n<p>El gobernador bonaerense Axel Kicillof destac\u00f3 la \u201cseriedad\u201d de la investigaci\u00f3n del Congreso sobre el denominado Caso Libra y reclam\u00f3 \u201cinvestigar a fondo\u201d el v\u00ednculo con el presidente Javier Milei.<\/p>\n\n\n\n<p>\u201cHay mucha seriedad en el trabajo de la comisi\u00f3n; han descubierto toda una trama sobre la participaci\u00f3n en el caso\u201d, afirm\u00f3 el mandatario provincial en declaraciones a Noticias Argentinas.<\/p>\n\n\n\n<p>Kicillof sostuvo que los legisladores \u201cplantean que hay que seguir a quienes se enriquecieron\u201d y remarc\u00f3 que, seg\u00fan los avances de la investigaci\u00f3n, \u201cest\u00e1 involucrado el mism\u00edsimo Presidente\u201d.<\/p>\n\n\n\n<p>\u201cCon toda la prudencia del caso, pido que se investigue a fondo. Incluso en \u00e1mbitos como las Naciones Unidas se habla de estos temas\u201d, advirti\u00f3.<\/p>\n\n\n\n<p>El gobernador tambi\u00e9n mencion\u00f3 las declaraciones del estadounidense Hayden Davis, quien \u201cdice que el dinero que se puso pertenece al c\u00edrculo del Presidente\u201d, lo que, seg\u00fan se\u00f1al\u00f3, \u201cagrava la necesidad de esclarecer lo ocurrido\u201d.<\/p>\n\n\n\n<p><strong>La relaci\u00f3n con el Gobierno<br><\/strong>Consultado sobre si espera ser convocado por el ministro del Interior, Diego Santilli, para dialogar, Kicillof se mostr\u00f3 esc\u00e9ptico.<\/p>\n\n\n\n<p>\u201cEs dif\u00edcil. Espero que los funcionarios perduren en el tiempo y puedan cumplir sus funciones\u201d, expres\u00f3, al responder sobre si ten\u00eda expectativas de ser convocado.<\/p>\n","protected":false},"excerpt":{"rendered":"<p>El gobernador de Buenos Aires reclam&oacute; esclarecer el contexto en el que Milei promocion&oacute; la criptomoneda. El gobernador bonaerense Axel Kicillof destac&oacute; la &ldquo;seriedad&rdquo; de la investigaci&oacute;n del Congreso sobre el denominado Caso Libra y reclam&oacute; &ldquo;investigar a fondo&rdquo; el v&iacute;nculo con el presidente Javier Milei. &ldquo;Hay mucha seriedad en el trabajo de la comisi&oacute;n; &hellip; <\/p>\n","protected":false},"author":5,"featured_media":20797,"comment_status":"closed","ping_status":"closed","sticky":false,"template":"","format":"standard","meta":{"om_disable_all_campaigns":false,"_joinchat":[]},"categories":[4],"tags":[46,43,569],"featured_image_urls":{"full":["https:\/\/infotep.com.ar\/wp-content\/uploads\/2025\/02\/kicillof.webp",1080,720,false],"thumbnail":["https:\/\/infotep.com.ar\/wp-content\/uploads\/2025\/02\/kicillof-150x150.webp",150,150,true],"medium":["https:\/\/infotep.com.ar\/wp-content\/uploads\/2025\/02\/kicillof-300x200.webp",300,200,true],"medium_large":["https:\/\/infotep.com.ar\/wp-content\/uploads\/2025\/02\/kicillof-768x512.webp",768,512,true],"large":["https:\/\/infotep.com.ar\/wp-content\/uploads\/2025\/02\/kicillof-1024x683.webp",1020,680,true],"1536x1536":["https:\/\/infotep.com.ar\/wp-content\/uploads\/2025\/02\/kicillof.webp",1080,720,false],"2048x2048":["https:\/\/infotep.com.ar\/wp-content\/uploads\/2025\/02\/kicillof.webp",1080,720,false],"blossom-feminine-slider":["https:\/\/infotep.com.ar\/wp-content\/uploads\/2025\/02\/kicillof-1080x649.webp",1080,649,true],"blossom-feminine-featured":["https:\/\/infotep.com.ar\/wp-content\/uploads\/2025\/02\/kicillof-1080x600.webp",1080,600,true],"blossom-feminine-with-sidebar":["https:\/\/infotep.com.ar\/wp-content\/uploads\/2025\/02\/kicillof-1020x600.webp",1020,600,true],"blossom-feminine-blog":["https:\/\/infotep.com.ar\/wp-content\/uploads\/2025\/02\/kicillof-435x435.webp",435,435,true],"blossom-feminine-cat":["https:\/\/infotep.com.ar\/wp-content\/uploads\/2025\/02\/kicillof-450x300.webp",450,300,true],"blossom-feminine-related":["https:\/\/infotep.com.ar\/wp-content\/uploads\/2025\/02\/kicillof-320x200.webp",320,200,true],"blossom-feminine-schema":["https:\/\/infotep.com.ar\/wp-content\/uploads\/2025\/02\/kicillof-90x60.webp",90,60,true],"blossom-mommy-blog-slider-big":["https:\/\/infotep.com.ar\/wp-content\/uploads\/2025\/02\/kicillof-920x650.webp",920,650,true],"blossom-mommy-blog-slider":["https:\/\/infotep.com.ar\/wp-content\/uploads\/2025\/02\/kicillof-460x310.webp",460,310,true],"blossom-mommy-blog-two":["https:\/\/infotep.com.ar\/wp-content\/uploads\/2025\/02\/kicillof-768x480.webp",768,480,true]},"author_info":{"info":["Angela Tobar"]},"category_info":"<a href=\"https:\/\/infotep.com.ar\/index.php\/category\/provinciales\/\" rel=\"category tag\">Provinciales<\/a>","tag_info":"Provinciales","comment_count":"0","_links":{"self":[{"href":"https:\/\/infotep.com.ar\/index.php\/wp-json\/wp\/v2\/posts\/29703"}],"collection":[{"href":"https:\/\/infotep.com.ar\/index.php\/wp-json\/wp\/v2\/posts"}],"about":[{"href":"https:\/\/infotep.com.ar\/index.php\/wp-json\/wp\/v2\/types\/post"}],"author":[{"embeddable":true,"href":"https:\/\/infotep.com.ar\/index.php\/wp-json\/wp\/v2\/users\/5"}],"replies":[{"embeddable":true,"href":"https:\/\/infotep.com.ar\/index.php\/wp-json\/wp\/v2\/comments?post=29703"}],"version-history":[{"count":1,"href":"https:\/\/infotep.com.ar\/index.php\/wp-json\/wp\/v2\/posts\/29703\/revisions"}],"predecessor-version":[{"id":29704,"href":"https:\/\/infotep.com.ar\/index.php\/wp-json\/wp\/v2\/posts\/29703\/revisions\/29704"}],"wp:featuredmedia":[{"embeddable":true,"href":"https:\/\/infotep.com.ar\/index.php\/wp-json\/wp\/v2\/media\/20797"}],"wp:attachment":[{"href":"https:\/\/infotep.com.ar\/index.php\/wp-json\/wp\/v2\/media?parent=29703"}],"wp:term":[{"taxonomy":"category","embeddable":true,"href":"https:\/\/infotep.com.ar\/index.php\/wp-json\/wp\/v2\/categories?post=29703"},{"taxonomy":"post_tag","embeddable":true,"href":"https:\/\/infotep.com.ar\/index.php\/wp-json\/wp\/v2\/tags?post=29703"}],"curies":[{"name":"wp","href":"https:\/\/api.w.org\/{rel}","templated":true}]}}