{"id":2972,"date":"2023-01-25T15:00:20","date_gmt":"2023-01-25T18:00:20","guid":{"rendered":"https:\/\/infotep.com.ar\/?p=2972"},"modified":"2023-01-26T23:55:59","modified_gmt":"2023-01-27T02:55:59","slug":"no-encuentro-consuelo-el-posteo-del-papa-de-la-nena-de-dos-anos-asesinada-en-merlo","status":"publish","type":"post","link":"https:\/\/infotep.com.ar\/index.php\/2023\/01\/25\/no-encuentro-consuelo-el-posteo-del-papa-de-la-nena-de-dos-anos-asesinada-en-merlo\/","title":{"rendered":"&#8220;No encuentro consuelo&#8221;, el posteo del pap\u00e1 de la nena de dos a\u00f1os asesinada en Merlo"},"content":{"rendered":"\n<p>El pap\u00e1 de Milena Torres, la beba asesinada a golpes en Merlo, hecho por el cual fueron detenidos su madre y a pareja de ella, manifest\u00f3 mediante un posteo en las redes sociales que no encuentra consuelo ante lo sucedido.<\/p>\n\n\n\n<p>&#8220;Que descanses en paz hija, te voy a extra\u00f1ar mucho, hija. No s\u00e9 c\u00f3mo voy a hacer para poder seguir adelante, te amo hija\u2026te voy a extra\u00f1ar mucho amor de pap\u00e1.. no encuentro palabras para expresar el dolor que siento\u2026&#8221;, public\u00f3 tras el crimen Franco Sena en su muro de Facebook.<\/p>\n\n\n\n<p>En otra publicaci\u00f3n, el padre de Milena agreg\u00f3: &#8220;Es la justicia que tenemos. Como padre estoy destruido. Ahora que se haga justicia por mi hija. Y que no los larguen en 2 o 3 a\u00f1os como pasa muchas veces, que paguen lo que hicieron&#8221;.<\/p>\n\n\n\n<p><strong>El hombre se refiri\u00f3 as\u00ed a la mam\u00e1 de la nena, Milagros Esther Torres (22) y a la pareja, Dar\u00edo Eduardo Chamorro (26), con quienes su hija viv\u00eda desde hac\u00eda pocos meses, cuando la Justicia de Familia de Pilar resolvi\u00f3 sacarla de su casa y restitu\u00edrsela a su madre.<\/strong><\/p>\n\n\n\n<p>Por su parte, a pocos d\u00edas del crimen de Milena y cuando a\u00fan no hab\u00eda sido detenida, su madre tambi\u00e9n subi\u00f3 un mensaje a Facebook que poco despu\u00e9s fue repudiado por numerosas personas al enterarse de su arresto.<\/p>\n\n\n\n<p>&#8220;Mi princesa hermosa, justo ahora que te recuper\u00e9 tiene que pasar todo esto. La verdad que es doloroso perder a alguien y justo vos te tuviste que ir mi beb\u00e9 hermosa perd\u00f3n porque no fui esa madre que se fije en todo, perd\u00f3n beb\u00e9 hermosa. Te juro que te voy a extra\u00f1ar. El dolor que llevo dentro no se compara con nada. Eras tan chiquita, toda una vida por delante mi reina&#8221;.<\/p>\n\n\n\n<p class=\"has-white-background-color has-background\">La mujer se encuentra desde el pasado viernes detenida junto a su pareja Chamorro, quien en las \u00faltimas horas debi\u00f3 ser trasladado desde la comisar\u00eda San Antonio de Padua, donde estaba alojado, hasta la de Libertad, tras ser agredido por otros presos que lo arrinconaron en un sector de la celda, lo insultaron y lo golpearon en el rostro, seg\u00fan dijeron voceros judiciales a T\u00e9lam.<\/p>\n\n\n\n<p>Si bien Chamorro no quiso hacer la denuncia, en ese hecho tom\u00f3 intervenci\u00f3n de oficio la UFI 2 de Mor\u00f3n, que dispuso un reconocimiento m\u00e9dico, aunque no se constataron lesiones, a\u00f1adieron los informantes.<\/p>\n\n\n\n<p class=\"has-light-green-cyan-background-color has-background\">De acuerdo a lo que va de la pesquisa del crimen, Milena hab\u00eda sido restituida hac\u00eda pocos meses a su madre debido a que hab\u00eda conseguido un lugar para vivir cuando se mud\u00f3 con Chamorro.<\/p>\n\n\n\n<p>La causa se inici\u00f3 el mi\u00e9rcoles de la semana pasada cuando la pareja fue al hospital H\u00e9roes de Malvinas de Merlo con la ni\u00f1a ya fallecida y dijo que se hab\u00eda ca\u00eddo de la cama y convulsionado, lo cual fue desestimado luego por la autopsia.<\/p>\n\n\n\n<p>Es que el estudio forense revel\u00f3 la presencia de &#8220;traumatismo de cr\u00e1neo con sangrado, \u00falcera en la vejiga con da\u00f1o hep\u00e1tico, traumatismo de abdomen con lesi\u00f3n hep\u00e1tica y una fisura en la tibia de la pierna derecha de aproximadamente un mes&#8221;, por lo que la Justicia orden\u00f3 al arresto de su madre y su pareja por el delito de &#8220;homicidio agravado por el v\u00ednculo&#8221;<\/p>\n\n\n\n<p>Para ello la fiscal Adriana Su\u00e1rez Corripio, a cargo de la Unidad Funcional de Instrucci\u00f3n (UFI) 8 de Mor\u00f3n, orden\u00f3 un allanamiento de urgencia en la vivienda familiar ubicada en la calle Jos\u00e9 Ingenieros al 1200 de la localidad de Mariano Acosta, en Merlo, donde apres\u00f3 a la pareja, quien se neg\u00f3 a declarar a ser indagada en el marco de la causa.<\/p>\n","protected":false},"excerpt":{"rendered":"<p>El pap&aacute; de Milena Torres, la beba asesinada a golpes en Merlo, hecho por el cual fueron detenidos su madre y a pareja de ella, manifest&oacute; mediante un posteo en las redes sociales que no encuentra consuelo ante lo sucedido. &ldquo;Que descanses en paz hija, te voy a extra&ntilde;ar mucho, hija. No s&eacute; c&oacute;mo voy &hellip; <\/p>\n","protected":false},"author":5,"featured_media":2973,"comment_status":"closed","ping_status":"closed","sticky":false,"template":"","format":"standard","meta":{"om_disable_all_campaigns":false,"_joinchat":[]},"categories":[10],"tags":[46,287,43],"featured_image_urls":{"full":["https:\/\/infotep.com.ar\/wp-content\/uploads\/2023\/01\/crimen-milena-torres-padua.jpg",740,470,false],"thumbnail":["https:\/\/infotep.com.ar\/wp-content\/uploads\/2023\/01\/crimen-milena-torres-padua-150x150.jpg",150,150,true],"medium":["https:\/\/infotep.com.ar\/wp-content\/uploads\/2023\/01\/crimen-milena-torres-padua-300x191.jpg",300,191,true],"medium_large":["https:\/\/infotep.com.ar\/wp-content\/uploads\/2023\/01\/crimen-milena-torres-padua.jpg",740,470,false],"large":["https:\/\/infotep.com.ar\/wp-content\/uploads\/2023\/01\/crimen-milena-torres-padua.jpg",740,470,false],"1536x1536":["https:\/\/infotep.com.ar\/wp-content\/uploads\/2023\/01\/crimen-milena-torres-padua.jpg",740,470,false],"2048x2048":["https:\/\/infotep.com.ar\/wp-content\/uploads\/2023\/01\/crimen-milena-torres-padua.jpg",740,470,false],"blossom-feminine-slider":["https:\/\/infotep.com.ar\/wp-content\/uploads\/2023\/01\/crimen-milena-torres-padua.jpg",740,470,false],"blossom-feminine-featured":["https:\/\/infotep.com.ar\/wp-content\/uploads\/2023\/01\/crimen-milena-torres-padua.jpg",740,470,false],"blossom-feminine-with-sidebar":["https:\/\/infotep.com.ar\/wp-content\/uploads\/2023\/01\/crimen-milena-torres-padua.jpg",740,470,false],"blossom-feminine-blog":["https:\/\/infotep.com.ar\/wp-content\/uploads\/2023\/01\/crimen-milena-torres-padua-435x435.jpg",435,435,true],"blossom-feminine-cat":["https:\/\/infotep.com.ar\/wp-content\/uploads\/2023\/01\/crimen-milena-torres-padua-450x300.jpg",450,300,true],"blossom-feminine-related":["https:\/\/infotep.com.ar\/wp-content\/uploads\/2023\/01\/crimen-milena-torres-padua-320x200.jpg",320,200,true],"blossom-feminine-schema":["https:\/\/infotep.com.ar\/wp-content\/uploads\/2023\/01\/crimen-milena-torres-padua-94x60.jpg",94,60,true],"blossom-mommy-blog-slider-big":["https:\/\/infotep.com.ar\/wp-content\/uploads\/2023\/01\/crimen-milena-torres-padua.jpg",740,470,false],"blossom-mommy-blog-slider":["https:\/\/infotep.com.ar\/wp-content\/uploads\/2023\/01\/crimen-milena-torres-padua-460x310.jpg",460,310,true],"blossom-mommy-blog-two":["https:\/\/infotep.com.ar\/wp-content\/uploads\/2023\/01\/crimen-milena-torres-padua.jpg",740,470,false]},"author_info":{"info":["Angela Tobar"]},"category_info":"<a href=\"https:\/\/infotep.com.ar\/index.php\/category\/municipales\/merlo\/\" rel=\"category tag\">Merlo<\/a>","tag_info":"Merlo","comment_count":"0","_links":{"self":[{"href":"https:\/\/infotep.com.ar\/index.php\/wp-json\/wp\/v2\/posts\/2972"}],"collection":[{"href":"https:\/\/infotep.com.ar\/index.php\/wp-json\/wp\/v2\/posts"}],"about":[{"href":"https:\/\/infotep.com.ar\/index.php\/wp-json\/wp\/v2\/types\/post"}],"author":[{"embeddable":true,"href":"https:\/\/infotep.com.ar\/index.php\/wp-json\/wp\/v2\/users\/5"}],"replies":[{"embeddable":true,"href":"https:\/\/infotep.com.ar\/index.php\/wp-json\/wp\/v2\/comments?post=2972"}],"version-history":[{"count":1,"href":"https:\/\/infotep.com.ar\/index.php\/wp-json\/wp\/v2\/posts\/2972\/revisions"}],"predecessor-version":[{"id":2974,"href":"https:\/\/infotep.com.ar\/index.php\/wp-json\/wp\/v2\/posts\/2972\/revisions\/2974"}],"wp:featuredmedia":[{"embeddable":true,"href":"https:\/\/infotep.com.ar\/index.php\/wp-json\/wp\/v2\/media\/2973"}],"wp:attachment":[{"href":"https:\/\/infotep.com.ar\/index.php\/wp-json\/wp\/v2\/media?parent=2972"}],"wp:term":[{"taxonomy":"category","embeddable":true,"href":"https:\/\/infotep.com.ar\/index.php\/wp-json\/wp\/v2\/categories?post=2972"},{"taxonomy":"post_tag","embeddable":true,"href":"https:\/\/infotep.com.ar\/index.php\/wp-json\/wp\/v2\/tags?post=2972"}],"curies":[{"name":"wp","href":"https:\/\/api.w.org\/{rel}","templated":true}]}}