{"id":29737,"date":"2025-11-24T13:22:04","date_gmt":"2025-11-24T16:22:04","guid":{"rendered":"https:\/\/infotep.com.ar\/?p=29737"},"modified":"2025-11-24T14:00:50","modified_gmt":"2025-11-24T17:00:50","slug":"flavia-terigi-reemplazara-a-sileoni-como-directora-de-cultura-y-educacion-bonaerense","status":"publish","type":"post","link":"https:\/\/infotep.com.ar\/index.php\/2025\/11\/24\/flavia-terigi-reemplazara-a-sileoni-como-directora-de-cultura-y-educacion-bonaerense\/","title":{"rendered":"Flavia Terigi reemplazar\u00e1 a Sileoni como directora de Cultura y Educaci\u00f3n bonaerense"},"content":{"rendered":"\n<p>El gobernador Axel Kicillof enviar\u00e1 el pliego para la designaci\u00f3n de la nueva funcionaria.<br><br>El gobernador de la provincia de Buenos Aires, Axel Kicillof, enviar\u00e1 este mi\u00e9rcoles 26 a la Legislatura bonaerense el pliego para la designaci\u00f3n de Flavia Terigi como directora general de Cultura y Educaci\u00f3n en reemplazo de Alberto Sileoni quien dejar\u00e1 su cargo \u201cpor razones personales\u201d.<\/p>\n\n\n\n<p>Seg\u00fan el comunicado el ahora ex titular de Educaci\u00f3n agradeci\u00f3 al mandatario provincial \u201cla oportunidad y el honor\u201d que le otorg\u00f3 para comandar el sistema educativo bonaerense y \u201cubicar\u201d a la educaci\u00f3n \u201cen el centro de su gesti\u00f3n\u201d.<\/p>\n\n\n\n<p class=\"has-light-green-cyan-background-color has-background\">\u201cTransformaciones curriculares, presencia territorial, cercan\u00eda con las escuelas y desarrollo de la infraestructura han sido algunas de las prioridades en estos a\u00f1os de trabajo\u201d, se\u00f1al\u00f3 Sileoni.<\/p>\n\n\n\n<p>En la misma l\u00ednea, comunic\u00f3 que \u201cseguir\u00e1 acompa\u00f1ando\u201d al gobernador \u201cdesde otros espacios\u201d y destac\u00f3 \u201ccon orgulloso\u201d a las personas que conforman el sistema educativo de la provincia como estudiantes, docentes, auxiliares, cooperadoras, funcionarios, organizaciones gremiales y familias.<\/p>\n\n\n\n<p><strong>Su reemplazante, Flavia Terigi es pedagoga recibida en la Universidad de Buenos Aires (UBA), mag\u00edster en Ciencias Sociales de FLACSO, doctora en Psicolog\u00eda de Universidad Aut\u00f3noma de Madrid y docente de Ense\u00f1anza Primaria<\/strong><\/p>\n\n\n\n<p>Ejerce como rectora de la Universidad Nacional de General Sarmiento, desde agosto de 2022; es profesora titular regular de la Facultad de Filosof\u00eda y Letras de UBA, e integra el Consejo Nacional de la Calidad de la Educaci\u00f3n, creado por la Ley de Educaci\u00f3n Nacional (Ley 26206), como representante del campo acad\u00e9mico.<\/p>\n","protected":false},"excerpt":{"rendered":"<p>El gobernador Axel Kicillof enviar&aacute; el pliego para la designaci&oacute;n de la nueva funcionaria. El gobernador de la provincia de Buenos Aires, Axel Kicillof, enviar&aacute; este mi&eacute;rcoles 26 a la Legislatura bonaerense el pliego para la designaci&oacute;n de Flavia Terigi como directora general de Cultura y Educaci&oacute;n en reemplazo de Alberto Sileoni quien dejar&aacute; su &hellip; <\/p>\n","protected":false},"author":5,"featured_media":29764,"comment_status":"closed","ping_status":"closed","sticky":false,"template":"","format":"standard","meta":{"om_disable_all_campaigns":false,"_joinchat":[]},"categories":[31,4],"tags":[46,43,569],"featured_image_urls":{"full":["https:\/\/infotep.com.ar\/wp-content\/uploads\/2025\/11\/terigi1.jpg",743,530,false],"thumbnail":["https:\/\/infotep.com.ar\/wp-content\/uploads\/2025\/11\/terigi1-150x150.jpg",150,150,true],"medium":["https:\/\/infotep.com.ar\/wp-content\/uploads\/2025\/11\/terigi1-300x214.jpg",300,214,true],"medium_large":["https:\/\/infotep.com.ar\/wp-content\/uploads\/2025\/11\/terigi1.jpg",743,530,false],"large":["https:\/\/infotep.com.ar\/wp-content\/uploads\/2025\/11\/terigi1.jpg",743,530,false],"1536x1536":["https:\/\/infotep.com.ar\/wp-content\/uploads\/2025\/11\/terigi1.jpg",743,530,false],"2048x2048":["https:\/\/infotep.com.ar\/wp-content\/uploads\/2025\/11\/terigi1.jpg",743,530,false],"blossom-feminine-slider":["https:\/\/infotep.com.ar\/wp-content\/uploads\/2025\/11\/terigi1.jpg",743,530,false],"blossom-feminine-featured":["https:\/\/infotep.com.ar\/wp-content\/uploads\/2025\/11\/terigi1.jpg",743,530,false],"blossom-feminine-with-sidebar":["https:\/\/infotep.com.ar\/wp-content\/uploads\/2025\/11\/terigi1.jpg",743,530,false],"blossom-feminine-blog":["https:\/\/infotep.com.ar\/wp-content\/uploads\/2025\/11\/terigi1-435x435.jpg",435,435,true],"blossom-feminine-cat":["https:\/\/infotep.com.ar\/wp-content\/uploads\/2025\/11\/terigi1-450x300.jpg",450,300,true],"blossom-feminine-related":["https:\/\/infotep.com.ar\/wp-content\/uploads\/2025\/11\/terigi1-320x200.jpg",320,200,true],"blossom-feminine-schema":["https:\/\/infotep.com.ar\/wp-content\/uploads\/2025\/11\/terigi1-84x60.jpg",84,60,true],"blossom-mommy-blog-slider-big":["https:\/\/infotep.com.ar\/wp-content\/uploads\/2025\/11\/terigi1.jpg",743,530,false],"blossom-mommy-blog-slider":["https:\/\/infotep.com.ar\/wp-content\/uploads\/2025\/11\/terigi1-460x310.jpg",460,310,true],"blossom-mommy-blog-two":["https:\/\/infotep.com.ar\/wp-content\/uploads\/2025\/11\/terigi1-743x480.jpg",743,480,true]},"author_info":{"info":["Angela Tobar"]},"category_info":"<a href=\"https:\/\/infotep.com.ar\/index.php\/category\/destacadas\/\" rel=\"category tag\">Destacadas<\/a> <a href=\"https:\/\/infotep.com.ar\/index.php\/category\/provinciales\/\" rel=\"category tag\">Provinciales<\/a>","tag_info":"Provinciales","comment_count":"0","_links":{"self":[{"href":"https:\/\/infotep.com.ar\/index.php\/wp-json\/wp\/v2\/posts\/29737"}],"collection":[{"href":"https:\/\/infotep.com.ar\/index.php\/wp-json\/wp\/v2\/posts"}],"about":[{"href":"https:\/\/infotep.com.ar\/index.php\/wp-json\/wp\/v2\/types\/post"}],"author":[{"embeddable":true,"href":"https:\/\/infotep.com.ar\/index.php\/wp-json\/wp\/v2\/users\/5"}],"replies":[{"embeddable":true,"href":"https:\/\/infotep.com.ar\/index.php\/wp-json\/wp\/v2\/comments?post=29737"}],"version-history":[{"count":1,"href":"https:\/\/infotep.com.ar\/index.php\/wp-json\/wp\/v2\/posts\/29737\/revisions"}],"predecessor-version":[{"id":29739,"href":"https:\/\/infotep.com.ar\/index.php\/wp-json\/wp\/v2\/posts\/29737\/revisions\/29739"}],"wp:featuredmedia":[{"embeddable":true,"href":"https:\/\/infotep.com.ar\/index.php\/wp-json\/wp\/v2\/media\/29764"}],"wp:attachment":[{"href":"https:\/\/infotep.com.ar\/index.php\/wp-json\/wp\/v2\/media?parent=29737"}],"wp:term":[{"taxonomy":"category","embeddable":true,"href":"https:\/\/infotep.com.ar\/index.php\/wp-json\/wp\/v2\/categories?post=29737"},{"taxonomy":"post_tag","embeddable":true,"href":"https:\/\/infotep.com.ar\/index.php\/wp-json\/wp\/v2\/tags?post=29737"}],"curies":[{"name":"wp","href":"https:\/\/api.w.org\/{rel}","templated":true}]}}