{"id":29745,"date":"2025-11-24T13:32:09","date_gmt":"2025-11-24T16:32:09","guid":{"rendered":"https:\/\/infotep.com.ar\/?p=29745"},"modified":"2025-11-24T13:32:11","modified_gmt":"2025-11-24T16:32:11","slug":"merlo-fue-sede-del-preconsquin-2026","status":"publish","type":"post","link":"https:\/\/infotep.com.ar\/index.php\/2025\/11\/24\/merlo-fue-sede-del-preconsquin-2026\/","title":{"rendered":"Merlo fue sede del Preconsqu\u00edn 2026"},"content":{"rendered":"\n<p>M\u00e1s de 180 artistas de Merlo participaron de una nueva edici\u00f3n del Precosqu\u00edn, donde demostraron todo su talento, en la Casa de la Cultura. Hubo presentaciones de canto, danza, d\u00faos vocales y conjuntos instrumentales.<\/p>\n\n\n\n<p>\u201cCelebramos profundamente estos espacios culturales porque son parte de nuestra tradici\u00f3n y Merlo, de la mano del Intendente Gustavo Men\u00e9ndez, respeta la historia y la identidad\u201d, sostuvo el Subsecretario de Cultura, Federico Picasso.<\/p>\n\n\n\n<p><a href=\"https:\/\/infotep.com.ar\/wp-admin\/edit.php?post_type=post\"><\/a><\/p>\n\n\n\n<p>Los artistas fueron evaluados por un jurado compuesto por Silvina Lafalce, Jorge Garc\u00eda y Matias Rodogno en Danza, y por Viviana Cerino, Paulino P\u00e9rez y Hern\u00e1n Pagola en M\u00fasica.<\/p>\n\n\n\n<p>Musica:<br>\u2013 Conjunto vocal : \u201cArcanos\u201d<br>\u2013 D\u00fao vocal: \u201cDonaire\u201d<br>\u2013 Solista vocal: Pablo S\u00e1nchez \u2013 Karen Mart\u00ednez<br>\u2013 Solista instrumental: Candelaria Tabares<br>\u2013 Canci\u00f3n In\u00e9dita: \u201cDespunta un grito\u2026\u201d (Huella) \u2013 Alejandro Gonz\u00e1lez<\/p>\n\n\n\n<p>Danza:<br>\u2013 Conjunto de baile folkl\u00f3rico: \u201cEl federal\u201d<br>\u2013 Conjunto de Malambo: \u201cDel mismo campo\u201d<br>\u2013 Pareja de baile tradicional: Faut \u2013 Sclavi<br>\u2013 Pareja de baile estilizada: Alvero \u2013 Barraza<br>\u2013 Solista de Malambo masculino: Lautaro Fern\u00e1ndez<br>\u2013 Solista de Malambo femenino: Milena Barrios<br>El Pre Cosqu\u00edn 2026 otorga la posibilidad a los artistas de todo el pa\u00eds de competir para lograr un lugar y representar a sus sedes en la ciudad de Cosqu\u00edn, en el escenario Mayor Pr\u00f3spero Molina, buscando el sue\u00f1o de participar en una de las nueve lunas.<\/p>\n\n\n\n<p><\/p>\n","protected":false},"excerpt":{"rendered":"<p>M&aacute;s de 180 artistas de Merlo participaron de una nueva edici&oacute;n del Precosqu&iacute;n, donde demostraron todo su talento, en la Casa de la Cultura. Hubo presentaciones de canto, danza, d&uacute;os vocales y conjuntos instrumentales. &ldquo;Celebramos profundamente estos espacios culturales porque son parte de nuestra tradici&oacute;n y Merlo, de la mano del Intendente Gustavo Men&eacute;ndez, respeta &hellip; <\/p>\n","protected":false},"author":5,"featured_media":29746,"comment_status":"closed","ping_status":"closed","sticky":false,"template":"","format":"standard","meta":{"om_disable_all_campaigns":false,"_joinchat":[]},"categories":[10],"tags":[46,43,569],"featured_image_urls":{"full":["https:\/\/infotep.com.ar\/wp-content\/uploads\/2025\/11\/PRECOSQUIN-10.jpg",900,506,false],"thumbnail":["https:\/\/infotep.com.ar\/wp-content\/uploads\/2025\/11\/PRECOSQUIN-10-150x150.jpg",150,150,true],"medium":["https:\/\/infotep.com.ar\/wp-content\/uploads\/2025\/11\/PRECOSQUIN-10-300x169.jpg",300,169,true],"medium_large":["https:\/\/infotep.com.ar\/wp-content\/uploads\/2025\/11\/PRECOSQUIN-10-768x432.jpg",768,432,true],"large":["https:\/\/infotep.com.ar\/wp-content\/uploads\/2025\/11\/PRECOSQUIN-10.jpg",900,506,false],"1536x1536":["https:\/\/infotep.com.ar\/wp-content\/uploads\/2025\/11\/PRECOSQUIN-10.jpg",900,506,false],"2048x2048":["https:\/\/infotep.com.ar\/wp-content\/uploads\/2025\/11\/PRECOSQUIN-10.jpg",900,506,false],"blossom-feminine-slider":["https:\/\/infotep.com.ar\/wp-content\/uploads\/2025\/11\/PRECOSQUIN-10.jpg",900,506,false],"blossom-feminine-featured":["https:\/\/infotep.com.ar\/wp-content\/uploads\/2025\/11\/PRECOSQUIN-10.jpg",900,506,false],"blossom-feminine-with-sidebar":["https:\/\/infotep.com.ar\/wp-content\/uploads\/2025\/11\/PRECOSQUIN-10.jpg",900,506,false],"blossom-feminine-blog":["https:\/\/infotep.com.ar\/wp-content\/uploads\/2025\/11\/PRECOSQUIN-10-435x435.jpg",435,435,true],"blossom-feminine-cat":["https:\/\/infotep.com.ar\/wp-content\/uploads\/2025\/11\/PRECOSQUIN-10-450x300.jpg",450,300,true],"blossom-feminine-related":["https:\/\/infotep.com.ar\/wp-content\/uploads\/2025\/11\/PRECOSQUIN-10-320x200.jpg",320,200,true],"blossom-feminine-schema":["https:\/\/infotep.com.ar\/wp-content\/uploads\/2025\/11\/PRECOSQUIN-10-107x60.jpg",107,60,true],"blossom-mommy-blog-slider-big":["https:\/\/infotep.com.ar\/wp-content\/uploads\/2025\/11\/PRECOSQUIN-10.jpg",900,506,false],"blossom-mommy-blog-slider":["https:\/\/infotep.com.ar\/wp-content\/uploads\/2025\/11\/PRECOSQUIN-10-460x310.jpg",460,310,true],"blossom-mommy-blog-two":["https:\/\/infotep.com.ar\/wp-content\/uploads\/2025\/11\/PRECOSQUIN-10-768x480.jpg",768,480,true]},"author_info":{"info":["Angela Tobar"]},"category_info":"<a href=\"https:\/\/infotep.com.ar\/index.php\/category\/municipales\/merlo\/\" rel=\"category tag\">Merlo<\/a>","tag_info":"Merlo","comment_count":"0","_links":{"self":[{"href":"https:\/\/infotep.com.ar\/index.php\/wp-json\/wp\/v2\/posts\/29745"}],"collection":[{"href":"https:\/\/infotep.com.ar\/index.php\/wp-json\/wp\/v2\/posts"}],"about":[{"href":"https:\/\/infotep.com.ar\/index.php\/wp-json\/wp\/v2\/types\/post"}],"author":[{"embeddable":true,"href":"https:\/\/infotep.com.ar\/index.php\/wp-json\/wp\/v2\/users\/5"}],"replies":[{"embeddable":true,"href":"https:\/\/infotep.com.ar\/index.php\/wp-json\/wp\/v2\/comments?post=29745"}],"version-history":[{"count":1,"href":"https:\/\/infotep.com.ar\/index.php\/wp-json\/wp\/v2\/posts\/29745\/revisions"}],"predecessor-version":[{"id":29747,"href":"https:\/\/infotep.com.ar\/index.php\/wp-json\/wp\/v2\/posts\/29745\/revisions\/29747"}],"wp:featuredmedia":[{"embeddable":true,"href":"https:\/\/infotep.com.ar\/index.php\/wp-json\/wp\/v2\/media\/29746"}],"wp:attachment":[{"href":"https:\/\/infotep.com.ar\/index.php\/wp-json\/wp\/v2\/media?parent=29745"}],"wp:term":[{"taxonomy":"category","embeddable":true,"href":"https:\/\/infotep.com.ar\/index.php\/wp-json\/wp\/v2\/categories?post=29745"},{"taxonomy":"post_tag","embeddable":true,"href":"https:\/\/infotep.com.ar\/index.php\/wp-json\/wp\/v2\/tags?post=29745"}],"curies":[{"name":"wp","href":"https:\/\/api.w.org\/{rel}","templated":true}]}}