{"id":29757,"date":"2025-11-24T13:52:48","date_gmt":"2025-11-24T16:52:48","guid":{"rendered":"https:\/\/infotep.com.ar\/?p=29757"},"modified":"2025-11-24T13:52:49","modified_gmt":"2025-11-24T16:52:49","slug":"estela-de-carlotto-rechazo-la-designacion-de-presti-y-dijo-que-es-una-provocacion","status":"publish","type":"post","link":"https:\/\/infotep.com.ar\/index.php\/2025\/11\/24\/estela-de-carlotto-rechazo-la-designacion-de-presti-y-dijo-que-es-una-provocacion\/","title":{"rendered":"Estela de Carlotto rechaz\u00f3 la designaci\u00f3n de Presti y dijo que es una &#8220;provocaci\u00f3n&#8221;"},"content":{"rendered":"\n<p>La presidenta de Abuelas de Plaza de Mayo se\u00f1al\u00f3 que \u201clas pol\u00edticas de Estado las deben manejar los civiles\u201d.<br><br><strong>La presidenta de Abuelas de Plaza de Mayo, Estela de Carlotto, critic\u00f3 hoy la designaci\u00f3n como nuevo ministro de Defensa del teniente general Carlos Presti, y afirm\u00f3 que se trata de una \u201cprovocaci\u00f3n\u201d del Gobierno que debe impedirse.<\/strong><\/p>\n\n\n\n<p>\u201cEsto es iniciar una situaci\u00f3n de violencia en la sociedad, cuando ya sabemos la vida que ha tenido la Argentina con los Golpes de Estado, con las dictaduras y con todo lo que hemos sufrido\u201d, se\u00f1al\u00f3 Carlotto en Splendid AM 990.<\/p>\n\n\n\n<p>Carlotto sostuvo: \u201cEsta idea de poner a un militar como ministro de Defensa es una provocaci\u00f3n, es ponerlo en un lugar que no le corresponde, primero porque no est\u00e1 preparado para eso y segundo que no no lo sabe hacer\u201d.<\/p>\n\n\n\n<p>La dirigente, seg\u00fan pudo saber la Agencia Noticias Argentinas, expres\u00f3 que con medidas de este tipo el Gobierno \u201cest\u00e1 mortificando al pa\u00eds con ideas extra\u00f1as y tenemos la obligaci\u00f3n de imped\u00edrselo\u201d.<\/p>\n\n\n\n<p>\u201cEl que tiene vocaci\u00f3n militar que est\u00e9 en esa vocaci\u00f3n y que cumpla con la obligaci\u00f3n de defender y defendernos, pero las pol\u00edticas de estado las manejan los civiles. Estos son inventos que destruyen la identidad. Van cambiando lo que ya es historia para hacer una historia nueva que no sirve para nada o es peligrosa\u201d, subray\u00f3.<\/p>\n\n\n\n<p>Carlotto asever\u00f3 que \u201cno podemos vivir los ciudadanos esperando que va a hacer hoy el presidente\u201d, y rechaz\u00f3 que \u201chaga los disparates que hace y uno tenga que todos los d\u00edas vivir una humillaci\u00f3n permanente\u201d.<\/p>\n","protected":false},"excerpt":{"rendered":"<p>La presidenta de Abuelas de Plaza de Mayo se&ntilde;al&oacute; que &ldquo;las pol&iacute;ticas de Estado las deben manejar los civiles&rdquo;. La presidenta de Abuelas de Plaza de Mayo, Estela de Carlotto, critic&oacute; hoy la designaci&oacute;n como nuevo ministro de Defensa del teniente general Carlos Presti, y afirm&oacute; que se trata de una &ldquo;provocaci&oacute;n&rdquo; del Gobierno que &hellip; <\/p>\n","protected":false},"author":5,"featured_media":19284,"comment_status":"closed","ping_status":"closed","sticky":false,"template":"","format":"standard","meta":{"om_disable_all_campaigns":false,"_joinchat":[]},"categories":[3],"tags":[46,43,569],"featured_image_urls":{"full":["https:\/\/infotep.com.ar\/wp-content\/uploads\/2024\/12\/carloto.webp",801,720,false],"thumbnail":["https:\/\/infotep.com.ar\/wp-content\/uploads\/2024\/12\/carloto-150x150.webp",150,150,true],"medium":["https:\/\/infotep.com.ar\/wp-content\/uploads\/2024\/12\/carloto-300x270.webp",300,270,true],"medium_large":["https:\/\/infotep.com.ar\/wp-content\/uploads\/2024\/12\/carloto-768x690.webp",768,690,true],"large":["https:\/\/infotep.com.ar\/wp-content\/uploads\/2024\/12\/carloto.webp",801,720,false],"1536x1536":["https:\/\/infotep.com.ar\/wp-content\/uploads\/2024\/12\/carloto.webp",801,720,false],"2048x2048":["https:\/\/infotep.com.ar\/wp-content\/uploads\/2024\/12\/carloto.webp",801,720,false],"blossom-feminine-slider":["https:\/\/infotep.com.ar\/wp-content\/uploads\/2024\/12\/carloto-801x649.webp",801,649,true],"blossom-feminine-featured":["https:\/\/infotep.com.ar\/wp-content\/uploads\/2024\/12\/carloto-801x600.webp",801,600,true],"blossom-feminine-with-sidebar":["https:\/\/infotep.com.ar\/wp-content\/uploads\/2024\/12\/carloto-801x600.webp",801,600,true],"blossom-feminine-blog":["https:\/\/infotep.com.ar\/wp-content\/uploads\/2024\/12\/carloto-435x435.webp",435,435,true],"blossom-feminine-cat":["https:\/\/infotep.com.ar\/wp-content\/uploads\/2024\/12\/carloto-450x300.webp",450,300,true],"blossom-feminine-related":["https:\/\/infotep.com.ar\/wp-content\/uploads\/2024\/12\/carloto-320x200.webp",320,200,true],"blossom-feminine-schema":["https:\/\/infotep.com.ar\/wp-content\/uploads\/2024\/12\/carloto-67x60.webp",67,60,true],"blossom-mommy-blog-slider-big":["https:\/\/infotep.com.ar\/wp-content\/uploads\/2024\/12\/carloto-801x650.webp",801,650,true],"blossom-mommy-blog-slider":["https:\/\/infotep.com.ar\/wp-content\/uploads\/2024\/12\/carloto-460x310.webp",460,310,true],"blossom-mommy-blog-two":["https:\/\/infotep.com.ar\/wp-content\/uploads\/2024\/12\/carloto-768x480.webp",768,480,true]},"author_info":{"info":["Angela Tobar"]},"category_info":"<a href=\"https:\/\/infotep.com.ar\/index.php\/category\/nacionales\/\" rel=\"category tag\">Nacionales<\/a>","tag_info":"Nacionales","comment_count":"0","_links":{"self":[{"href":"https:\/\/infotep.com.ar\/index.php\/wp-json\/wp\/v2\/posts\/29757"}],"collection":[{"href":"https:\/\/infotep.com.ar\/index.php\/wp-json\/wp\/v2\/posts"}],"about":[{"href":"https:\/\/infotep.com.ar\/index.php\/wp-json\/wp\/v2\/types\/post"}],"author":[{"embeddable":true,"href":"https:\/\/infotep.com.ar\/index.php\/wp-json\/wp\/v2\/users\/5"}],"replies":[{"embeddable":true,"href":"https:\/\/infotep.com.ar\/index.php\/wp-json\/wp\/v2\/comments?post=29757"}],"version-history":[{"count":1,"href":"https:\/\/infotep.com.ar\/index.php\/wp-json\/wp\/v2\/posts\/29757\/revisions"}],"predecessor-version":[{"id":29758,"href":"https:\/\/infotep.com.ar\/index.php\/wp-json\/wp\/v2\/posts\/29757\/revisions\/29758"}],"wp:featuredmedia":[{"embeddable":true,"href":"https:\/\/infotep.com.ar\/index.php\/wp-json\/wp\/v2\/media\/19284"}],"wp:attachment":[{"href":"https:\/\/infotep.com.ar\/index.php\/wp-json\/wp\/v2\/media?parent=29757"}],"wp:term":[{"taxonomy":"category","embeddable":true,"href":"https:\/\/infotep.com.ar\/index.php\/wp-json\/wp\/v2\/categories?post=29757"},{"taxonomy":"post_tag","embeddable":true,"href":"https:\/\/infotep.com.ar\/index.php\/wp-json\/wp\/v2\/tags?post=29757"}],"curies":[{"name":"wp","href":"https:\/\/api.w.org\/{rel}","templated":true}]}}