{"id":29759,"date":"2025-11-24T13:54:05","date_gmt":"2025-11-24T16:54:05","guid":{"rendered":"https:\/\/infotep.com.ar\/?p=29759"},"modified":"2025-11-24T13:54:05","modified_gmt":"2025-11-24T16:54:05","slug":"pablo-grillo-evoluciona-favorablemente-tras-ser-sometido-a-una-octava-operacion","status":"publish","type":"post","link":"https:\/\/infotep.com.ar\/index.php\/2025\/11\/24\/pablo-grillo-evoluciona-favorablemente-tras-ser-sometido-a-una-octava-operacion\/","title":{"rendered":"Pablo Grillo evoluciona favorablemente tras ser sometido a una octava operaci\u00f3n"},"content":{"rendered":"\n<p>El joven fotoperiodista presenta \u201cuna muy buena evoluci\u00f3n, est\u00e1 mucho m\u00e1s animado y m\u00e1s despierto\u201d, seg\u00fan lo revel\u00f3 hoy su padre, Fabi\u00e1n<br><br>Pablo Grillo, el fotoperiodista herido en marzo durante la represi\u00f3n de fuerzas de seguridad a una protesta de jubilados frente al Congreso presenta, tras la octava operaci\u00f3n a la que fue sometido, \u201cuna muy buena evoluci\u00f3n\u201d, seg\u00fan lo revel\u00f3 hoy su padre, Fabi\u00e1n Grillo.<\/p>\n\n\n\n<p>\u201cPablo est\u00e1 mucho m\u00e1s animado, m\u00e1s despierto. Desde que le hab\u00eda dado una hidrocefalia hace un tiempito, tardaba en contestar, estaba lento, pero ya est\u00e1 hablando casi normal\u201d, dijo Fabi\u00e1n Grillo al programa \u201cSin corbata\u201d de Splendid AM 990.<\/p>\n\n\n\n<p>Pablo Grillo result\u00f3 gravemente herido en la cabeza por una granada de gas lacrim\u00f3geno lanzada por un gendarme en la marcha del 12 de marzo. Seg\u00fan pudo saber la Agencia Noticias Argentinas la semana pr\u00f3xima habr\u00e1 un festival para &#8220;celebrar la vida y la militancia&#8221; y honrar su trayectoria.<\/p>\n\n\n\n<p>Su padre, Fabi\u00e1n, explic\u00f3 que el joven de 35 a\u00f1os fue sometido ya a ocho operaciones, y despu\u00e9s de la \u00faltima intervenci\u00f3n &#8220;los m\u00e9dicos dijeron que sali\u00f3 bien&#8221;. &#8220;No tiene infecci\u00f3n, los an\u00e1lisis dan bien, y hay que esperar la evoluci\u00f3n neurol\u00f3gica\u201d, indic\u00f3.<\/p>\n\n\n\n<p>Pidi\u00f3, adem\u00e1s, que la sociedad recuerde que lo que ocurri\u00f3 con su hijo \u201cfue producto del protocolo que ellos llaman antipiquetes\u201d y se\u00f1al\u00f3 que ya realizaron una presentaci\u00f3n por este caso ante la Comisi\u00f3n Interamericana de Derechos Humanos (CIDH).<\/p>\n\n\n\n<p>Finalmente expres\u00f3 que el protocolo antipiquetes \u201ces una excusa, un argumento falaz, como si no hubiera derecho a protestar\u201d.<\/p>\n\n\n\n<p>En el marco de esta causa, el cabo de la Gendarmer\u00eda H\u00e9ctor Jes\u00fas Guerrero fue procesado por la Justicia por el delito de abuso de armas agravado al disparar con su pistola lanza gases contra Grillo.<\/p>\n\n\n\n<p>La decisi\u00f3n fue adoptada por la jueza federal Mar\u00eda Servini, quien estableci\u00f3 que el gendarme dispar\u00f3 en seis oportunidades violando los protocolos para el uso de este tipo de armas, que lanzan cartuchos de gas lacrim\u00f3geno<\/p>\n","protected":false},"excerpt":{"rendered":"<p>El joven fotoperiodista presenta &ldquo;una muy buena evoluci&oacute;n, est&aacute; mucho m&aacute;s animado y m&aacute;s despierto&rdquo;, seg&uacute;n lo revel&oacute; hoy su padre, Fabi&aacute;n Pablo Grillo, el fotoperiodista herido en marzo durante la represi&oacute;n de fuerzas de seguridad a una protesta de jubilados frente al Congreso presenta, tras la octava operaci&oacute;n a la que fue sometido, &ldquo;una &hellip; <\/p>\n","protected":false},"author":5,"featured_media":29134,"comment_status":"closed","ping_status":"closed","sticky":false,"template":"","format":"standard","meta":{"om_disable_all_campaigns":false,"_joinchat":[]},"categories":[4],"tags":[46,43,569],"featured_image_urls":{"full":["https:\/\/infotep.com.ar\/wp-content\/uploads\/2025\/10\/grillo.webp",1046,720,false],"thumbnail":["https:\/\/infotep.com.ar\/wp-content\/uploads\/2025\/10\/grillo-150x150.webp",150,150,true],"medium":["https:\/\/infotep.com.ar\/wp-content\/uploads\/2025\/10\/grillo-300x207.webp",300,207,true],"medium_large":["https:\/\/infotep.com.ar\/wp-content\/uploads\/2025\/10\/grillo-768x529.webp",768,529,true],"large":["https:\/\/infotep.com.ar\/wp-content\/uploads\/2025\/10\/grillo-1024x705.webp",1020,702,true],"1536x1536":["https:\/\/infotep.com.ar\/wp-content\/uploads\/2025\/10\/grillo.webp",1046,720,false],"2048x2048":["https:\/\/infotep.com.ar\/wp-content\/uploads\/2025\/10\/grillo.webp",1046,720,false],"blossom-feminine-slider":["https:\/\/infotep.com.ar\/wp-content\/uploads\/2025\/10\/grillo-1046x649.webp",1046,649,true],"blossom-feminine-featured":["https:\/\/infotep.com.ar\/wp-content\/uploads\/2025\/10\/grillo-1046x600.webp",1046,600,true],"blossom-feminine-with-sidebar":["https:\/\/infotep.com.ar\/wp-content\/uploads\/2025\/10\/grillo-1020x600.webp",1020,600,true],"blossom-feminine-blog":["https:\/\/infotep.com.ar\/wp-content\/uploads\/2025\/10\/grillo-435x435.webp",435,435,true],"blossom-feminine-cat":["https:\/\/infotep.com.ar\/wp-content\/uploads\/2025\/10\/grillo-450x300.webp",450,300,true],"blossom-feminine-related":["https:\/\/infotep.com.ar\/wp-content\/uploads\/2025\/10\/grillo-320x200.webp",320,200,true],"blossom-feminine-schema":["https:\/\/infotep.com.ar\/wp-content\/uploads\/2025\/10\/grillo-87x60.webp",87,60,true],"blossom-mommy-blog-slider-big":["https:\/\/infotep.com.ar\/wp-content\/uploads\/2025\/10\/grillo-920x650.webp",920,650,true],"blossom-mommy-blog-slider":["https:\/\/infotep.com.ar\/wp-content\/uploads\/2025\/10\/grillo-460x310.webp",460,310,true],"blossom-mommy-blog-two":["https:\/\/infotep.com.ar\/wp-content\/uploads\/2025\/10\/grillo-768x480.webp",768,480,true]},"author_info":{"info":["Angela Tobar"]},"category_info":"<a href=\"https:\/\/infotep.com.ar\/index.php\/category\/provinciales\/\" rel=\"category tag\">Provinciales<\/a>","tag_info":"Provinciales","comment_count":"0","_links":{"self":[{"href":"https:\/\/infotep.com.ar\/index.php\/wp-json\/wp\/v2\/posts\/29759"}],"collection":[{"href":"https:\/\/infotep.com.ar\/index.php\/wp-json\/wp\/v2\/posts"}],"about":[{"href":"https:\/\/infotep.com.ar\/index.php\/wp-json\/wp\/v2\/types\/post"}],"author":[{"embeddable":true,"href":"https:\/\/infotep.com.ar\/index.php\/wp-json\/wp\/v2\/users\/5"}],"replies":[{"embeddable":true,"href":"https:\/\/infotep.com.ar\/index.php\/wp-json\/wp\/v2\/comments?post=29759"}],"version-history":[{"count":1,"href":"https:\/\/infotep.com.ar\/index.php\/wp-json\/wp\/v2\/posts\/29759\/revisions"}],"predecessor-version":[{"id":29760,"href":"https:\/\/infotep.com.ar\/index.php\/wp-json\/wp\/v2\/posts\/29759\/revisions\/29760"}],"wp:featuredmedia":[{"embeddable":true,"href":"https:\/\/infotep.com.ar\/index.php\/wp-json\/wp\/v2\/media\/29134"}],"wp:attachment":[{"href":"https:\/\/infotep.com.ar\/index.php\/wp-json\/wp\/v2\/media?parent=29759"}],"wp:term":[{"taxonomy":"category","embeddable":true,"href":"https:\/\/infotep.com.ar\/index.php\/wp-json\/wp\/v2\/categories?post=29759"},{"taxonomy":"post_tag","embeddable":true,"href":"https:\/\/infotep.com.ar\/index.php\/wp-json\/wp\/v2\/tags?post=29759"}],"curies":[{"name":"wp","href":"https:\/\/api.w.org\/{rel}","templated":true}]}}