{"id":29822,"date":"2025-11-26T09:18:05","date_gmt":"2025-11-26T12:18:05","guid":{"rendered":"https:\/\/infotep.com.ar\/?p=29822"},"modified":"2025-11-26T09:18:06","modified_gmt":"2025-11-26T12:18:06","slug":"provincia-y-unicef-reconocieron-municipios-por-el-trabajo-en-politicas-de-ninez-y-adolescencia","status":"publish","type":"post","link":"https:\/\/infotep.com.ar\/index.php\/2025\/11\/26\/provincia-y-unicef-reconocieron-municipios-por-el-trabajo-en-politicas-de-ninez-y-adolescencia\/","title":{"rendered":"Provincia y UNICEF reconocieron municipios por el trabajo en pol\u00edticas de ni\u00f1ez y adolescencia"},"content":{"rendered":"\n<p>Con el objetivo de seguir fortaleciendo el trabajo local en pol\u00edticas de ni\u00f1ez y adolescencia, se realiz\u00f3 el Encuentro Anual MUNA (Municipio Unido por la Ni\u00f1ez y Adolescencia) Provincia de Buenos Aires 2025, organizado por el Ministerio de Desarrollo de la Comunidad, a cargo de Andr\u00e9s Larroque, UNICEF Argentina y el Grupo Pharos, en la que se reconoci\u00f3 a referentes municipales y equipos t\u00e9cnicos de m\u00e1s de 40 distritos que integran esta iniciativa de UNICEF, impulsada por el gobierno provincial.<\/p>\n\n\n\n<p>MUNA apunta a fortalecer pol\u00edticas p\u00fablicas para ni\u00f1as, ni\u00f1os y adolescentes en los municipios. Por ello, desde su implementaci\u00f3n en 2022, el Estado bonaerense tiene como objetivo acompa\u00f1ar a los gobiernos locales en el dise\u00f1o, la implementaci\u00f3n, el monitoreo y la evaluaci\u00f3n de estas acciones. En este marco se realiz\u00f3 un acto de distinci\u00f3n encabezado por la subsecretaria de Pol\u00edticas Sociales, Bernarda Meglia, y la referente MUNA del Ministerio, Natalia Lima.<\/p>\n\n\n\n<p>Al respecto, durante la apertura, Meglia destac\u00f3 que \u201ces una felicidad y un orgullo poder decir que 60 municipios de los 160 participantes son de la Provincia de Buenos Aires\u201d y resalt\u00f3 que \u201ceste logro tiene que ver con el compromiso asumido por el gobernador Axel Kicillof y del ministro Larroque\u201d. Al mismo tiempo, afirm\u00f3 que \u201cesta propuesta viene a ampliar, mejorar y perfeccionar las pol\u00edticas locales que se llevan adelante en pos de garantizar los derechos de los ni\u00f1os, ni\u00f1as y adolescentes de todos los distritos\u201d.<\/p>\n\n\n\n<p>En ese sentido, remarc\u00f3 que \u201cMUNA atraviesa transversalmente las gestiones y pone la problem\u00e1tica en agenda\u201d y subray\u00f3 que \u201cdentro de una Provincia enorme y con realidades muy distintas, lo importante es que esta propuesta se adapta a la realidad de cada distrito\u201d. Por \u00faltimo, convoc\u00f3 \u201ca seguir redoblando esfuerzos en un contexto muy complejo ocasionado por un gobierno nacional ausente\u201d y concluy\u00f3: \u201cac\u00e1, por el contrario, hay un Estado responsable y presente para que los pibes y pibas tengan mejor calidad de vida\u201d.<\/p>\n\n\n\n<p>Estuvo acompa\u00f1ada adem\u00e1s por el especialista en Inclusi\u00f3n Social y Monitoreo de UNICEF Argentina, Sebastian Waisgrais, quien expres\u00f3 \u201cla decisi\u00f3n de seguir acompa\u00f1ando a la Provincia y a sus municipios para mejorar las condiciones de chicas y chicos, y para que todos los derechos se pongan de manifiesto\u201d.<\/p>\n\n\n\n<p>Tambi\u00e9n encabez\u00f3 la apertura el director ejecutivo de Grupo Pharos, Adrian Radic, quien hizo hincapi\u00e9 en que \u201c&#8221;en el marco de la iniciativa MUNA de UNICEF, desde Grupo Pharos acompa\u00f1amos a los municipios para fortalecer y generar pol\u00edticas p\u00fablicas de ni\u00f1ez y adolescencia desde una perspectiva de derechos. Es fundamental la voluntad pol\u00edtica que asumi\u00f3 el gobierno de la provincia para que puedan concretarse\u201d.<\/p>\n\n\n\n<p>Durante la jornada se reconoci\u00f3 la trayectoria de los 18 municipios que ingresaron en la etapa inicial de 2022, los cuales completaron y reportaron adem\u00e1s su segundo a\u00f1o de implementaci\u00f3n. A la vez, se otorg\u00f3 la Certificaci\u00f3n a otros 21 que finalizaron su autodiagn\u00f3stico y ya dise\u00f1aron su Plan de Acci\u00f3n Local. Con este paso, se consolid\u00f3 una nueva etapa de avances en materia de planificaci\u00f3n, articulaci\u00f3n institucional y fortalecimiento de las pol\u00edticas municipales de ni\u00f1ez y adolescencia.<\/p>\n\n\n\n<p>En el encuentro se llev\u00f3 adelante una instancia de intercambio coordinado por el Grupo Pharos, donde los equipos municipales trabajaron las distintas etapas del proceso. All\u00ed compartieron experiencias y desaf\u00edos vinculados a la articulaci\u00f3n intersectorial, el uso de datos para la planificaci\u00f3n, la comunicaci\u00f3n de la agenda de ni\u00f1ez, la participaci\u00f3n comunitaria y la sostenibilidad del proceso. El trabajo culmin\u00f3 con un plenario en el que se recuperaron los principales aportes y perspectivas para la continuidad del programa.<\/p>\n\n\n\n<p>El cierre estuvo a cargo de Lima, quien expres\u00f3 que \u201cMUNA hubiera sido imposible de ejecutar sin el compromiso del Gobernador Kicillof y del Ministro Larroque, al igual que de los gobiernos locales\u201d. \u201cSomos la provincia con m\u00e1s municipios del pa\u00eds y hemos hecho todos los esfuerzos para cumplir con cada una de las metas y continuar sumando municipios para que se sigan respetando todos los derechos de ni\u00f1os, ni\u00f1as y adolescentes\u201d, agreg\u00f3.<\/p>\n\n\n\n<p><strong>Los 18 municipios reconocidos por su ingreso en 2022 fueron Almirante Brown, Bah\u00eda Blanca, Balcarce, Berisso, Bol\u00edvar, Bragado, Carlos Casares, Esteban Echeverr\u00eda, Ezeiza, La Matanza, Lomas de Zamora, Malvinas Argentinas, Mercedes, Mor\u00f3n, Quilmes, San Mart\u00edn, Villa Gesell y Z\u00e1rate.<\/strong><\/p>\n\n\n\n<p>En tanto que se le entregaron certificaciones a los siguientes 21 distritos: Azul, Avellaneda, Brandsen, Ca\u00f1uelas, Coronel Rosales, Dolores, Escobar, General Rodr\u00edguez, Gonzales Chaves, La Costa, La Plata, Lan\u00fas, Las Flores, Luj\u00e1n, Marcos Paz, Necochea, Olavarr\u00eda, Pilar, San Vicente, Tres Arroyos y Villarino.<\/p>\n","protected":false},"excerpt":{"rendered":"<p>Con el objetivo de seguir fortaleciendo el trabajo local en pol&iacute;ticas de ni&ntilde;ez y adolescencia, se realiz&oacute; el Encuentro Anual MUNA (Municipio Unido por la Ni&ntilde;ez y Adolescencia) Provincia de Buenos Aires 2025, organizado por el Ministerio de Desarrollo de la Comunidad, a cargo de Andr&eacute;s Larroque, UNICEF Argentina y el Grupo Pharos, en la &hellip; <\/p>\n","protected":false},"author":5,"featured_media":29823,"comment_status":"closed","ping_status":"closed","sticky":false,"template":"","format":"standard","meta":{"om_disable_all_campaigns":false,"_joinchat":[]},"categories":[4],"tags":[46,43,569],"featured_image_urls":{"full":["https:\/\/infotep.com.ar\/wp-content\/uploads\/2025\/11\/WhatsApp-Image-2025-11-25-at-19.40.10-3.jpeg",700,467,false],"thumbnail":["https:\/\/infotep.com.ar\/wp-content\/uploads\/2025\/11\/WhatsApp-Image-2025-11-25-at-19.40.10-3-150x150.jpeg",150,150,true],"medium":["https:\/\/infotep.com.ar\/wp-content\/uploads\/2025\/11\/WhatsApp-Image-2025-11-25-at-19.40.10-3-300x200.jpeg",300,200,true],"medium_large":["https:\/\/infotep.com.ar\/wp-content\/uploads\/2025\/11\/WhatsApp-Image-2025-11-25-at-19.40.10-3.jpeg",700,467,false],"large":["https:\/\/infotep.com.ar\/wp-content\/uploads\/2025\/11\/WhatsApp-Image-2025-11-25-at-19.40.10-3.jpeg",700,467,false],"1536x1536":["https:\/\/infotep.com.ar\/wp-content\/uploads\/2025\/11\/WhatsApp-Image-2025-11-25-at-19.40.10-3.jpeg",700,467,false],"2048x2048":["https:\/\/infotep.com.ar\/wp-content\/uploads\/2025\/11\/WhatsApp-Image-2025-11-25-at-19.40.10-3.jpeg",700,467,false],"blossom-feminine-slider":["https:\/\/infotep.com.ar\/wp-content\/uploads\/2025\/11\/WhatsApp-Image-2025-11-25-at-19.40.10-3.jpeg",700,467,false],"blossom-feminine-featured":["https:\/\/infotep.com.ar\/wp-content\/uploads\/2025\/11\/WhatsApp-Image-2025-11-25-at-19.40.10-3.jpeg",700,467,false],"blossom-feminine-with-sidebar":["https:\/\/infotep.com.ar\/wp-content\/uploads\/2025\/11\/WhatsApp-Image-2025-11-25-at-19.40.10-3.jpeg",700,467,false],"blossom-feminine-blog":["https:\/\/infotep.com.ar\/wp-content\/uploads\/2025\/11\/WhatsApp-Image-2025-11-25-at-19.40.10-3-435x435.jpeg",435,435,true],"blossom-feminine-cat":["https:\/\/infotep.com.ar\/wp-content\/uploads\/2025\/11\/WhatsApp-Image-2025-11-25-at-19.40.10-3-450x300.jpeg",450,300,true],"blossom-feminine-related":["https:\/\/infotep.com.ar\/wp-content\/uploads\/2025\/11\/WhatsApp-Image-2025-11-25-at-19.40.10-3-320x200.jpeg",320,200,true],"blossom-feminine-schema":["https:\/\/infotep.com.ar\/wp-content\/uploads\/2025\/11\/WhatsApp-Image-2025-11-25-at-19.40.10-3-90x60.jpeg",90,60,true],"blossom-mommy-blog-slider-big":["https:\/\/infotep.com.ar\/wp-content\/uploads\/2025\/11\/WhatsApp-Image-2025-11-25-at-19.40.10-3.jpeg",700,467,false],"blossom-mommy-blog-slider":["https:\/\/infotep.com.ar\/wp-content\/uploads\/2025\/11\/WhatsApp-Image-2025-11-25-at-19.40.10-3-460x310.jpeg",460,310,true],"blossom-mommy-blog-two":["https:\/\/infotep.com.ar\/wp-content\/uploads\/2025\/11\/WhatsApp-Image-2025-11-25-at-19.40.10-3.jpeg",700,467,false]},"author_info":{"info":["Angela Tobar"]},"category_info":"<a href=\"https:\/\/infotep.com.ar\/index.php\/category\/provinciales\/\" rel=\"category tag\">Provinciales<\/a>","tag_info":"Provinciales","comment_count":"0","_links":{"self":[{"href":"https:\/\/infotep.com.ar\/index.php\/wp-json\/wp\/v2\/posts\/29822"}],"collection":[{"href":"https:\/\/infotep.com.ar\/index.php\/wp-json\/wp\/v2\/posts"}],"about":[{"href":"https:\/\/infotep.com.ar\/index.php\/wp-json\/wp\/v2\/types\/post"}],"author":[{"embeddable":true,"href":"https:\/\/infotep.com.ar\/index.php\/wp-json\/wp\/v2\/users\/5"}],"replies":[{"embeddable":true,"href":"https:\/\/infotep.com.ar\/index.php\/wp-json\/wp\/v2\/comments?post=29822"}],"version-history":[{"count":1,"href":"https:\/\/infotep.com.ar\/index.php\/wp-json\/wp\/v2\/posts\/29822\/revisions"}],"predecessor-version":[{"id":29824,"href":"https:\/\/infotep.com.ar\/index.php\/wp-json\/wp\/v2\/posts\/29822\/revisions\/29824"}],"wp:featuredmedia":[{"embeddable":true,"href":"https:\/\/infotep.com.ar\/index.php\/wp-json\/wp\/v2\/media\/29823"}],"wp:attachment":[{"href":"https:\/\/infotep.com.ar\/index.php\/wp-json\/wp\/v2\/media?parent=29822"}],"wp:term":[{"taxonomy":"category","embeddable":true,"href":"https:\/\/infotep.com.ar\/index.php\/wp-json\/wp\/v2\/categories?post=29822"},{"taxonomy":"post_tag","embeddable":true,"href":"https:\/\/infotep.com.ar\/index.php\/wp-json\/wp\/v2\/tags?post=29822"}],"curies":[{"name":"wp","href":"https:\/\/api.w.org\/{rel}","templated":true}]}}