{"id":29851,"date":"2025-11-28T01:21:09","date_gmt":"2025-11-28T04:21:09","guid":{"rendered":"https:\/\/infotep.com.ar\/?p=29851"},"modified":"2025-11-28T01:21:09","modified_gmt":"2025-11-28T04:21:09","slug":"intendentes-alertan-a-diputados-sobre-la-realidad-critica-que-atraviesan-las-familias-argentinas","status":"publish","type":"post","link":"https:\/\/infotep.com.ar\/index.php\/2025\/11\/28\/intendentes-alertan-a-diputados-sobre-la-realidad-critica-que-atraviesan-las-familias-argentinas\/","title":{"rendered":"Intendentes alertan a diputados sobre la &#8220;realidad critica&#8221; que atraviesan las familias argentinas"},"content":{"rendered":"\n<p>Intendentas e intendentes de todo el pa\u00eds plantearon ante diputadas y diputados nacionales de los distintos partidos pol\u00edticos, la realidad cr\u00edtica que se est\u00e1 viviendo en todas las ciudades de Argentina y solicitaron una reducci\u00f3n del pago del IVA a los municipios con el objetivo de poder garantizar los servicios b\u00e1sicos para las vecinas y los vecinos de toda la Argentina.<\/p>\n\n\n\n<p>El intendente de La Matanza y presidente de la Federaci\u00f3n Argentina de Municipios (FAM), Fernando Espinoza, particip\u00f3 junto a intendentas e intendentes de todo el pa\u00eds de la reuni\u00f3n de la comisi\u00f3n de Asuntos Municipales de la C\u00e1mara de Diputados en el Congreso de la Naci\u00f3n. All\u00ed, el jefe comunal fue contundente con el planteo ante diputadas y diputados nacionales y sostuvo: \u201cLos municipios necesitamos herramientas reales para seguir cuidando a nuestra gente\u201d.<\/p>\n\n\n\n<p><strong>\u201cPropusimos reducir el IVA aplicado a las compras y contrataciones municipales del 21% al 10,5%, una medida clave que permitir\u00e1 optimizar recursos, para que vuelvan directo a escuelas, hospitales, seguridad, obras y centros comunitarios.\u201d, expres\u00f3 Fernando Espinoza y subray\u00f3: \u201cEs recuperar parte de lo que el Gobierno nacional les quit\u00f3 a nuestras comunidades. En algunas provincias se les quit\u00f3 hasta el 80% de los recursos fuera de la coparticipaci\u00f3n, por ende lo mismo a las ciudades de esas provincias\u201d.<\/strong><\/p>\n\n\n\n<p>\u201cExigimos que las necesidades de nuestros ni\u00f1os, jubilados, j\u00f3venes, docentes, m\u00e9dicos y personal de seguridad no queden fuera de la reforma tributaria que se viene en Argentina\u201d, indic\u00f3 Fernando Espinoza y resalt\u00f3: \u201cHay que generar soluciones, no problemas\u201d.<\/p>\n\n\n\n<p>\u201cLa primera alarma que suena, suena en la oficina de un intendente. Hoy los municipios ya no se ocupan s\u00f3lo del alumbrado, del barrido y la limpieza. En este mundo del Siglo XXI, escuchamos las necesidades de las nuevas generaciones, acompa\u00f1amos el bienestar integral de cada familia e invertimos en el futuro con pol\u00edticas concretas. Acciones que no pueden sostenerse sin una respuesta del Estado Nacional\u201d.<\/p>\n\n\n\n<p>\u201cMientras algunos empiezan a hablar del d\u00e9ficit cero, la mayor\u00eda de los 2200 gobiernos locales del pa\u00eds ya trabajamos con d\u00e9ficit cero desde hace a\u00f1os. Necesitamos respuestas antes de marzo para que a ning\u00fan chico, abuela o trabajador le falte lo esencial\u201d, resalt\u00f3 Fernando Espinoza y concluy\u00f3: \u201cEste es el momento de que el Estado Nacional asuma su responsabilidad, escuche a los territorios y act\u00fae con la urgencia que el pueblo argentino necesita\u201d.<\/p>\n","protected":false},"excerpt":{"rendered":"<p>Intendentas e intendentes de todo el pa&iacute;s plantearon ante diputadas y diputados nacionales de los distintos partidos pol&iacute;ticos, la realidad cr&iacute;tica que se est&aacute; viviendo en todas las ciudades de Argentina y solicitaron una reducci&oacute;n del pago del IVA a los municipios con el objetivo de poder garantizar los servicios b&aacute;sicos para las vecinas y &hellip; <\/p>\n","protected":false},"author":5,"featured_media":29853,"comment_status":"closed","ping_status":"closed","sticky":false,"template":"","format":"standard","meta":{"om_disable_all_campaigns":false,"_joinchat":[]},"categories":[31,8,26],"tags":[46,43,569],"featured_image_urls":{"full":["https:\/\/infotep.com.ar\/wp-content\/uploads\/2025\/11\/FE-DIPUTADOS-1-scaled.jpg",2560,1707,false],"thumbnail":["https:\/\/infotep.com.ar\/wp-content\/uploads\/2025\/11\/FE-DIPUTADOS-1-150x150.jpg",150,150,true],"medium":["https:\/\/infotep.com.ar\/wp-content\/uploads\/2025\/11\/FE-DIPUTADOS-1-300x200.jpg",300,200,true],"medium_large":["https:\/\/infotep.com.ar\/wp-content\/uploads\/2025\/11\/FE-DIPUTADOS-1-768x512.jpg",768,512,true],"large":["https:\/\/infotep.com.ar\/wp-content\/uploads\/2025\/11\/FE-DIPUTADOS-1-1024x683.jpg",1020,680,true],"1536x1536":["https:\/\/infotep.com.ar\/wp-content\/uploads\/2025\/11\/FE-DIPUTADOS-1-1536x1024.jpg",1536,1024,true],"2048x2048":["https:\/\/infotep.com.ar\/wp-content\/uploads\/2025\/11\/FE-DIPUTADOS-1-2048x1365.jpg",2048,1365,true],"blossom-feminine-slider":["https:\/\/infotep.com.ar\/wp-content\/uploads\/2025\/11\/FE-DIPUTADOS-1-1920x649.jpg",1920,649,true],"blossom-feminine-featured":["https:\/\/infotep.com.ar\/wp-content\/uploads\/2025\/11\/FE-DIPUTADOS-1-1410x600.jpg",1410,600,true],"blossom-feminine-with-sidebar":["https:\/\/infotep.com.ar\/wp-content\/uploads\/2025\/11\/FE-DIPUTADOS-1-1020x600.jpg",1020,600,true],"blossom-feminine-blog":["https:\/\/infotep.com.ar\/wp-content\/uploads\/2025\/11\/FE-DIPUTADOS-1-435x435.jpg",435,435,true],"blossom-feminine-cat":["https:\/\/infotep.com.ar\/wp-content\/uploads\/2025\/11\/FE-DIPUTADOS-1-450x300.jpg",450,300,true],"blossom-feminine-related":["https:\/\/infotep.com.ar\/wp-content\/uploads\/2025\/11\/FE-DIPUTADOS-1-320x200.jpg",320,200,true],"blossom-feminine-schema":["https:\/\/infotep.com.ar\/wp-content\/uploads\/2025\/11\/FE-DIPUTADOS-1-90x60.jpg",90,60,true],"blossom-mommy-blog-slider-big":["https:\/\/infotep.com.ar\/wp-content\/uploads\/2025\/11\/FE-DIPUTADOS-1-920x650.jpg",920,650,true],"blossom-mommy-blog-slider":["https:\/\/infotep.com.ar\/wp-content\/uploads\/2025\/11\/FE-DIPUTADOS-1-460x310.jpg",460,310,true],"blossom-mommy-blog-two":["https:\/\/infotep.com.ar\/wp-content\/uploads\/2025\/11\/FE-DIPUTADOS-1-768x480.jpg",768,480,true]},"author_info":{"info":["Angela Tobar"]},"category_info":"<a href=\"https:\/\/infotep.com.ar\/index.php\/category\/destacadas\/\" rel=\"category tag\">Destacadas<\/a> <a href=\"https:\/\/infotep.com.ar\/index.php\/category\/municipales\/ituzaingo\/\" rel=\"category tag\">Ituzaing\u00f3<\/a> <a href=\"https:\/\/infotep.com.ar\/index.php\/category\/municipales\/la-matanza\/\" rel=\"category tag\">La Matanza<\/a>","tag_info":"La Matanza","comment_count":"0","_links":{"self":[{"href":"https:\/\/infotep.com.ar\/index.php\/wp-json\/wp\/v2\/posts\/29851"}],"collection":[{"href":"https:\/\/infotep.com.ar\/index.php\/wp-json\/wp\/v2\/posts"}],"about":[{"href":"https:\/\/infotep.com.ar\/index.php\/wp-json\/wp\/v2\/types\/post"}],"author":[{"embeddable":true,"href":"https:\/\/infotep.com.ar\/index.php\/wp-json\/wp\/v2\/users\/5"}],"replies":[{"embeddable":true,"href":"https:\/\/infotep.com.ar\/index.php\/wp-json\/wp\/v2\/comments?post=29851"}],"version-history":[{"count":1,"href":"https:\/\/infotep.com.ar\/index.php\/wp-json\/wp\/v2\/posts\/29851\/revisions"}],"predecessor-version":[{"id":29854,"href":"https:\/\/infotep.com.ar\/index.php\/wp-json\/wp\/v2\/posts\/29851\/revisions\/29854"}],"wp:featuredmedia":[{"embeddable":true,"href":"https:\/\/infotep.com.ar\/index.php\/wp-json\/wp\/v2\/media\/29853"}],"wp:attachment":[{"href":"https:\/\/infotep.com.ar\/index.php\/wp-json\/wp\/v2\/media?parent=29851"}],"wp:term":[{"taxonomy":"category","embeddable":true,"href":"https:\/\/infotep.com.ar\/index.php\/wp-json\/wp\/v2\/categories?post=29851"},{"taxonomy":"post_tag","embeddable":true,"href":"https:\/\/infotep.com.ar\/index.php\/wp-json\/wp\/v2\/tags?post=29851"}],"curies":[{"name":"wp","href":"https:\/\/api.w.org\/{rel}","templated":true}]}}