{"id":29872,"date":"2025-11-28T02:20:06","date_gmt":"2025-11-28T05:20:06","guid":{"rendered":"https:\/\/infotep.com.ar\/?p=29872"},"modified":"2025-11-28T02:20:06","modified_gmt":"2025-11-28T05:20:06","slug":"juran-este-viernes-los-nuevos-senadores-menos-lorena-villaverde","status":"publish","type":"post","link":"https:\/\/infotep.com.ar\/index.php\/2025\/11\/28\/juran-este-viernes-los-nuevos-senadores-menos-lorena-villaverde\/","title":{"rendered":"Juran este viernes los nuevos senadores, menos Lorena Villaverde"},"content":{"rendered":"\n<p><\/p>\n\n\n\n<p>La C\u00e1mara de Senadores tendr\u00e1 este viernes su sesi\u00f3n de jura, con una novedad de suma importancia: en lugar de jurar los 24 senadores electos el 26 de octubre pasado, lo har\u00e1n 23. La excepci\u00f3n corresponde a la rionegrina Lorena Villaverde, cuyo pliego se acord\u00f3 que vuelva a comisi\u00f3n para analizar las impugnaciones presentadas en su contra a causa de v\u00ednculos con el narcotr\u00e1fico<\/p>\n\n\n\n<p>La decisi\u00f3n adoptada por el oficialismo de aceptar retirar el pliego de la pol\u00e9mica senadora electa podr\u00eda enmarcarse dentro del pragmatismo que puede esperarse de la nueva jefa del bloque libertario, Patricia Bullrich. Los senadores del radicalismo y provinciales, indispensables para conseguir los votos para aprobar a Villarruel hab\u00edan expresado sus reparos, lo que redund\u00f3 en la decisi\u00f3n final del oficialismo. Esos votos que ahora estaban en duda ser\u00e1n indispensables para aprobar las leyes que mandar\u00e1 el Poder Ejecutivo para extraordinarias.<\/p>\n\n\n\n<p>El pliego de Villarruel hab\u00eda sido tratado el 19 de noviembre en la Comisi\u00f3n de Asuntos Constitucionales a la que ahora volver\u00e1. En esa oportunidad, la oposici\u00f3n se alz\u00f3 con el dictamen de mayor\u00eda en contra del pliego de la rionegrina, que recibi\u00f3 dos impugnaciones: una del Partido Justicialista de R\u00edo Negro, y otra de una particular llamada Noelia Nerina V\u00e1squez.<\/p>\n\n\n\n<p>Se la relaciona con Federico \u201cFred\u201d Machado, empresario argentino extraditado a EE.UU. por narcotr\u00e1fico y lavado de dinero.<\/p>\n\n\n\n<p>Tambi\u00e9n se menciona su cercan\u00eda con Claudio Ciccarelli, primo de Machado y se\u00f1alado como presunto testaferro.<\/p>\n\n\n\n<p><em><strong>Los registros judiciales indican que Villaverde fue detenida en Miami en 2002, acusada de comprar coca\u00edna. Tambi\u00e9n se menciona una detenci\u00f3n previa en 2001 por \u201cobstrucci\u00f3n de la Justicia\u201d.<\/strong><\/em><\/p>\n\n\n\n<p><strong>Qui\u00e9nes van a jurar<\/strong><\/p>\n\n\n\n<p>M\u00e1s all\u00e1 de la cuesti\u00f3n Villarruel, cuya ausencia en la sesi\u00f3n permitir\u00e1 liberar a la misma de tensiones, prestar\u00e1n juramento este viernes, en la sesi\u00f3n que arrancar\u00e1 a las 11 de la ma\u00f1ana, por la Ciudad Aut\u00f3noma de Buenos Aires Patricia Bullrich y Agust\u00edn Monteverde por La Libertad Avanza, y Mariano Recalde por Fuerza Patria.<\/p>\n\n\n\n<p>Producto de la alianza entre LLA y el radicalismo gobernante en el Chaco, asumir\u00e1n por la mayor\u00eda los senadores Juan Cruz Godoy y Silvana Schneider, actual vicegobernadora radical, que renunciar\u00e1 a ese cargo. Y por la minor\u00eda lo har\u00e1 el exgobernador Jorge Capitanich.<\/p>\n\n\n\n<p>En representaci\u00f3n de Neuqu\u00e9n, jurar\u00e1n por La Libertad Avanza Nadia M\u00e1rquez y Pablo Cervi, mientras que por La Neuquinidad lo har\u00e1 Julieta Corroza.<\/p>\n\n\n\n<p>Por Entre R\u00edos, prestar\u00e1n juramento los libertarios Joaqu\u00edn Benegas Lynch y Romina Almeida, y por FP lo har\u00e1 Ad\u00e1n Bahl.<\/p>\n\n\n\n<p>En representaci\u00f3n de Salta, los libertarios Mar\u00eda Emilia Orozco y Gonzalo Guzm\u00e1n, mientras que por Primero Los Salte\u00f1os, lo har\u00e1 Flavia Roy\u00f3n, cercana al gobernador Gustavo S\u00e1enz.<\/p>\n\n\n\n<p>Por Santiago del Estero, jurar\u00e1 el gobernador de esa provincia, Gerardo Zamora, y Elia Montero, los dos por el Frente C\u00edvico, en tanto que por Fuerza Patria lo har\u00e1 Jos\u00e9 Neder, alineado tambi\u00e9n con Zamora.<\/p>\n\n\n\n<p>Por la provincia de Tierra del Fuego e Islas del Atl\u00e1ntico Sur, asumir\u00e1n los libertarios Agust\u00edn Coto y Bel\u00e9n Monte de Oca, m\u00e1s la kirchnerista C\u00e1ndida L\u00f3pez, quien result\u00f3 reelecta.<\/p>\n\n\n\n<p>Finalmente por la provincia de R\u00edo Negro, solo jurar\u00e1n Mart\u00edn Soria y Ana Marks, representantes de Fuerza Patria, quedando pendiente quien vaya a representar a la minor\u00eda votada el 26 de octubre pasado.<\/p>\n","protected":false},"excerpt":{"rendered":"<p>La C&aacute;mara de Senadores tendr&aacute; este viernes su sesi&oacute;n de jura, con una novedad de suma importancia: en lugar de jurar los 24 senadores electos el 26 de octubre pasado, lo har&aacute;n 23. La excepci&oacute;n corresponde a la rionegrina Lorena Villaverde, cuyo pliego se acord&oacute; que vuelva a comisi&oacute;n para analizar las impugnaciones presentadas en &hellip; <\/p>\n","protected":false},"author":5,"featured_media":29873,"comment_status":"closed","ping_status":"closed","sticky":false,"template":"","format":"standard","meta":{"om_disable_all_campaigns":false,"_joinchat":[]},"categories":[3],"tags":[46,43,569],"featured_image_urls":{"full":["https:\/\/infotep.com.ar\/wp-content\/uploads\/2025\/11\/Senado-vista-aerea-202509178_CDA01_SESION.webp",750,500,false],"thumbnail":["https:\/\/infotep.com.ar\/wp-content\/uploads\/2025\/11\/Senado-vista-aerea-202509178_CDA01_SESION-150x150.webp",150,150,true],"medium":["https:\/\/infotep.com.ar\/wp-content\/uploads\/2025\/11\/Senado-vista-aerea-202509178_CDA01_SESION-300x200.webp",300,200,true],"medium_large":["https:\/\/infotep.com.ar\/wp-content\/uploads\/2025\/11\/Senado-vista-aerea-202509178_CDA01_SESION.webp",750,500,false],"large":["https:\/\/infotep.com.ar\/wp-content\/uploads\/2025\/11\/Senado-vista-aerea-202509178_CDA01_SESION.webp",750,500,false],"1536x1536":["https:\/\/infotep.com.ar\/wp-content\/uploads\/2025\/11\/Senado-vista-aerea-202509178_CDA01_SESION.webp",750,500,false],"2048x2048":["https:\/\/infotep.com.ar\/wp-content\/uploads\/2025\/11\/Senado-vista-aerea-202509178_CDA01_SESION.webp",750,500,false],"blossom-feminine-slider":["https:\/\/infotep.com.ar\/wp-content\/uploads\/2025\/11\/Senado-vista-aerea-202509178_CDA01_SESION.webp",750,500,false],"blossom-feminine-featured":["https:\/\/infotep.com.ar\/wp-content\/uploads\/2025\/11\/Senado-vista-aerea-202509178_CDA01_SESION.webp",750,500,false],"blossom-feminine-with-sidebar":["https:\/\/infotep.com.ar\/wp-content\/uploads\/2025\/11\/Senado-vista-aerea-202509178_CDA01_SESION.webp",750,500,false],"blossom-feminine-blog":["https:\/\/infotep.com.ar\/wp-content\/uploads\/2025\/11\/Senado-vista-aerea-202509178_CDA01_SESION-435x435.webp",435,435,true],"blossom-feminine-cat":["https:\/\/infotep.com.ar\/wp-content\/uploads\/2025\/11\/Senado-vista-aerea-202509178_CDA01_SESION-450x300.webp",450,300,true],"blossom-feminine-related":["https:\/\/infotep.com.ar\/wp-content\/uploads\/2025\/11\/Senado-vista-aerea-202509178_CDA01_SESION-320x200.webp",320,200,true],"blossom-feminine-schema":["https:\/\/infotep.com.ar\/wp-content\/uploads\/2025\/11\/Senado-vista-aerea-202509178_CDA01_SESION-90x60.webp",90,60,true],"blossom-mommy-blog-slider-big":["https:\/\/infotep.com.ar\/wp-content\/uploads\/2025\/11\/Senado-vista-aerea-202509178_CDA01_SESION.webp",750,500,false],"blossom-mommy-blog-slider":["https:\/\/infotep.com.ar\/wp-content\/uploads\/2025\/11\/Senado-vista-aerea-202509178_CDA01_SESION-460x310.webp",460,310,true],"blossom-mommy-blog-two":["https:\/\/infotep.com.ar\/wp-content\/uploads\/2025\/11\/Senado-vista-aerea-202509178_CDA01_SESION-750x480.webp",750,480,true]},"author_info":{"info":["Angela Tobar"]},"category_info":"<a href=\"https:\/\/infotep.com.ar\/index.php\/category\/nacionales\/\" rel=\"category tag\">Nacionales<\/a>","tag_info":"Nacionales","comment_count":"0","_links":{"self":[{"href":"https:\/\/infotep.com.ar\/index.php\/wp-json\/wp\/v2\/posts\/29872"}],"collection":[{"href":"https:\/\/infotep.com.ar\/index.php\/wp-json\/wp\/v2\/posts"}],"about":[{"href":"https:\/\/infotep.com.ar\/index.php\/wp-json\/wp\/v2\/types\/post"}],"author":[{"embeddable":true,"href":"https:\/\/infotep.com.ar\/index.php\/wp-json\/wp\/v2\/users\/5"}],"replies":[{"embeddable":true,"href":"https:\/\/infotep.com.ar\/index.php\/wp-json\/wp\/v2\/comments?post=29872"}],"version-history":[{"count":1,"href":"https:\/\/infotep.com.ar\/index.php\/wp-json\/wp\/v2\/posts\/29872\/revisions"}],"predecessor-version":[{"id":29874,"href":"https:\/\/infotep.com.ar\/index.php\/wp-json\/wp\/v2\/posts\/29872\/revisions\/29874"}],"wp:featuredmedia":[{"embeddable":true,"href":"https:\/\/infotep.com.ar\/index.php\/wp-json\/wp\/v2\/media\/29873"}],"wp:attachment":[{"href":"https:\/\/infotep.com.ar\/index.php\/wp-json\/wp\/v2\/media?parent=29872"}],"wp:term":[{"taxonomy":"category","embeddable":true,"href":"https:\/\/infotep.com.ar\/index.php\/wp-json\/wp\/v2\/categories?post=29872"},{"taxonomy":"post_tag","embeddable":true,"href":"https:\/\/infotep.com.ar\/index.php\/wp-json\/wp\/v2\/tags?post=29872"}],"curies":[{"name":"wp","href":"https:\/\/api.w.org\/{rel}","templated":true}]}}