{"id":29882,"date":"2025-12-01T01:12:38","date_gmt":"2025-12-01T04:12:38","guid":{"rendered":"https:\/\/infotep.com.ar\/?p=29882"},"modified":"2025-12-01T01:12:39","modified_gmt":"2025-12-01T04:12:39","slug":"ate-evalua-adelantar-el-paro-nacional","status":"publish","type":"post","link":"https:\/\/infotep.com.ar\/index.php\/2025\/12\/01\/ate-evalua-adelantar-el-paro-nacional\/","title":{"rendered":"ATE eval\u00faa adelantar el Paro Nacional"},"content":{"rendered":"\n<p>La iniciativa surgi\u00f3 ante la \u201camenaza\u201d de un nuevo recorte del 10% de la planta estatal, que pretende llevar adelante el Gobierno de Javier Milei.<br><br>La Asociaci\u00f3n de Trabajadores del Estado (ATE) eval\u00faa adelantar el Paro Nacional ante la \u201camenaza\u201d de un nuevo recorte del 10% de la planta estatal, que pretende llevar adelante la gesti\u00f3n del presidente Javier Milei, y que \u201crepresentar\u00eda aproximadamente 28.000 despidos\u201d.<\/p>\n\n\n\n<p>Las cesant\u00edas \u201capuntar\u00edan principalmente a los organismos descentralizados del Estado\u201d, entre los cuales est\u00e1 la Oficina Anticorrupci\u00f3n, el Indec, el Conicet, la Coneau, el ARCA, el Archivo General de la Naci\u00f3n, la Anses, la Conadis, el Enargas, el Enre, el Inta, el Inti y el Enacom.<\/p>\n\n\n\n<p>La medida de fuerza a la que se refieren, hab\u00eda sido definida en el plenario realizado el pasado 27 de noviembre, en la provincia de San Luis, sin embargo, ante el intento de una nueva ola de despidos por parte del Gobierno Nacional, ATE convocar\u00e1 \u201ca sus instancias org\u00e1nicas\u201d para adelantar el paro.<\/p>\n\n\n\n<p>La iniciativa surgi\u00f3 ante la \u201camenaza\u201d de un nuevo recorte del 10% de la planta estatal, que pretende llevar adelante el Gobierno de Javier Milei.<\/p>\n\n\n\n<p>Paralelamente, el secretario general del gremio Rodolfo Aguiar apunt\u00f3 contra el ministro de Desregulaci\u00f3n y Transformaci\u00f3n del Estado, Federico Sturzenegger y lo calific\u00f3 de \u201csiniestro\u201d porque \u201cviene por los trabajadores\u201d.<\/p>\n\n\n\n<p>\u201cTiene que saber que los estatales tambi\u00e9n vamos por \u00e9l. El sector p\u00fablico no resiste m\u00e1s ajustes. No vamos a tolerar ning\u00fan despido y exigimos la renovaci\u00f3n autom\u00e1tica de la totalidad de los v\u00ednculos que vencen el 31 de diciembre\u201d, afirm\u00f3 el gremialista.<\/p>\n\n\n\n<p>En la misma l\u00ednea, sostuvo que el Gobierno Nacional \u201cmiente\u201d porque \u201cnunca se trat\u00f3 de una cuesti\u00f3n presupuestaria\u201d, sino de una postura \u201cideol\u00f3gica\u201d: \u201cLos trabajadores contratados en la administraci\u00f3n p\u00fablica representan menos del 0,5% del presupuesto y la deuda externa se ubica por encima del 25%\u201d, agreg\u00f3.<\/p>\n\n\n\n<p>Para finalizar, sostuvo que, \u201cest\u00e1 m\u00e1s que claro\u201d que Milei que no quiere destruir el Estado sino que pretende \u201cmoldearlo\u201d para que s\u00f3lo se aseguren \u201clos intereses de los grandes grupos econ\u00f3micos nacionales y transnacionales\u201d que tienen vinculaciones con Argentina.<\/p>\n\n\n\n<p>\u201cPara garantizar esa tarea, y como si quedara alguna duda, la m\u00e1xima autoridad laboral est\u00e1 en manos del equipo jur\u00eddico de Techint\u201d, concluy\u00f3 Aguiar.<\/p>\n","protected":false},"excerpt":{"rendered":"<p>La iniciativa surgi&oacute; ante la &ldquo;amenaza&rdquo; de un nuevo recorte del 10% de la planta estatal, que pretende llevar adelante el Gobierno de Javier Milei. La Asociaci&oacute;n de Trabajadores del Estado (ATE) eval&uacute;a adelantar el Paro Nacional ante la &ldquo;amenaza&rdquo; de un nuevo recorte del 10% de la planta estatal, que pretende llevar adelante la &hellip; <\/p>\n","protected":false},"author":5,"featured_media":9280,"comment_status":"closed","ping_status":"closed","sticky":false,"template":"","format":"standard","meta":{"om_disable_all_campaigns":false,"_joinchat":[]},"categories":[7,3],"tags":[46,43,569],"featured_image_urls":{"full":["https:\/\/infotep.com.ar\/wp-content\/uploads\/2023\/11\/ate.jpg",1920,1080,false],"thumbnail":["https:\/\/infotep.com.ar\/wp-content\/uploads\/2023\/11\/ate-150x150.jpg",150,150,true],"medium":["https:\/\/infotep.com.ar\/wp-content\/uploads\/2023\/11\/ate-300x169.jpg",300,169,true],"medium_large":["https:\/\/infotep.com.ar\/wp-content\/uploads\/2023\/11\/ate-768x432.jpg",768,432,true],"large":["https:\/\/infotep.com.ar\/wp-content\/uploads\/2023\/11\/ate-1024x576.jpg",1020,574,true],"1536x1536":["https:\/\/infotep.com.ar\/wp-content\/uploads\/2023\/11\/ate-1536x864.jpg",1536,864,true],"2048x2048":["https:\/\/infotep.com.ar\/wp-content\/uploads\/2023\/11\/ate.jpg",1920,1080,false],"blossom-feminine-slider":["https:\/\/infotep.com.ar\/wp-content\/uploads\/2023\/11\/ate-1920x649.jpg",1920,649,true],"blossom-feminine-featured":["https:\/\/infotep.com.ar\/wp-content\/uploads\/2023\/11\/ate-1410x600.jpg",1410,600,true],"blossom-feminine-with-sidebar":["https:\/\/infotep.com.ar\/wp-content\/uploads\/2023\/11\/ate-1020x600.jpg",1020,600,true],"blossom-feminine-blog":["https:\/\/infotep.com.ar\/wp-content\/uploads\/2023\/11\/ate-435x435.jpg",435,435,true],"blossom-feminine-cat":["https:\/\/infotep.com.ar\/wp-content\/uploads\/2023\/11\/ate-450x300.jpg",450,300,true],"blossom-feminine-related":["https:\/\/infotep.com.ar\/wp-content\/uploads\/2023\/11\/ate-320x200.jpg",320,200,true],"blossom-feminine-schema":["https:\/\/infotep.com.ar\/wp-content\/uploads\/2023\/11\/ate-107x60.jpg",107,60,true],"blossom-mommy-blog-slider-big":["https:\/\/infotep.com.ar\/wp-content\/uploads\/2023\/11\/ate-920x650.jpg",920,650,true],"blossom-mommy-blog-slider":["https:\/\/infotep.com.ar\/wp-content\/uploads\/2023\/11\/ate-460x310.jpg",460,310,true],"blossom-mommy-blog-two":["https:\/\/infotep.com.ar\/wp-content\/uploads\/2023\/11\/ate-768x480.jpg",768,480,true]},"author_info":{"info":["Angela Tobar"]},"category_info":"<a href=\"https:\/\/infotep.com.ar\/index.php\/category\/gremios\/\" rel=\"category tag\">Gremios<\/a> <a href=\"https:\/\/infotep.com.ar\/index.php\/category\/nacionales\/\" rel=\"category tag\">Nacionales<\/a>","tag_info":"Nacionales","comment_count":"0","_links":{"self":[{"href":"https:\/\/infotep.com.ar\/index.php\/wp-json\/wp\/v2\/posts\/29882"}],"collection":[{"href":"https:\/\/infotep.com.ar\/index.php\/wp-json\/wp\/v2\/posts"}],"about":[{"href":"https:\/\/infotep.com.ar\/index.php\/wp-json\/wp\/v2\/types\/post"}],"author":[{"embeddable":true,"href":"https:\/\/infotep.com.ar\/index.php\/wp-json\/wp\/v2\/users\/5"}],"replies":[{"embeddable":true,"href":"https:\/\/infotep.com.ar\/index.php\/wp-json\/wp\/v2\/comments?post=29882"}],"version-history":[{"count":1,"href":"https:\/\/infotep.com.ar\/index.php\/wp-json\/wp\/v2\/posts\/29882\/revisions"}],"predecessor-version":[{"id":29883,"href":"https:\/\/infotep.com.ar\/index.php\/wp-json\/wp\/v2\/posts\/29882\/revisions\/29883"}],"wp:featuredmedia":[{"embeddable":true,"href":"https:\/\/infotep.com.ar\/index.php\/wp-json\/wp\/v2\/media\/9280"}],"wp:attachment":[{"href":"https:\/\/infotep.com.ar\/index.php\/wp-json\/wp\/v2\/media?parent=29882"}],"wp:term":[{"taxonomy":"category","embeddable":true,"href":"https:\/\/infotep.com.ar\/index.php\/wp-json\/wp\/v2\/categories?post=29882"},{"taxonomy":"post_tag","embeddable":true,"href":"https:\/\/infotep.com.ar\/index.php\/wp-json\/wp\/v2\/tags?post=29882"}],"curies":[{"name":"wp","href":"https:\/\/api.w.org\/{rel}","templated":true}]}}