{"id":29886,"date":"2025-12-01T01:17:20","date_gmt":"2025-12-01T04:17:20","guid":{"rendered":"https:\/\/infotep.com.ar\/?p=29886"},"modified":"2025-12-01T01:17:20","modified_gmt":"2025-12-01T04:17:20","slug":"kicillof-participara-de-la-tradicional-marcha-de-los-jueves-de-madres-de-plaza-de-mayo","status":"publish","type":"post","link":"https:\/\/infotep.com.ar\/index.php\/2025\/12\/01\/kicillof-participara-de-la-tradicional-marcha-de-los-jueves-de-madres-de-plaza-de-mayo\/","title":{"rendered":"Kicillof participar\u00e1 de la tradicional marcha de los jueves de Madres de Plaza de Mayo"},"content":{"rendered":"\n<p>Ser\u00e1 la ronda semanal Nro. 2486 y se conmemorar\u00e1 el cumplea\u00f1os de Hebe de Bonafini.<br><br>El gobernador de la provincia de Buenos Aires, Axel Kicillof, participar\u00e1 este jueves 4 de diciembre, de la habitual marcha de los jueves de las Madres de Plaza de Mayo, donde se conmemorar\u00e1 el cumplea\u00f1os de una de las referentes m\u00e1s importantes de la asociaci\u00f3n, Hebe de Bonafini.<\/p>\n\n\n\n<p>\u201cEste jueves 4 de diciembre, d\u00eda de cumplea\u00f1os de nuestra eterna compa\u00f1era Hebe, las Madres de Plaza de Mayo seguimos luchando en la Marcha de los Jueves N\u00b0 2486, junto a la militancia, Demetrio Iramain y el gobernador de la Provincia de Buenos Aires, Axel Kicillof\u201d, indicaron desde sus redes sociales oficiales.<\/p>\n\n\n\n<p>La ronda comenzar\u00e1 a las 15:30 hs., en la Pir\u00e1mide de Mayo situada en el centro de la Plaza, y contar\u00e1, adem\u00e1s, con la participaci\u00f3n de la (ex) rectora de la Universidad de las Madres (UNMA) Cristina Caama\u00f1o; la actual presidenta de la Asociaci\u00f3n, Carmen Arias, quien asistir\u00e1 junto a otras madres como Pina de Fiore, Sara Mrad e Irene Molinari; y el ministro de Desarrollo de la Comunidad bonaerense, Andr\u00e9s Larroque.<\/p>\n\n\n\n<p>Tambi\u00e9n, se anunciar\u00e1 el lanzamiento de la C\u00e1tedra Libre \u2018Hebe de Bonafini\u2019 a las 17:30hs., actuar\u00e1 el Coro EcuNHi, perteneciente al Espacio Cultural Nuestros Hijos y dirigido por Eduardo Ferraudi; el cierre musical a cargo del grupo Aguafuertes y habr\u00e1 un invitado sorpresa.<\/p>\n\n\n\n<p>&#8220;Que no haya ninguno que quede en la casa, que se vengan todos a cubrir la Plaza. \u00a1Ni un paso atr\u00e1s!\u201d, concluyeron en un comunicado las integrantes de Madres de Plaza de Mayo.<\/p>\n","protected":false},"excerpt":{"rendered":"<p>Ser&aacute; la ronda semanal Nro. 2486 y se conmemorar&aacute; el cumplea&ntilde;os de Hebe de Bonafini. El gobernador de la provincia de Buenos Aires, Axel Kicillof, participar&aacute; este jueves 4 de diciembre, de la habitual marcha de los jueves de las Madres de Plaza de Mayo, donde se conmemorar&aacute; el cumplea&ntilde;os de una de las referentes &hellip; <\/p>\n","protected":false},"author":5,"featured_media":26603,"comment_status":"closed","ping_status":"closed","sticky":false,"template":"","format":"standard","meta":{"om_disable_all_campaigns":false,"_joinchat":[]},"categories":[4],"tags":[46,43,569],"featured_image_urls":{"full":["https:\/\/infotep.com.ar\/wp-content\/uploads\/2025\/08\/kic.webp",1080,720,false],"thumbnail":["https:\/\/infotep.com.ar\/wp-content\/uploads\/2025\/08\/kic-150x150.webp",150,150,true],"medium":["https:\/\/infotep.com.ar\/wp-content\/uploads\/2025\/08\/kic-300x200.webp",300,200,true],"medium_large":["https:\/\/infotep.com.ar\/wp-content\/uploads\/2025\/08\/kic-768x512.webp",768,512,true],"large":["https:\/\/infotep.com.ar\/wp-content\/uploads\/2025\/08\/kic-1024x683.webp",1020,680,true],"1536x1536":["https:\/\/infotep.com.ar\/wp-content\/uploads\/2025\/08\/kic.webp",1080,720,false],"2048x2048":["https:\/\/infotep.com.ar\/wp-content\/uploads\/2025\/08\/kic.webp",1080,720,false],"blossom-feminine-slider":["https:\/\/infotep.com.ar\/wp-content\/uploads\/2025\/08\/kic-1080x649.webp",1080,649,true],"blossom-feminine-featured":["https:\/\/infotep.com.ar\/wp-content\/uploads\/2025\/08\/kic-1080x600.webp",1080,600,true],"blossom-feminine-with-sidebar":["https:\/\/infotep.com.ar\/wp-content\/uploads\/2025\/08\/kic-1020x600.webp",1020,600,true],"blossom-feminine-blog":["https:\/\/infotep.com.ar\/wp-content\/uploads\/2025\/08\/kic-435x435.webp",435,435,true],"blossom-feminine-cat":["https:\/\/infotep.com.ar\/wp-content\/uploads\/2025\/08\/kic-450x300.webp",450,300,true],"blossom-feminine-related":["https:\/\/infotep.com.ar\/wp-content\/uploads\/2025\/08\/kic-320x200.webp",320,200,true],"blossom-feminine-schema":["https:\/\/infotep.com.ar\/wp-content\/uploads\/2025\/08\/kic-90x60.webp",90,60,true],"blossom-mommy-blog-slider-big":["https:\/\/infotep.com.ar\/wp-content\/uploads\/2025\/08\/kic-920x650.webp",920,650,true],"blossom-mommy-blog-slider":["https:\/\/infotep.com.ar\/wp-content\/uploads\/2025\/08\/kic-460x310.webp",460,310,true],"blossom-mommy-blog-two":["https:\/\/infotep.com.ar\/wp-content\/uploads\/2025\/08\/kic-768x480.webp",768,480,true]},"author_info":{"info":["Angela Tobar"]},"category_info":"<a href=\"https:\/\/infotep.com.ar\/index.php\/category\/provinciales\/\" rel=\"category tag\">Provinciales<\/a>","tag_info":"Provinciales","comment_count":"0","_links":{"self":[{"href":"https:\/\/infotep.com.ar\/index.php\/wp-json\/wp\/v2\/posts\/29886"}],"collection":[{"href":"https:\/\/infotep.com.ar\/index.php\/wp-json\/wp\/v2\/posts"}],"about":[{"href":"https:\/\/infotep.com.ar\/index.php\/wp-json\/wp\/v2\/types\/post"}],"author":[{"embeddable":true,"href":"https:\/\/infotep.com.ar\/index.php\/wp-json\/wp\/v2\/users\/5"}],"replies":[{"embeddable":true,"href":"https:\/\/infotep.com.ar\/index.php\/wp-json\/wp\/v2\/comments?post=29886"}],"version-history":[{"count":1,"href":"https:\/\/infotep.com.ar\/index.php\/wp-json\/wp\/v2\/posts\/29886\/revisions"}],"predecessor-version":[{"id":29887,"href":"https:\/\/infotep.com.ar\/index.php\/wp-json\/wp\/v2\/posts\/29886\/revisions\/29887"}],"wp:featuredmedia":[{"embeddable":true,"href":"https:\/\/infotep.com.ar\/index.php\/wp-json\/wp\/v2\/media\/26603"}],"wp:attachment":[{"href":"https:\/\/infotep.com.ar\/index.php\/wp-json\/wp\/v2\/media?parent=29886"}],"wp:term":[{"taxonomy":"category","embeddable":true,"href":"https:\/\/infotep.com.ar\/index.php\/wp-json\/wp\/v2\/categories?post=29886"},{"taxonomy":"post_tag","embeddable":true,"href":"https:\/\/infotep.com.ar\/index.php\/wp-json\/wp\/v2\/tags?post=29886"}],"curies":[{"name":"wp","href":"https:\/\/api.w.org\/{rel}","templated":true}]}}