{"id":29916,"date":"2025-12-01T13:10:18","date_gmt":"2025-12-01T16:10:18","guid":{"rendered":"https:\/\/infotep.com.ar\/?p=29916"},"modified":"2025-12-01T13:10:19","modified_gmt":"2025-12-01T16:10:19","slug":"denuncian-el-cierre-de-1800-panaderias-en-todo-el-pais-por-la-caida-en-las-ventas","status":"publish","type":"post","link":"https:\/\/infotep.com.ar\/index.php\/2025\/12\/01\/denuncian-el-cierre-de-1800-panaderias-en-todo-el-pais-por-la-caida-en-las-ventas\/","title":{"rendered":"Denuncian el cierre de 1800 panader\u00edas en todo el pa\u00eds por la ca\u00edda en las ventas"},"content":{"rendered":"\n<p>Es por la suba de costos y ca\u00edda de demanda<br><br><strong>El presidente del Centro de Panaderos de Merlo, Mart\u00edn Pinto, denunci\u00f3 el cierre de 1.800 panader\u00edas en todo el pa\u00eds y la p\u00e9rdida de m\u00e1s de 15.000 puestos de trabajo en dos a\u00f1os a partir de la suba de costos y ca\u00edda de la demanda.<\/strong><\/p>\n\n\n\n<p>Pinto afirm\u00f3 que el sector \u201cest\u00e1 trabajando siempre a p\u00e9rdida\u201d y solo est\u00e1 \u201csubsistiendo\u201d.<\/p>\n\n\n\n<p>Adem\u00e1s, compar\u00f3 la situaci\u00f3n actual con coyunturas hist\u00f3ricas adversas (la pandemia, los a\u00f1os 90 y el 2001), se\u00f1alando que &#8220;no es nada comparado con lo que estamos viviendo hoy&#8221;.<\/p>\n\n\n\n<p>Mientras los panaderos deben enfrentar este incremento constante, el sector experiment\u00f3 una ca\u00edda de venta de un 55%, a\u00f1adi\u00f3 Pinto, quien afirm\u00f3 que las boletas de luz registraron un aumento de entre un 45% y un 50% en comparaci\u00f3n con el mes anterior.<\/p>\n\n\n\n<p>Esta combinaci\u00f3n hace &#8220;imposible sostener&#8221; la operaci\u00f3n, ya que el sector no puede &#8220;perder plata&#8221;. Pinto afirm\u00f3 que resulta imposible absorber estos costos sin trasladarlos al precio.<\/p>\n\n\n\n<p>La demanda se ve afectada por el bajo poder adquisitivo, ya que &#8220;la gente hoy compra lo que puede y no lo que quiere&#8221; porque no tiene recursos en el bolsillo.<\/p>\n\n\n\n<p>Analiz\u00f3 que el problema de fondo es que los aumentos de costos no se han acompa\u00f1ado por una mejora salarial. Si bien todo sigue aumentando, la gente tiene los &#8220;sueldos pisados a un a\u00f1o atr\u00e1s&#8221;, lo que significa que aumentar el precio no revierte la ca\u00edda de las ventas.<\/p>\n","protected":false},"excerpt":{"rendered":"<p>Es por la suba de costos y ca&iacute;da de demanda El presidente del Centro de Panaderos de Merlo, Mart&iacute;n Pinto, denunci&oacute; el cierre de 1.800 panader&iacute;as en todo el pa&iacute;s y la p&eacute;rdida de m&aacute;s de 15.000 puestos de trabajo en dos a&ntilde;os a partir de la suba de costos y ca&iacute;da de la demanda. &hellip; <\/p>\n","protected":false},"author":5,"featured_media":28682,"comment_status":"closed","ping_status":"closed","sticky":false,"template":"","format":"standard","meta":{"om_disable_all_campaigns":false,"_joinchat":[]},"categories":[31,10,4],"tags":[46,569],"featured_image_urls":{"full":["https:\/\/infotep.com.ar\/wp-content\/uploads\/2025\/10\/panaderos-de-merlo.webp",1133,720,false],"thumbnail":["https:\/\/infotep.com.ar\/wp-content\/uploads\/2025\/10\/panaderos-de-merlo-150x150.webp",150,150,true],"medium":["https:\/\/infotep.com.ar\/wp-content\/uploads\/2025\/10\/panaderos-de-merlo-300x191.webp",300,191,true],"medium_large":["https:\/\/infotep.com.ar\/wp-content\/uploads\/2025\/10\/panaderos-de-merlo-768x488.webp",768,488,true],"large":["https:\/\/infotep.com.ar\/wp-content\/uploads\/2025\/10\/panaderos-de-merlo-1024x651.webp",1020,648,true],"1536x1536":["https:\/\/infotep.com.ar\/wp-content\/uploads\/2025\/10\/panaderos-de-merlo.webp",1133,720,false],"2048x2048":["https:\/\/infotep.com.ar\/wp-content\/uploads\/2025\/10\/panaderos-de-merlo.webp",1133,720,false],"blossom-feminine-slider":["https:\/\/infotep.com.ar\/wp-content\/uploads\/2025\/10\/panaderos-de-merlo-1133x649.webp",1133,649,true],"blossom-feminine-featured":["https:\/\/infotep.com.ar\/wp-content\/uploads\/2025\/10\/panaderos-de-merlo-1133x600.webp",1133,600,true],"blossom-feminine-with-sidebar":["https:\/\/infotep.com.ar\/wp-content\/uploads\/2025\/10\/panaderos-de-merlo-1020x600.webp",1020,600,true],"blossom-feminine-blog":["https:\/\/infotep.com.ar\/wp-content\/uploads\/2025\/10\/panaderos-de-merlo-435x435.webp",435,435,true],"blossom-feminine-cat":["https:\/\/infotep.com.ar\/wp-content\/uploads\/2025\/10\/panaderos-de-merlo-450x300.webp",450,300,true],"blossom-feminine-related":["https:\/\/infotep.com.ar\/wp-content\/uploads\/2025\/10\/panaderos-de-merlo-320x200.webp",320,200,true],"blossom-feminine-schema":["https:\/\/infotep.com.ar\/wp-content\/uploads\/2025\/10\/panaderos-de-merlo-94x60.webp",94,60,true],"blossom-mommy-blog-slider-big":["https:\/\/infotep.com.ar\/wp-content\/uploads\/2025\/10\/panaderos-de-merlo-920x650.webp",920,650,true],"blossom-mommy-blog-slider":["https:\/\/infotep.com.ar\/wp-content\/uploads\/2025\/10\/panaderos-de-merlo-460x310.webp",460,310,true],"blossom-mommy-blog-two":["https:\/\/infotep.com.ar\/wp-content\/uploads\/2025\/10\/panaderos-de-merlo-768x480.webp",768,480,true]},"author_info":{"info":["Angela Tobar"]},"category_info":"<a href=\"https:\/\/infotep.com.ar\/index.php\/category\/destacadas\/\" rel=\"category tag\">Destacadas<\/a> <a href=\"https:\/\/infotep.com.ar\/index.php\/category\/municipales\/merlo\/\" rel=\"category tag\">Merlo<\/a> <a href=\"https:\/\/infotep.com.ar\/index.php\/category\/provinciales\/\" rel=\"category tag\">Provinciales<\/a>","tag_info":"Provinciales","comment_count":"0","_links":{"self":[{"href":"https:\/\/infotep.com.ar\/index.php\/wp-json\/wp\/v2\/posts\/29916"}],"collection":[{"href":"https:\/\/infotep.com.ar\/index.php\/wp-json\/wp\/v2\/posts"}],"about":[{"href":"https:\/\/infotep.com.ar\/index.php\/wp-json\/wp\/v2\/types\/post"}],"author":[{"embeddable":true,"href":"https:\/\/infotep.com.ar\/index.php\/wp-json\/wp\/v2\/users\/5"}],"replies":[{"embeddable":true,"href":"https:\/\/infotep.com.ar\/index.php\/wp-json\/wp\/v2\/comments?post=29916"}],"version-history":[{"count":1,"href":"https:\/\/infotep.com.ar\/index.php\/wp-json\/wp\/v2\/posts\/29916\/revisions"}],"predecessor-version":[{"id":29917,"href":"https:\/\/infotep.com.ar\/index.php\/wp-json\/wp\/v2\/posts\/29916\/revisions\/29917"}],"wp:featuredmedia":[{"embeddable":true,"href":"https:\/\/infotep.com.ar\/index.php\/wp-json\/wp\/v2\/media\/28682"}],"wp:attachment":[{"href":"https:\/\/infotep.com.ar\/index.php\/wp-json\/wp\/v2\/media?parent=29916"}],"wp:term":[{"taxonomy":"category","embeddable":true,"href":"https:\/\/infotep.com.ar\/index.php\/wp-json\/wp\/v2\/categories?post=29916"},{"taxonomy":"post_tag","embeddable":true,"href":"https:\/\/infotep.com.ar\/index.php\/wp-json\/wp\/v2\/tags?post=29916"}],"curies":[{"name":"wp","href":"https:\/\/api.w.org\/{rel}","templated":true}]}}