{"id":29951,"date":"2025-12-02T19:20:42","date_gmt":"2025-12-02T22:20:42","guid":{"rendered":"https:\/\/infotep.com.ar\/?p=29951"},"modified":"2025-12-02T19:20:42","modified_gmt":"2025-12-02T22:20:42","slug":"se-realizara-la-misa-criolla-y-la-apertura-del-pesebre-en-la-plaza-mariano-moreno","status":"publish","type":"post","link":"https:\/\/infotep.com.ar\/index.php\/2025\/12\/02\/se-realizara-la-misa-criolla-y-la-apertura-del-pesebre-en-la-plaza-mariano-moreno\/","title":{"rendered":"Se realizar\u00e1 la Misa Criolla y la apertura del Pesebre en la Plaza Mariano Moreno"},"content":{"rendered":"\n<p>Ser\u00e1 el domingo 7 de diciembre, desde las 19 horas, con la presentaci\u00f3n de Bruno Arias, Facundo Ram\u00edrez, m\u00e1s de 40 m\u00fasicos y el Ballet Renacer de una Patria Nueva<\/p>\n\n\n\n<p>El Municipio de Moreno realizar\u00e1 como todos los a\u00f1os una nueva edici\u00f3n de la \u201cMisa Criolla\u201d, el domingo 7 de diciembre, a las 19 horas, en la Plaza Mariano Moreno, ubicada en Asconap\u00e9 y Joly. La celebraci\u00f3n contar\u00e1 con la interpretaci\u00f3n de Bruno Arias y Facundo Ram\u00edrez \u2014hijo del hist\u00f3rico compositor Ariel Ram\u00edrez\u2014 junto a m\u00e1s de 40 m\u00fasicos bonaerenses, en un homenaje al legado del creador de esta obra emblem\u00e1tica.<\/p>\n\n\n\n<p>De la jornada, que ser\u00e1 al aire libre, con entrada libre y gratuita, formar\u00e1 parte el Ballet Renacer de una Patria Nueva que ofrecer\u00e1 una propuesta cultural que une m\u00fasica, tradici\u00f3n y fe.<\/p>\n\n\n\n<p>Adem\u00e1s, se realizar\u00e1 la Apertura del Pesebre, un momento especial y de tradici\u00f3n que convoca a la comunidad y del que participan las ni\u00f1as y los ni\u00f1os morenenses vestidos de angelitos para acompa\u00f1ar y embellecer la ceremonia.<\/p>\n\n\n\n<p>La Misa Criolla, una de las obras m\u00e1s reconocidas de la m\u00fasica popular, se convierte nuevamente en un punto de encuentro para compartir en familia y celebrar la identidad cultural argentina.<\/p>\n","protected":false},"excerpt":{"rendered":"<p>Ser&aacute; el domingo 7 de diciembre, desde las 19 horas, con la presentaci&oacute;n de Bruno Arias, Facundo Ram&iacute;rez, m&aacute;s de 40 m&uacute;sicos y el Ballet Renacer de una Patria Nueva El Municipio de Moreno realizar&aacute; como todos los a&ntilde;os una nueva edici&oacute;n de la &ldquo;Misa Criolla&rdquo;, el domingo 7 de diciembre, a las 19 horas, &hellip; <\/p>\n","protected":false},"author":5,"featured_media":29952,"comment_status":"closed","ping_status":"closed","sticky":false,"template":"","format":"standard","meta":{"om_disable_all_campaigns":false,"_joinchat":[]},"categories":[85],"tags":[46,43,569],"featured_image_urls":{"full":["https:\/\/infotep.com.ar\/wp-content\/uploads\/2025\/12\/misa-criollaNo-de-secuencia-1-2-scaled.jpg",2560,1440,false],"thumbnail":["https:\/\/infotep.com.ar\/wp-content\/uploads\/2025\/12\/misa-criollaNo-de-secuencia-1-2-150x150.jpg",150,150,true],"medium":["https:\/\/infotep.com.ar\/wp-content\/uploads\/2025\/12\/misa-criollaNo-de-secuencia-1-2-300x169.jpg",300,169,true],"medium_large":["https:\/\/infotep.com.ar\/wp-content\/uploads\/2025\/12\/misa-criollaNo-de-secuencia-1-2-768x432.jpg",768,432,true],"large":["https:\/\/infotep.com.ar\/wp-content\/uploads\/2025\/12\/misa-criollaNo-de-secuencia-1-2-1024x576.jpg",1020,574,true],"1536x1536":["https:\/\/infotep.com.ar\/wp-content\/uploads\/2025\/12\/misa-criollaNo-de-secuencia-1-2-1536x864.jpg",1536,864,true],"2048x2048":["https:\/\/infotep.com.ar\/wp-content\/uploads\/2025\/12\/misa-criollaNo-de-secuencia-1-2-2048x1152.jpg",2048,1152,true],"blossom-feminine-slider":["https:\/\/infotep.com.ar\/wp-content\/uploads\/2025\/12\/misa-criollaNo-de-secuencia-1-2-1920x649.jpg",1920,649,true],"blossom-feminine-featured":["https:\/\/infotep.com.ar\/wp-content\/uploads\/2025\/12\/misa-criollaNo-de-secuencia-1-2-1410x600.jpg",1410,600,true],"blossom-feminine-with-sidebar":["https:\/\/infotep.com.ar\/wp-content\/uploads\/2025\/12\/misa-criollaNo-de-secuencia-1-2-1020x600.jpg",1020,600,true],"blossom-feminine-blog":["https:\/\/infotep.com.ar\/wp-content\/uploads\/2025\/12\/misa-criollaNo-de-secuencia-1-2-435x435.jpg",435,435,true],"blossom-feminine-cat":["https:\/\/infotep.com.ar\/wp-content\/uploads\/2025\/12\/misa-criollaNo-de-secuencia-1-2-450x300.jpg",450,300,true],"blossom-feminine-related":["https:\/\/infotep.com.ar\/wp-content\/uploads\/2025\/12\/misa-criollaNo-de-secuencia-1-2-320x200.jpg",320,200,true],"blossom-feminine-schema":["https:\/\/infotep.com.ar\/wp-content\/uploads\/2025\/12\/misa-criollaNo-de-secuencia-1-2-107x60.jpg",107,60,true],"blossom-mommy-blog-slider-big":["https:\/\/infotep.com.ar\/wp-content\/uploads\/2025\/12\/misa-criollaNo-de-secuencia-1-2-920x650.jpg",920,650,true],"blossom-mommy-blog-slider":["https:\/\/infotep.com.ar\/wp-content\/uploads\/2025\/12\/misa-criollaNo-de-secuencia-1-2-460x310.jpg",460,310,true],"blossom-mommy-blog-two":["https:\/\/infotep.com.ar\/wp-content\/uploads\/2025\/12\/misa-criollaNo-de-secuencia-1-2-768x480.jpg",768,480,true]},"author_info":{"info":["Angela Tobar"]},"category_info":"<a href=\"https:\/\/infotep.com.ar\/index.php\/category\/municipales\/moreno\/\" rel=\"category tag\">Moreno<\/a>","tag_info":"Moreno","comment_count":"0","_links":{"self":[{"href":"https:\/\/infotep.com.ar\/index.php\/wp-json\/wp\/v2\/posts\/29951"}],"collection":[{"href":"https:\/\/infotep.com.ar\/index.php\/wp-json\/wp\/v2\/posts"}],"about":[{"href":"https:\/\/infotep.com.ar\/index.php\/wp-json\/wp\/v2\/types\/post"}],"author":[{"embeddable":true,"href":"https:\/\/infotep.com.ar\/index.php\/wp-json\/wp\/v2\/users\/5"}],"replies":[{"embeddable":true,"href":"https:\/\/infotep.com.ar\/index.php\/wp-json\/wp\/v2\/comments?post=29951"}],"version-history":[{"count":1,"href":"https:\/\/infotep.com.ar\/index.php\/wp-json\/wp\/v2\/posts\/29951\/revisions"}],"predecessor-version":[{"id":29953,"href":"https:\/\/infotep.com.ar\/index.php\/wp-json\/wp\/v2\/posts\/29951\/revisions\/29953"}],"wp:featuredmedia":[{"embeddable":true,"href":"https:\/\/infotep.com.ar\/index.php\/wp-json\/wp\/v2\/media\/29952"}],"wp:attachment":[{"href":"https:\/\/infotep.com.ar\/index.php\/wp-json\/wp\/v2\/media?parent=29951"}],"wp:term":[{"taxonomy":"category","embeddable":true,"href":"https:\/\/infotep.com.ar\/index.php\/wp-json\/wp\/v2\/categories?post=29951"},{"taxonomy":"post_tag","embeddable":true,"href":"https:\/\/infotep.com.ar\/index.php\/wp-json\/wp\/v2\/tags?post=29951"}],"curies":[{"name":"wp","href":"https:\/\/api.w.org\/{rel}","templated":true}]}}