{"id":29959,"date":"2025-12-02T19:40:10","date_gmt":"2025-12-02T22:40:10","guid":{"rendered":"https:\/\/infotep.com.ar\/?p=29959"},"modified":"2025-12-02T19:40:30","modified_gmt":"2025-12-02T22:40:30","slug":"se-presento-en-la-unoel-libro-recuperar-malvinas","status":"publish","type":"post","link":"https:\/\/infotep.com.ar\/index.php\/2025\/12\/02\/se-presento-en-la-unoel-libro-recuperar-malvinas\/","title":{"rendered":"Se present\u00f3 en la UNO el libro Recuperar Malvinas"},"content":{"rendered":"\n<p>Autoridades asistieron a la presentaci\u00f3n del libro escrito por el Dr. Alejo Ramos Padilla, en la Universidad Nacional del Oeste. El Intendente Gustavo Men\u00e9ndez y el Rector de la UNO, Gustavo Soos, participaron de la actividad.<\/p>\n\n\n\n<p><strong>La jornada de presentaci\u00f3n se enmarc\u00f3 en el seminario \u201cDesaf\u00edos por la Soberan\u00eda de las Islas Malvinas, Mar Argentino y Sector Ant\u00e1rtico\u201d, que const\u00f3 de 8 encuentros virtuales abiertos a la comunidad, dictados por el Instituto de Cultura Popular y Pensamiento Nacional.<\/strong><\/p>\n\n\n\n<p>\u201cCada uno de nosotros, desde el lugar en donde estemos, ponemos un granito de arena y, tal vez, se hace realidad esto de recuperar las Islas Malvinas, de la mano de los derechos humanos, de entender el principio y la definici\u00f3n en toda su dimensi\u00f3n de la palabra Soberan\u00eda\u201d, declar\u00f3 el Intendente Gustavo Men\u00e9ndez.<\/p>\n\n\n\n<p>Asimismo, el jefe comunal expres\u00f3 \u201cQuiero agradecerte Alejo por la presencia y por todo lo que has investigado para presentar este libro, no solo como intendente de la ciudad sino, tambi\u00e9n, como integrante de esta universidad. La palabra frente a quienes para nosotros son un farro de luz, nuestros Veteranos de Malvinas\u201d.<\/p>\n\n\n\n<p>Por su parte, el Dr. Ramos Padilla manifest\u00f3 \u201cEs un gusto presentar un libro frente a un p\u00fablico que viene llevando adelante un curso de capacitaci\u00f3n sobre Malvinas y con los ex combatientes que participaron de la charla, dieron sus opiniones. Pocas veces se vive una presentaci\u00f3n de un libro, as\u00ed como se vivi\u00f3 en Merlo\u201d.<\/p>\n\n\n\n<p>\u201cEs reafirmar esta causa irrefutable para nosotros, para el pensamiento nacional. Malvinas y los derechos humanos son la columna vertebral de nuestro pa\u00eds\u201d, sostuvo la directora del Instituto de Cultura Popular y Pensamiento Nacional Lic. Gabriela Tozzi.<\/p>\n\n\n\n<p>En esta jornada, el Rector de la Universidad Nacional del Oeste Gustavo Soos, design\u00f3 al Dr. Alejo Ramos Padilla como profesor extraordinario visitante.<\/p>\n\n\n\n<p>Participaron, adem\u00e1s, el coordinador del seminario y profesor de la UNO, Lic. Pablo Chiessa; y el co-coordinador del seminario e investigador, Juan Luis Contrera, y ex combatientes de Malvinas de Merlo.<\/p>\n","protected":false},"excerpt":{"rendered":"<p>Autoridades asistieron a la presentaci&oacute;n del libro escrito por el Dr. Alejo Ramos Padilla, en la Universidad Nacional del Oeste. El Intendente Gustavo Men&eacute;ndez y el Rector de la UNO, Gustavo Soos, participaron de la actividad. La jornada de presentaci&oacute;n se enmarc&oacute; en el seminario &ldquo;Desaf&iacute;os por la Soberan&iacute;a de las Islas Malvinas, Mar Argentino &hellip; <\/p>\n","protected":false},"author":5,"featured_media":29960,"comment_status":"closed","ping_status":"closed","sticky":false,"template":"","format":"standard","meta":{"om_disable_all_campaigns":false,"_joinchat":[]},"categories":[4,6],"tags":[46,43,569],"featured_image_urls":{"full":["https:\/\/infotep.com.ar\/wp-content\/uploads\/2025\/12\/Presentacion-de-RECUPERAR-MALVINAS-en-la-UNO-3.jpg",1200,676,false],"thumbnail":["https:\/\/infotep.com.ar\/wp-content\/uploads\/2025\/12\/Presentacion-de-RECUPERAR-MALVINAS-en-la-UNO-3-150x150.jpg",150,150,true],"medium":["https:\/\/infotep.com.ar\/wp-content\/uploads\/2025\/12\/Presentacion-de-RECUPERAR-MALVINAS-en-la-UNO-3-300x169.jpg",300,169,true],"medium_large":["https:\/\/infotep.com.ar\/wp-content\/uploads\/2025\/12\/Presentacion-de-RECUPERAR-MALVINAS-en-la-UNO-3-768x433.jpg",768,433,true],"large":["https:\/\/infotep.com.ar\/wp-content\/uploads\/2025\/12\/Presentacion-de-RECUPERAR-MALVINAS-en-la-UNO-3-1024x577.jpg",1020,575,true],"1536x1536":["https:\/\/infotep.com.ar\/wp-content\/uploads\/2025\/12\/Presentacion-de-RECUPERAR-MALVINAS-en-la-UNO-3.jpg",1200,676,false],"2048x2048":["https:\/\/infotep.com.ar\/wp-content\/uploads\/2025\/12\/Presentacion-de-RECUPERAR-MALVINAS-en-la-UNO-3.jpg",1200,676,false],"blossom-feminine-slider":["https:\/\/infotep.com.ar\/wp-content\/uploads\/2025\/12\/Presentacion-de-RECUPERAR-MALVINAS-en-la-UNO-3-1200x649.jpg",1200,649,true],"blossom-feminine-featured":["https:\/\/infotep.com.ar\/wp-content\/uploads\/2025\/12\/Presentacion-de-RECUPERAR-MALVINAS-en-la-UNO-3-1200x600.jpg",1200,600,true],"blossom-feminine-with-sidebar":["https:\/\/infotep.com.ar\/wp-content\/uploads\/2025\/12\/Presentacion-de-RECUPERAR-MALVINAS-en-la-UNO-3-1020x600.jpg",1020,600,true],"blossom-feminine-blog":["https:\/\/infotep.com.ar\/wp-content\/uploads\/2025\/12\/Presentacion-de-RECUPERAR-MALVINAS-en-la-UNO-3-435x435.jpg",435,435,true],"blossom-feminine-cat":["https:\/\/infotep.com.ar\/wp-content\/uploads\/2025\/12\/Presentacion-de-RECUPERAR-MALVINAS-en-la-UNO-3-450x300.jpg",450,300,true],"blossom-feminine-related":["https:\/\/infotep.com.ar\/wp-content\/uploads\/2025\/12\/Presentacion-de-RECUPERAR-MALVINAS-en-la-UNO-3-320x200.jpg",320,200,true],"blossom-feminine-schema":["https:\/\/infotep.com.ar\/wp-content\/uploads\/2025\/12\/Presentacion-de-RECUPERAR-MALVINAS-en-la-UNO-3-107x60.jpg",107,60,true],"blossom-mommy-blog-slider-big":["https:\/\/infotep.com.ar\/wp-content\/uploads\/2025\/12\/Presentacion-de-RECUPERAR-MALVINAS-en-la-UNO-3-920x650.jpg",920,650,true],"blossom-mommy-blog-slider":["https:\/\/infotep.com.ar\/wp-content\/uploads\/2025\/12\/Presentacion-de-RECUPERAR-MALVINAS-en-la-UNO-3-460x310.jpg",460,310,true],"blossom-mommy-blog-two":["https:\/\/infotep.com.ar\/wp-content\/uploads\/2025\/12\/Presentacion-de-RECUPERAR-MALVINAS-en-la-UNO-3-768x480.jpg",768,480,true]},"author_info":{"info":["Angela Tobar"]},"category_info":"<a href=\"https:\/\/infotep.com.ar\/index.php\/category\/provinciales\/\" rel=\"category tag\">Provinciales<\/a> <a href=\"https:\/\/infotep.com.ar\/index.php\/category\/universitarias\/\" rel=\"category tag\">Universitarias<\/a>","tag_info":"Universitarias","comment_count":"0","_links":{"self":[{"href":"https:\/\/infotep.com.ar\/index.php\/wp-json\/wp\/v2\/posts\/29959"}],"collection":[{"href":"https:\/\/infotep.com.ar\/index.php\/wp-json\/wp\/v2\/posts"}],"about":[{"href":"https:\/\/infotep.com.ar\/index.php\/wp-json\/wp\/v2\/types\/post"}],"author":[{"embeddable":true,"href":"https:\/\/infotep.com.ar\/index.php\/wp-json\/wp\/v2\/users\/5"}],"replies":[{"embeddable":true,"href":"https:\/\/infotep.com.ar\/index.php\/wp-json\/wp\/v2\/comments?post=29959"}],"version-history":[{"count":2,"href":"https:\/\/infotep.com.ar\/index.php\/wp-json\/wp\/v2\/posts\/29959\/revisions"}],"predecessor-version":[{"id":29962,"href":"https:\/\/infotep.com.ar\/index.php\/wp-json\/wp\/v2\/posts\/29959\/revisions\/29962"}],"wp:featuredmedia":[{"embeddable":true,"href":"https:\/\/infotep.com.ar\/index.php\/wp-json\/wp\/v2\/media\/29960"}],"wp:attachment":[{"href":"https:\/\/infotep.com.ar\/index.php\/wp-json\/wp\/v2\/media?parent=29959"}],"wp:term":[{"taxonomy":"category","embeddable":true,"href":"https:\/\/infotep.com.ar\/index.php\/wp-json\/wp\/v2\/categories?post=29959"},{"taxonomy":"post_tag","embeddable":true,"href":"https:\/\/infotep.com.ar\/index.php\/wp-json\/wp\/v2\/tags?post=29959"}],"curies":[{"name":"wp","href":"https:\/\/api.w.org\/{rel}","templated":true}]}}