{"id":29971,"date":"2025-12-04T00:53:26","date_gmt":"2025-12-04T03:53:26","guid":{"rendered":"https:\/\/infotep.com.ar\/?p=29971"},"modified":"2025-12-04T00:53:26","modified_gmt":"2025-12-04T03:53:26","slug":"moron-reabrio-el-consejo-municipal-para-personas-con-discapacidad","status":"publish","type":"post","link":"https:\/\/infotep.com.ar\/index.php\/2025\/12\/04\/moron-reabrio-el-consejo-municipal-para-personas-con-discapacidad\/","title":{"rendered":"Mor\u00f3n reabri\u00f3 el Consejo Municipal para Personas con Discapacidad"},"content":{"rendered":"\n<p>Mor\u00f3n realiz\u00f3 una jornada especial por el D\u00eda Internacional de las Personas con Discapacidad. Se trat\u00f3 de un encuentro reflexivo y comunitario.<\/p>\n\n\n\n<p>En el marco del D\u00eda Internacional de las Personas con Discapacidad, que se conmemora cada 3 de diciembre, el Municipio de Mor\u00f3n llev\u00f3 adelante la reapertura del Concejo Municipal para Personas con Discapacidad, en una jornada significativa y participativa.<\/p>\n\n\n\n<p>La actividad, que se realiz\u00f3 en el Centro Panaderos, ubicado en Uruguay 153, Mor\u00f3n, marc\u00f3 el compromiso local por reafirmar y garantizar los derechos de este colectivo, especialmente en un contexto nacional complejo.<\/p>\n\n\n\n<p>La reapertura estuvo a cargo del secretario de Relaciones con la Comunidad y Educaci\u00f3n; Jos\u00e9 Mar\u00eda Ghi, quien destac\u00f3 la importancia de consolidar espacios cercanos permanentes y de participaci\u00f3n activa para las personas con discapacidad.<\/p>\n\n\n\n<p>Durante el encuentro se conformaron mesas de trabajo en torno a cuatro ejes centrales: Educaci\u00f3n, Salud, Empleo y Recreaci\u00f3n. En cada espacio se debatieron propuestas desde diversas miradas, construyendo un intercambio enriquecedor y generando aportes para el dise\u00f1o de futuras pol\u00edticas p\u00fablicas en el distrito.<\/p>\n\n\n\n<p>En este sentido, la Escuela de Danzas Kalimando realiz\u00f3 una intervenci\u00f3n art\u00edstica aportando un emotivo momento cultural y musical al evento. El cierre estuvo a cargo de los coordinadores de cada mesa, quienes compartieron las principales conclusiones y expresaron el entusiasmo y compromiso de las y los participantes.<\/p>\n\n\n\n<p>La jornada reafirm\u00f3 la importancia de promover los derechos, el bienestar y garantizar que las personas con discapacidad sean protagonistas en cada proceso, aportando su voz, su experiencia y sus propuestas para construir una agenda p\u00fablica m\u00e1s inclusiva y participativa en Mor\u00f3n.<\/p>\n\n\n\n<p>Estuvieron presentes durante el acto, el secretario de Salud; Jacobo Netel, la directora de Educaci\u00f3n; Anabel Perret Venzanni y la directora de Pol\u00edticas de Inclusi\u00f3n; Miriam Elizabeth Espinoza.<\/p>\n","protected":false},"excerpt":{"rendered":"<p>Mor&oacute;n realiz&oacute; una jornada especial por el D&iacute;a Internacional de las Personas con Discapacidad. Se trat&oacute; de un encuentro reflexivo y comunitario. En el marco del D&iacute;a Internacional de las Personas con Discapacidad, que se conmemora cada 3 de diciembre, el Municipio de Mor&oacute;n llev&oacute; adelante la reapertura del Concejo Municipal para Personas con Discapacidad, &hellip; <\/p>\n","protected":false},"author":5,"featured_media":29972,"comment_status":"closed","ping_status":"closed","sticky":false,"template":"","format":"standard","meta":{"om_disable_all_campaigns":false,"_joinchat":[]},"categories":[31,9],"tags":[46,53,43,569],"featured_image_urls":{"full":["https:\/\/infotep.com.ar\/wp-content\/uploads\/2025\/12\/Discapacidad-03-1024x546-1.jpeg",1024,546,false],"thumbnail":["https:\/\/infotep.com.ar\/wp-content\/uploads\/2025\/12\/Discapacidad-03-1024x546-1-150x150.jpeg",150,150,true],"medium":["https:\/\/infotep.com.ar\/wp-content\/uploads\/2025\/12\/Discapacidad-03-1024x546-1-300x160.jpeg",300,160,true],"medium_large":["https:\/\/infotep.com.ar\/wp-content\/uploads\/2025\/12\/Discapacidad-03-1024x546-1-768x410.jpeg",768,410,true],"large":["https:\/\/infotep.com.ar\/wp-content\/uploads\/2025\/12\/Discapacidad-03-1024x546-1.jpeg",1020,544,false],"1536x1536":["https:\/\/infotep.com.ar\/wp-content\/uploads\/2025\/12\/Discapacidad-03-1024x546-1.jpeg",1024,546,false],"2048x2048":["https:\/\/infotep.com.ar\/wp-content\/uploads\/2025\/12\/Discapacidad-03-1024x546-1.jpeg",1024,546,false],"blossom-feminine-slider":["https:\/\/infotep.com.ar\/wp-content\/uploads\/2025\/12\/Discapacidad-03-1024x546-1.jpeg",1024,546,false],"blossom-feminine-featured":["https:\/\/infotep.com.ar\/wp-content\/uploads\/2025\/12\/Discapacidad-03-1024x546-1.jpeg",1024,546,false],"blossom-feminine-with-sidebar":["https:\/\/infotep.com.ar\/wp-content\/uploads\/2025\/12\/Discapacidad-03-1024x546-1-1020x546.jpeg",1020,546,true],"blossom-feminine-blog":["https:\/\/infotep.com.ar\/wp-content\/uploads\/2025\/12\/Discapacidad-03-1024x546-1-435x435.jpeg",435,435,true],"blossom-feminine-cat":["https:\/\/infotep.com.ar\/wp-content\/uploads\/2025\/12\/Discapacidad-03-1024x546-1-450x300.jpeg",450,300,true],"blossom-feminine-related":["https:\/\/infotep.com.ar\/wp-content\/uploads\/2025\/12\/Discapacidad-03-1024x546-1-320x200.jpeg",320,200,true],"blossom-feminine-schema":["https:\/\/infotep.com.ar\/wp-content\/uploads\/2025\/12\/Discapacidad-03-1024x546-1-113x60.jpeg",113,60,true],"blossom-mommy-blog-slider-big":["https:\/\/infotep.com.ar\/wp-content\/uploads\/2025\/12\/Discapacidad-03-1024x546-1-920x546.jpeg",920,546,true],"blossom-mommy-blog-slider":["https:\/\/infotep.com.ar\/wp-content\/uploads\/2025\/12\/Discapacidad-03-1024x546-1-460x310.jpeg",460,310,true],"blossom-mommy-blog-two":["https:\/\/infotep.com.ar\/wp-content\/uploads\/2025\/12\/Discapacidad-03-1024x546-1-768x480.jpeg",768,480,true]},"author_info":{"info":["Angela Tobar"]},"category_info":"<a href=\"https:\/\/infotep.com.ar\/index.php\/category\/destacadas\/\" rel=\"category tag\">Destacadas<\/a> <a href=\"https:\/\/infotep.com.ar\/index.php\/category\/municipales\/moron\/\" rel=\"category tag\">Mor\u00f3n<\/a>","tag_info":"Mor\u00f3n","comment_count":"0","_links":{"self":[{"href":"https:\/\/infotep.com.ar\/index.php\/wp-json\/wp\/v2\/posts\/29971"}],"collection":[{"href":"https:\/\/infotep.com.ar\/index.php\/wp-json\/wp\/v2\/posts"}],"about":[{"href":"https:\/\/infotep.com.ar\/index.php\/wp-json\/wp\/v2\/types\/post"}],"author":[{"embeddable":true,"href":"https:\/\/infotep.com.ar\/index.php\/wp-json\/wp\/v2\/users\/5"}],"replies":[{"embeddable":true,"href":"https:\/\/infotep.com.ar\/index.php\/wp-json\/wp\/v2\/comments?post=29971"}],"version-history":[{"count":1,"href":"https:\/\/infotep.com.ar\/index.php\/wp-json\/wp\/v2\/posts\/29971\/revisions"}],"predecessor-version":[{"id":29973,"href":"https:\/\/infotep.com.ar\/index.php\/wp-json\/wp\/v2\/posts\/29971\/revisions\/29973"}],"wp:featuredmedia":[{"embeddable":true,"href":"https:\/\/infotep.com.ar\/index.php\/wp-json\/wp\/v2\/media\/29972"}],"wp:attachment":[{"href":"https:\/\/infotep.com.ar\/index.php\/wp-json\/wp\/v2\/media?parent=29971"}],"wp:term":[{"taxonomy":"category","embeddable":true,"href":"https:\/\/infotep.com.ar\/index.php\/wp-json\/wp\/v2\/categories?post=29971"},{"taxonomy":"post_tag","embeddable":true,"href":"https:\/\/infotep.com.ar\/index.php\/wp-json\/wp\/v2\/tags?post=29971"}],"curies":[{"name":"wp","href":"https:\/\/api.w.org\/{rel}","templated":true}]}}