{"id":29974,"date":"2025-12-04T00:56:23","date_gmt":"2025-12-04T03:56:23","guid":{"rendered":"https:\/\/infotep.com.ar\/?p=29974"},"modified":"2025-12-04T00:56:24","modified_gmt":"2025-12-04T03:56:24","slug":"mas-efectivos-en-la-matanza-500-jovenes-se-sumaron-a-la-policia-bonaerense","status":"publish","type":"post","link":"https:\/\/infotep.com.ar\/index.php\/2025\/12\/04\/mas-efectivos-en-la-matanza-500-jovenes-se-sumaron-a-la-policia-bonaerense\/","title":{"rendered":"M\u00e1s efectivos en La Matanza: 500 j\u00f3venes se sumaron a la Polic\u00eda Bonaerense"},"content":{"rendered":"\n<p>El Municipio de La Matanza organiza cada a\u00f1o, a trav\u00e9s de la Secretar\u00eda de Juventudes, las convocatorias de Sumate a la Fuerza para la inscripci\u00f3n a la Polic\u00eda Bonaerense, destinada a j\u00f3venes de 17 a 29 a\u00f1os. En la \u00faltima inscripci\u00f3n, m\u00e1s de 1.400 aspirantes se registraron para el ciclo 2026, de los cuales 500 j\u00f3venes ya comenzaron el proceso de formaci\u00f3n para integrar la fuerza y reforzar la seguridad en todo el distrito.<\/p>\n\n\n\n<p>Durante el acto de bienvenida de las y los j\u00f3venes aspirantes, el intendente de La Matanza y presidente de la Federaci\u00f3n Argentina de Municipios (FAM), Fernando Espinoza expres\u00f3: \u201cEstamos viendo los resultados del trabajo en conjunto entre el gobernador Axel Kicillof, el ministro Javier Alonso y nosotros desde La Matanza. Todos estamos trabajando fuerte y mancomunadamente, y este es uno de los grandes resultados\u201d, y valor\u00f3: \u201cM\u00e1s de 500 j\u00f3venes de La Matanza comenzaron a formarse en la Escuela de Polic\u00eda Juan Vucetich, sede La Matanza, que hace tres a\u00f1os abrimos en Ciudad Evita\u201d.<\/p>\n\n\n\n<p>\u201cLos profesores universitarios que van a tener son los mismos docentes que dictan clases en la Universidad Nacional de La Matanza (UNLAM)\u201d, destac\u00f3 Fernando Espinoza y agreg\u00f3: \u201cLa Polic\u00eda de la Provincia de Buenos Aires tiene especialidades como, por ejemplo, la licenciatura en seguridad, licenciatura en criminal\u00edstica, en investigaci\u00f3n criminal con tecnolog\u00eda o polic\u00eda ecol\u00f3gica, entre otras\u201d.<\/p>\n\n\n\n<p>Por su parte, el ministro Javier Alonso se\u00f1al\u00f3: \u201cEl trabajo conjunto que venimos realizando, junto a la incorporaci\u00f3n de estos centenares de j\u00f3venes a las fuerzas, est\u00e1 generando importantes resultados\u201d, y destac\u00f3: \u201cEn estos \u00faltimos seis meses aqu\u00ed, en La Matanza, se registr\u00f3 un descenso del 15% en los \u00edndices delictivos y todo gracias al esfuerzo de una estrategia que llevamos adelante con el Intendente Fernando Espinoza, con la Justicia y con las Fuerzas Federales\u201d.<\/p>\n\n\n\n<p>\u201cA todo esto, se suma la hist\u00f3rica inversi\u00f3n en tecnolog\u00eda que hacemos en La Matanza, con m\u00e1s de 5.000 c\u00e1maras de seguridad, 1.200 paradas seguras, 15.000 alarmas vecinales, 100 puntos seguros y el anillo digital con lectoras de patentes, entre otros dispositivos de \u00faltima generaci\u00f3n, todos ellos conectados al Centro de Operaciones y Monitoreo (COM)\u201d, subray\u00f3 Fernando Espinoza, y concluy\u00f3: \u201cVamos a seguir fortaleciendo los mecanismos para combatir el delito, generar una comunidad m\u00e1s segura, y brindar mayor tranquilidad a nuestras vecinas y vecinos\u201d.<\/p>\n","protected":false},"excerpt":{"rendered":"<p>El Municipio de La Matanza organiza cada a&ntilde;o, a trav&eacute;s de la Secretar&iacute;a de Juventudes, las convocatorias de Sumate a la Fuerza para la inscripci&oacute;n a la Polic&iacute;a Bonaerense, destinada a j&oacute;venes de 17 a 29 a&ntilde;os. En la &uacute;ltima inscripci&oacute;n, m&aacute;s de 1.400 aspirantes se registraron para el ciclo 2026, de los cuales 500 &hellip; <\/p>\n","protected":false},"author":5,"featured_media":29975,"comment_status":"closed","ping_status":"closed","sticky":false,"template":"","format":"standard","meta":{"om_disable_all_campaigns":false,"_joinchat":[]},"categories":[31,26],"tags":[60,46,59,43,569],"featured_image_urls":{"full":["https:\/\/infotep.com.ar\/wp-content\/uploads\/2025\/12\/FE-ALONSO-POLICIA-BONAERENSE-scaled.jpg",2560,1707,false],"thumbnail":["https:\/\/infotep.com.ar\/wp-content\/uploads\/2025\/12\/FE-ALONSO-POLICIA-BONAERENSE-150x150.jpg",150,150,true],"medium":["https:\/\/infotep.com.ar\/wp-content\/uploads\/2025\/12\/FE-ALONSO-POLICIA-BONAERENSE-300x200.jpg",300,200,true],"medium_large":["https:\/\/infotep.com.ar\/wp-content\/uploads\/2025\/12\/FE-ALONSO-POLICIA-BONAERENSE-768x512.jpg",768,512,true],"large":["https:\/\/infotep.com.ar\/wp-content\/uploads\/2025\/12\/FE-ALONSO-POLICIA-BONAERENSE-1024x683.jpg",1020,680,true],"1536x1536":["https:\/\/infotep.com.ar\/wp-content\/uploads\/2025\/12\/FE-ALONSO-POLICIA-BONAERENSE-1536x1024.jpg",1536,1024,true],"2048x2048":["https:\/\/infotep.com.ar\/wp-content\/uploads\/2025\/12\/FE-ALONSO-POLICIA-BONAERENSE-2048x1365.jpg",2048,1365,true],"blossom-feminine-slider":["https:\/\/infotep.com.ar\/wp-content\/uploads\/2025\/12\/FE-ALONSO-POLICIA-BONAERENSE-1920x649.jpg",1920,649,true],"blossom-feminine-featured":["https:\/\/infotep.com.ar\/wp-content\/uploads\/2025\/12\/FE-ALONSO-POLICIA-BONAERENSE-1410x600.jpg",1410,600,true],"blossom-feminine-with-sidebar":["https:\/\/infotep.com.ar\/wp-content\/uploads\/2025\/12\/FE-ALONSO-POLICIA-BONAERENSE-1020x600.jpg",1020,600,true],"blossom-feminine-blog":["https:\/\/infotep.com.ar\/wp-content\/uploads\/2025\/12\/FE-ALONSO-POLICIA-BONAERENSE-435x435.jpg",435,435,true],"blossom-feminine-cat":["https:\/\/infotep.com.ar\/wp-content\/uploads\/2025\/12\/FE-ALONSO-POLICIA-BONAERENSE-450x300.jpg",450,300,true],"blossom-feminine-related":["https:\/\/infotep.com.ar\/wp-content\/uploads\/2025\/12\/FE-ALONSO-POLICIA-BONAERENSE-320x200.jpg",320,200,true],"blossom-feminine-schema":["https:\/\/infotep.com.ar\/wp-content\/uploads\/2025\/12\/FE-ALONSO-POLICIA-BONAERENSE-90x60.jpg",90,60,true],"blossom-mommy-blog-slider-big":["https:\/\/infotep.com.ar\/wp-content\/uploads\/2025\/12\/FE-ALONSO-POLICIA-BONAERENSE-920x650.jpg",920,650,true],"blossom-mommy-blog-slider":["https:\/\/infotep.com.ar\/wp-content\/uploads\/2025\/12\/FE-ALONSO-POLICIA-BONAERENSE-460x310.jpg",460,310,true],"blossom-mommy-blog-two":["https:\/\/infotep.com.ar\/wp-content\/uploads\/2025\/12\/FE-ALONSO-POLICIA-BONAERENSE-768x480.jpg",768,480,true]},"author_info":{"info":["Angela Tobar"]},"category_info":"<a href=\"https:\/\/infotep.com.ar\/index.php\/category\/destacadas\/\" rel=\"category tag\">Destacadas<\/a> <a href=\"https:\/\/infotep.com.ar\/index.php\/category\/municipales\/la-matanza\/\" rel=\"category tag\">La Matanza<\/a>","tag_info":"La Matanza","comment_count":"0","_links":{"self":[{"href":"https:\/\/infotep.com.ar\/index.php\/wp-json\/wp\/v2\/posts\/29974"}],"collection":[{"href":"https:\/\/infotep.com.ar\/index.php\/wp-json\/wp\/v2\/posts"}],"about":[{"href":"https:\/\/infotep.com.ar\/index.php\/wp-json\/wp\/v2\/types\/post"}],"author":[{"embeddable":true,"href":"https:\/\/infotep.com.ar\/index.php\/wp-json\/wp\/v2\/users\/5"}],"replies":[{"embeddable":true,"href":"https:\/\/infotep.com.ar\/index.php\/wp-json\/wp\/v2\/comments?post=29974"}],"version-history":[{"count":1,"href":"https:\/\/infotep.com.ar\/index.php\/wp-json\/wp\/v2\/posts\/29974\/revisions"}],"predecessor-version":[{"id":29976,"href":"https:\/\/infotep.com.ar\/index.php\/wp-json\/wp\/v2\/posts\/29974\/revisions\/29976"}],"wp:featuredmedia":[{"embeddable":true,"href":"https:\/\/infotep.com.ar\/index.php\/wp-json\/wp\/v2\/media\/29975"}],"wp:attachment":[{"href":"https:\/\/infotep.com.ar\/index.php\/wp-json\/wp\/v2\/media?parent=29974"}],"wp:term":[{"taxonomy":"category","embeddable":true,"href":"https:\/\/infotep.com.ar\/index.php\/wp-json\/wp\/v2\/categories?post=29974"},{"taxonomy":"post_tag","embeddable":true,"href":"https:\/\/infotep.com.ar\/index.php\/wp-json\/wp\/v2\/tags?post=29974"}],"curies":[{"name":"wp","href":"https:\/\/api.w.org\/{rel}","templated":true}]}}