{"id":30020,"date":"2025-12-05T00:00:00","date_gmt":"2025-12-05T03:00:00","guid":{"rendered":"https:\/\/infotep.com.ar\/?p=30020"},"modified":"2025-12-05T16:58:50","modified_gmt":"2025-12-05T19:58:50","slug":"mas-de-mil-jovenes-docentes-y-familias-se-unieron-para-mejorar-espacios-educativos-en-la-matanza","status":"publish","type":"post","link":"https:\/\/infotep.com.ar\/index.php\/2025\/12\/05\/mas-de-mil-jovenes-docentes-y-familias-se-unieron-para-mejorar-espacios-educativos-en-la-matanza\/","title":{"rendered":"M\u00e1s de mil j\u00f3venes, docentes y familias se unieron para mejorar espacios educativos en La Matanza"},"content":{"rendered":"\n<p>El Gobierno local llev\u00f3 adelante una exitosa y masiva jornada solidaria y ambiental de embellecimiento y recuperaci\u00f3n de espacios, en la localidad Gonz\u00e1lez Cat\u00e1n.<\/p>\n\n\n\n<p>En una jornada llena de cooperaci\u00f3n y sentido de pertenencia, m\u00e1s de mil participantes, incluyendo estudiantes, familias, docentes, vecinas y vecinos se sumaron al programa municipal que promueve acciones de Juventudes Solidarias y Coraz\u00f3n Ecol\u00f3gico, orientadas a la recuperaci\u00f3n, mejora y resignificaci\u00f3n de espacios comunitarios y educativos.<\/p>\n\n\n\n<p>En esta nueva jornada solidaria la comunidad, junto a la Secretar\u00eda de Juventudes y la Subsecretar\u00eda de Ambiente y Desarrollo Sustentable local, trabajaron unidos en la puesta en valor de instituciones educativas como la Escuela Primaria 211, la Escuela Primaria 120, la Escuela Secundaria 152, la Escuela Especial 515 y la posta del programa Envi\u00f3n de Villa Santina.<\/p>\n\n\n\n<p>Adem\u00e1s de las tareas de pintura en paredes, se realizaron acciones orientadas a la educaci\u00f3n ambiental, con un taller de intervenci\u00f3n art\u00edstica donde se crearon carteles con consignas de cuidado para los \u00e1rboles; acciones de sensibilizaci\u00f3n para fomentar el respeto y el cuidado del espacio p\u00fablico; y se llev\u00f3 adelante la plantaci\u00f3n de especies nativas, para continuar llenando de verde el distrito.<\/p>\n\n\n\n<p><\/p>\n","protected":false},"excerpt":{"rendered":"<p>El Gobierno local llev&oacute; adelante una exitosa y masiva jornada solidaria y ambiental de embellecimiento y recuperaci&oacute;n de espacios, en la localidad Gonz&aacute;lez Cat&aacute;n. En una jornada llena de cooperaci&oacute;n y sentido de pertenencia, m&aacute;s de mil participantes, incluyendo estudiantes, familias, docentes, vecinas y vecinos se sumaron al programa municipal que promueve acciones de Juventudes &hellip; <\/p>\n","protected":false},"author":5,"featured_media":30021,"comment_status":"closed","ping_status":"closed","sticky":false,"template":"","format":"standard","meta":{"om_disable_all_campaigns":false,"_joinchat":[]},"categories":[31],"tags":[46,59,43,569],"featured_image_urls":{"full":["https:\/\/infotep.com.ar\/wp-content\/uploads\/2025\/12\/Jornada-Solidaria-MTZ-1.jpg",1452,968,false],"thumbnail":["https:\/\/infotep.com.ar\/wp-content\/uploads\/2025\/12\/Jornada-Solidaria-MTZ-1-150x150.jpg",150,150,true],"medium":["https:\/\/infotep.com.ar\/wp-content\/uploads\/2025\/12\/Jornada-Solidaria-MTZ-1-300x200.jpg",300,200,true],"medium_large":["https:\/\/infotep.com.ar\/wp-content\/uploads\/2025\/12\/Jornada-Solidaria-MTZ-1-768x512.jpg",768,512,true],"large":["https:\/\/infotep.com.ar\/wp-content\/uploads\/2025\/12\/Jornada-Solidaria-MTZ-1-1024x683.jpg",1020,680,true],"1536x1536":["https:\/\/infotep.com.ar\/wp-content\/uploads\/2025\/12\/Jornada-Solidaria-MTZ-1.jpg",1452,968,false],"2048x2048":["https:\/\/infotep.com.ar\/wp-content\/uploads\/2025\/12\/Jornada-Solidaria-MTZ-1.jpg",1452,968,false],"blossom-feminine-slider":["https:\/\/infotep.com.ar\/wp-content\/uploads\/2025\/12\/Jornada-Solidaria-MTZ-1-1452x649.jpg",1452,649,true],"blossom-feminine-featured":["https:\/\/infotep.com.ar\/wp-content\/uploads\/2025\/12\/Jornada-Solidaria-MTZ-1-1410x600.jpg",1410,600,true],"blossom-feminine-with-sidebar":["https:\/\/infotep.com.ar\/wp-content\/uploads\/2025\/12\/Jornada-Solidaria-MTZ-1-1020x600.jpg",1020,600,true],"blossom-feminine-blog":["https:\/\/infotep.com.ar\/wp-content\/uploads\/2025\/12\/Jornada-Solidaria-MTZ-1-435x435.jpg",435,435,true],"blossom-feminine-cat":["https:\/\/infotep.com.ar\/wp-content\/uploads\/2025\/12\/Jornada-Solidaria-MTZ-1-450x300.jpg",450,300,true],"blossom-feminine-related":["https:\/\/infotep.com.ar\/wp-content\/uploads\/2025\/12\/Jornada-Solidaria-MTZ-1-320x200.jpg",320,200,true],"blossom-feminine-schema":["https:\/\/infotep.com.ar\/wp-content\/uploads\/2025\/12\/Jornada-Solidaria-MTZ-1-90x60.jpg",90,60,true],"blossom-mommy-blog-slider-big":["https:\/\/infotep.com.ar\/wp-content\/uploads\/2025\/12\/Jornada-Solidaria-MTZ-1-920x650.jpg",920,650,true],"blossom-mommy-blog-slider":["https:\/\/infotep.com.ar\/wp-content\/uploads\/2025\/12\/Jornada-Solidaria-MTZ-1-460x310.jpg",460,310,true],"blossom-mommy-blog-two":["https:\/\/infotep.com.ar\/wp-content\/uploads\/2025\/12\/Jornada-Solidaria-MTZ-1-768x480.jpg",768,480,true]},"author_info":{"info":["Angela Tobar"]},"category_info":"<a href=\"https:\/\/infotep.com.ar\/index.php\/category\/destacadas\/\" rel=\"category tag\">Destacadas<\/a>","tag_info":"Destacadas","comment_count":"0","_links":{"self":[{"href":"https:\/\/infotep.com.ar\/index.php\/wp-json\/wp\/v2\/posts\/30020"}],"collection":[{"href":"https:\/\/infotep.com.ar\/index.php\/wp-json\/wp\/v2\/posts"}],"about":[{"href":"https:\/\/infotep.com.ar\/index.php\/wp-json\/wp\/v2\/types\/post"}],"author":[{"embeddable":true,"href":"https:\/\/infotep.com.ar\/index.php\/wp-json\/wp\/v2\/users\/5"}],"replies":[{"embeddable":true,"href":"https:\/\/infotep.com.ar\/index.php\/wp-json\/wp\/v2\/comments?post=30020"}],"version-history":[{"count":1,"href":"https:\/\/infotep.com.ar\/index.php\/wp-json\/wp\/v2\/posts\/30020\/revisions"}],"predecessor-version":[{"id":30022,"href":"https:\/\/infotep.com.ar\/index.php\/wp-json\/wp\/v2\/posts\/30020\/revisions\/30022"}],"wp:featuredmedia":[{"embeddable":true,"href":"https:\/\/infotep.com.ar\/index.php\/wp-json\/wp\/v2\/media\/30021"}],"wp:attachment":[{"href":"https:\/\/infotep.com.ar\/index.php\/wp-json\/wp\/v2\/media?parent=30020"}],"wp:term":[{"taxonomy":"category","embeddable":true,"href":"https:\/\/infotep.com.ar\/index.php\/wp-json\/wp\/v2\/categories?post=30020"},{"taxonomy":"post_tag","embeddable":true,"href":"https:\/\/infotep.com.ar\/index.php\/wp-json\/wp\/v2\/tags?post=30020"}],"curies":[{"name":"wp","href":"https:\/\/api.w.org\/{rel}","templated":true}]}}