{"id":30028,"date":"2025-12-09T00:49:21","date_gmt":"2025-12-09T03:49:21","guid":{"rendered":"https:\/\/infotep.com.ar\/?p=30028"},"modified":"2025-12-09T00:49:21","modified_gmt":"2025-12-09T03:49:21","slug":"ate-confirmo-el-paro-de-este-martes-contra-la-reforma-laboral-que-impulsa-milei","status":"publish","type":"post","link":"https:\/\/infotep.com.ar\/index.php\/2025\/12\/09\/ate-confirmo-el-paro-de-este-martes-contra-la-reforma-laboral-que-impulsa-milei\/","title":{"rendered":"ATE confirm\u00f3 el paro de este martes contra la reforma laboral que impulsa Milei"},"content":{"rendered":"\n<p>Daniel Catalano, secretario del gremio en la Ciudad de Buenos Aires, indic\u00f3 que el Gobierno pretende \u201cque desaparezca la organizaci\u00f3n sindical\u201d.<br><br>La Asociaci\u00f3n de Trabajadores del Estado (ATE) confirm\u00f3 que realizar\u00e1 este martes 9 un paro en contra de la reforma laboral que impulsa el Gobierno nacional en el Congreso<\/p>\n\n\n\n<p>El secretario general de ATE-Capital, Daniel Catalano, asegur\u00f3 a los medios que, con estas modificaciones, la gesti\u00f3n del presidente Javier Milei, \u201cquiere que desaparezca la organizaci\u00f3n sindical\u201d, como as\u00ed tambi\u00e9n los convenios colectivos.<\/p>\n\n\n\n<p>\u201cPretenden que se pongan en duda los acuerdos de estabilidad laboral, que no haya m\u00e1s indemnizaciones o que en algunos sectores te obliguen a renunciar para volver a contratarte. Ayer sali\u00f3 en el comunicado oficial en donde el Gobierno llam\u00f3 a sesiones extraordinarias entre el 10 y el 30 de diciembre. No solamente van por la reforma laboral, sino que van por la reforma penal\u201d, indic\u00f3.<\/p>\n\n\n\n<p>Asimismo, se\u00f1al\u00f3 que el sindicalismo de Hugo Yasky y Hugo Godoy, secretarios generales de las dos CTA (Trabajadores y Aut\u00f3noma), \u201chablaron con el triunvirato de la CGT\u201d para que puedan \u201ctomar medidas en conjunto\u201d, pero independientemente de que eso se logre o no, el paro convocado por ATE se har\u00e1. <\/p>\n\n\n\n<p>Por otra parte, se refiri\u00f3 a la suspensi\u00f3n o apercibimiento de m\u00e9dicos que se adhieren a las huelgas. No obstante, aclar\u00f3 que nunca se deja de atender a los pacientes y que \u201cno hay antecedentes en la Argentina que alguien se haya muerto por abandono de los m\u00e9dicos\u201d por plegarse a medidas sindicales.<\/p>\n\n\n\n<p>\u201cEsto tambi\u00e9n es importante saberlo, porque cada vez que nosotros hacemos un paro en cualquier hospital p\u00fablico en la Ciudad de Buenos Aires, o en el Posada, lo que no dejamos de hacer es atender las guardias y los pisos. Y las cirug\u00edas que no se pueden reprogramar, se hacen\u201d, asegur\u00f3.<\/p>\n","protected":false},"excerpt":{"rendered":"<p>Daniel Catalano, secretario del gremio en la Ciudad de Buenos Aires, indic&oacute; que el Gobierno pretende &ldquo;que desaparezca la organizaci&oacute;n sindical&rdquo;. La Asociaci&oacute;n de Trabajadores del Estado (ATE) confirm&oacute; que realizar&aacute; este martes 9 un paro en contra de la reforma laboral que impulsa el Gobierno nacional en el Congreso El secretario general de ATE-Capital, &hellip; <\/p>\n","protected":false},"author":5,"featured_media":10072,"comment_status":"closed","ping_status":"closed","sticky":false,"template":"","format":"standard","meta":{"om_disable_all_campaigns":false,"_joinchat":[]},"categories":[7,3],"tags":[46,43,569],"featured_image_urls":{"full":["https:\/\/infotep.com.ar\/wp-content\/uploads\/2023\/12\/ate.jpg",1200,675,false],"thumbnail":["https:\/\/infotep.com.ar\/wp-content\/uploads\/2023\/12\/ate-150x150.jpg",150,150,true],"medium":["https:\/\/infotep.com.ar\/wp-content\/uploads\/2023\/12\/ate-300x169.jpg",300,169,true],"medium_large":["https:\/\/infotep.com.ar\/wp-content\/uploads\/2023\/12\/ate-768x432.jpg",768,432,true],"large":["https:\/\/infotep.com.ar\/wp-content\/uploads\/2023\/12\/ate-1024x576.jpg",1020,574,true],"1536x1536":["https:\/\/infotep.com.ar\/wp-content\/uploads\/2023\/12\/ate.jpg",1200,675,false],"2048x2048":["https:\/\/infotep.com.ar\/wp-content\/uploads\/2023\/12\/ate.jpg",1200,675,false],"blossom-feminine-slider":["https:\/\/infotep.com.ar\/wp-content\/uploads\/2023\/12\/ate-1200x649.jpg",1200,649,true],"blossom-feminine-featured":["https:\/\/infotep.com.ar\/wp-content\/uploads\/2023\/12\/ate-1200x600.jpg",1200,600,true],"blossom-feminine-with-sidebar":["https:\/\/infotep.com.ar\/wp-content\/uploads\/2023\/12\/ate-1020x600.jpg",1020,600,true],"blossom-feminine-blog":["https:\/\/infotep.com.ar\/wp-content\/uploads\/2023\/12\/ate-435x435.jpg",435,435,true],"blossom-feminine-cat":["https:\/\/infotep.com.ar\/wp-content\/uploads\/2023\/12\/ate-450x300.jpg",450,300,true],"blossom-feminine-related":["https:\/\/infotep.com.ar\/wp-content\/uploads\/2023\/12\/ate-320x200.jpg",320,200,true],"blossom-feminine-schema":["https:\/\/infotep.com.ar\/wp-content\/uploads\/2023\/12\/ate-107x60.jpg",107,60,true],"blossom-mommy-blog-slider-big":["https:\/\/infotep.com.ar\/wp-content\/uploads\/2023\/12\/ate-920x650.jpg",920,650,true],"blossom-mommy-blog-slider":["https:\/\/infotep.com.ar\/wp-content\/uploads\/2023\/12\/ate-460x310.jpg",460,310,true],"blossom-mommy-blog-two":["https:\/\/infotep.com.ar\/wp-content\/uploads\/2023\/12\/ate-768x480.jpg",768,480,true]},"author_info":{"info":["Angela Tobar"]},"category_info":"<a href=\"https:\/\/infotep.com.ar\/index.php\/category\/gremios\/\" rel=\"category tag\">Gremios<\/a> <a href=\"https:\/\/infotep.com.ar\/index.php\/category\/nacionales\/\" rel=\"category tag\">Nacionales<\/a>","tag_info":"Nacionales","comment_count":"0","_links":{"self":[{"href":"https:\/\/infotep.com.ar\/index.php\/wp-json\/wp\/v2\/posts\/30028"}],"collection":[{"href":"https:\/\/infotep.com.ar\/index.php\/wp-json\/wp\/v2\/posts"}],"about":[{"href":"https:\/\/infotep.com.ar\/index.php\/wp-json\/wp\/v2\/types\/post"}],"author":[{"embeddable":true,"href":"https:\/\/infotep.com.ar\/index.php\/wp-json\/wp\/v2\/users\/5"}],"replies":[{"embeddable":true,"href":"https:\/\/infotep.com.ar\/index.php\/wp-json\/wp\/v2\/comments?post=30028"}],"version-history":[{"count":1,"href":"https:\/\/infotep.com.ar\/index.php\/wp-json\/wp\/v2\/posts\/30028\/revisions"}],"predecessor-version":[{"id":30029,"href":"https:\/\/infotep.com.ar\/index.php\/wp-json\/wp\/v2\/posts\/30028\/revisions\/30029"}],"wp:featuredmedia":[{"embeddable":true,"href":"https:\/\/infotep.com.ar\/index.php\/wp-json\/wp\/v2\/media\/10072"}],"wp:attachment":[{"href":"https:\/\/infotep.com.ar\/index.php\/wp-json\/wp\/v2\/media?parent=30028"}],"wp:term":[{"taxonomy":"category","embeddable":true,"href":"https:\/\/infotep.com.ar\/index.php\/wp-json\/wp\/v2\/categories?post=30028"},{"taxonomy":"post_tag","embeddable":true,"href":"https:\/\/infotep.com.ar\/index.php\/wp-json\/wp\/v2\/tags?post=30028"}],"curies":[{"name":"wp","href":"https:\/\/api.w.org\/{rel}","templated":true}]}}