{"id":30030,"date":"2025-12-09T00:51:11","date_gmt":"2025-12-09T03:51:11","guid":{"rendered":"https:\/\/infotep.com.ar\/?p=30030"},"modified":"2025-12-09T00:51:12","modified_gmt":"2025-12-09T03:51:12","slug":"paro-nacional-de-ate-el-gobierno-descontara-el-dia-a-quienes-adhieran-a-la-protesta","status":"publish","type":"post","link":"https:\/\/infotep.com.ar\/index.php\/2025\/12\/09\/paro-nacional-de-ate-el-gobierno-descontara-el-dia-a-quienes-adhieran-a-la-protesta\/","title":{"rendered":"Paro nacional de ATE: el Gobierno descontar\u00e1 el d\u00eda a quienes adhieran a la protesta"},"content":{"rendered":"\n<p>El gremio que lidera Rodolfo Aguiar rechaza la reforma laboral que impulsa Casa Rosada.<br><br>El Gobierno nacional aplicar\u00e1 el descuento del d\u00eda a todos los empleados estatales que se adhieran al paro nacional convocado por la Asociaci\u00f3n Trabajadores del Estado (ATE) para este martes, en rechazo a la reforma laboral impulsada por el Ejecutivo.<\/p>\n\n\n\n<p>La medida de fuerza de ATE se basa en tres ejes principales de protestas: el rechazo a la reforma laboral, la reapertura de paritarias y el recorte en organismos descentralizados.<\/p>\n\n\n\n<p>Adem\u00e1s, los estatales rechazan los posibles ajustes que podr\u00edan afectar a cerca del 10% de los trabajadores en organismos como el CONICET, el INDEC, la ANSeS, el INTA y el INTI, entre otros.<\/p>\n\n\n\n<p>Rodolfo Aguiar, titular de ATE Nacional, critic\u00f3 duramente a los l\u00edderes provinciales que han apoyado la propuesta del Ejecutivo: \u201cIntentar\u00e1n imponer una reforma regresiva, pero esta vez el \u00fanico responsable no ser\u00e1 Milei. Los gobernadores son part\u00edcipes necesarios del mayor ataque en democracia a todos los derechos laborales\u201d.<\/p>\n\n\n\n<p><strong>La reforma laboral y la agenda del gobierno<br><\/strong>El paro nacional fue adelantado tras conocerse que este 9 de diciembre el Gobierno dar\u00eda a conocer el texto de la reforma laboral, trabajado junto con el Consejo de Mayo.<\/p>\n\n\n\n<p>Aunque los detalles completos a\u00fan no son oficiales, se espera que la propuesta busque cambios en \u00e1reas como vacaciones, indemnizaciones y despidos.<\/p>\n\n\n\n<p>Manuel Adorni, jefe de Gabinete, ser\u00e1 el encargado de presentar esta y otras reformas tras una reuni\u00f3n del Consejo de Mayo pautada para las 13:30 en Casa Rosada. La iniciativa de modernizaci\u00f3n laboral ya figura en el temario de las sesiones extraordinarias y el Ejecutivo buscar\u00e1 su sanci\u00f3n con apoyo en el Senado<\/p>\n","protected":false},"excerpt":{"rendered":"<p>El gremio que lidera Rodolfo Aguiar rechaza la reforma laboral que impulsa Casa Rosada. El Gobierno nacional aplicar&aacute; el descuento del d&iacute;a a todos los empleados estatales que se adhieran al paro nacional convocado por la Asociaci&oacute;n Trabajadores del Estado (ATE) para este martes, en rechazo a la reforma laboral impulsada por el Ejecutivo. La &hellip; <\/p>\n","protected":false},"author":5,"featured_media":20884,"comment_status":"closed","ping_status":"closed","sticky":false,"template":"","format":"standard","meta":{"om_disable_all_campaigns":false,"_joinchat":[]},"categories":[7,3],"tags":[43,569],"featured_image_urls":{"full":["https:\/\/infotep.com.ar\/wp-content\/uploads\/2025\/02\/milei.webp",555,360,false],"thumbnail":["https:\/\/infotep.com.ar\/wp-content\/uploads\/2025\/02\/milei-150x150.webp",150,150,true],"medium":["https:\/\/infotep.com.ar\/wp-content\/uploads\/2025\/02\/milei-300x195.webp",300,195,true],"medium_large":["https:\/\/infotep.com.ar\/wp-content\/uploads\/2025\/02\/milei.webp",555,360,false],"large":["https:\/\/infotep.com.ar\/wp-content\/uploads\/2025\/02\/milei.webp",555,360,false],"1536x1536":["https:\/\/infotep.com.ar\/wp-content\/uploads\/2025\/02\/milei.webp",555,360,false],"2048x2048":["https:\/\/infotep.com.ar\/wp-content\/uploads\/2025\/02\/milei.webp",555,360,false],"blossom-feminine-slider":["https:\/\/infotep.com.ar\/wp-content\/uploads\/2025\/02\/milei.webp",555,360,false],"blossom-feminine-featured":["https:\/\/infotep.com.ar\/wp-content\/uploads\/2025\/02\/milei.webp",555,360,false],"blossom-feminine-with-sidebar":["https:\/\/infotep.com.ar\/wp-content\/uploads\/2025\/02\/milei.webp",555,360,false],"blossom-feminine-blog":["https:\/\/infotep.com.ar\/wp-content\/uploads\/2025\/02\/milei-435x360.webp",435,360,true],"blossom-feminine-cat":["https:\/\/infotep.com.ar\/wp-content\/uploads\/2025\/02\/milei-450x300.webp",450,300,true],"blossom-feminine-related":["https:\/\/infotep.com.ar\/wp-content\/uploads\/2025\/02\/milei-320x200.webp",320,200,true],"blossom-feminine-schema":["https:\/\/infotep.com.ar\/wp-content\/uploads\/2025\/02\/milei-93x60.webp",93,60,true],"blossom-mommy-blog-slider-big":["https:\/\/infotep.com.ar\/wp-content\/uploads\/2025\/02\/milei.webp",555,360,false],"blossom-mommy-blog-slider":["https:\/\/infotep.com.ar\/wp-content\/uploads\/2025\/02\/milei-460x310.webp",460,310,true],"blossom-mommy-blog-two":["https:\/\/infotep.com.ar\/wp-content\/uploads\/2025\/02\/milei.webp",555,360,false]},"author_info":{"info":["Angela Tobar"]},"category_info":"<a href=\"https:\/\/infotep.com.ar\/index.php\/category\/gremios\/\" rel=\"category tag\">Gremios<\/a> <a href=\"https:\/\/infotep.com.ar\/index.php\/category\/nacionales\/\" rel=\"category tag\">Nacionales<\/a>","tag_info":"Nacionales","comment_count":"0","_links":{"self":[{"href":"https:\/\/infotep.com.ar\/index.php\/wp-json\/wp\/v2\/posts\/30030"}],"collection":[{"href":"https:\/\/infotep.com.ar\/index.php\/wp-json\/wp\/v2\/posts"}],"about":[{"href":"https:\/\/infotep.com.ar\/index.php\/wp-json\/wp\/v2\/types\/post"}],"author":[{"embeddable":true,"href":"https:\/\/infotep.com.ar\/index.php\/wp-json\/wp\/v2\/users\/5"}],"replies":[{"embeddable":true,"href":"https:\/\/infotep.com.ar\/index.php\/wp-json\/wp\/v2\/comments?post=30030"}],"version-history":[{"count":1,"href":"https:\/\/infotep.com.ar\/index.php\/wp-json\/wp\/v2\/posts\/30030\/revisions"}],"predecessor-version":[{"id":30031,"href":"https:\/\/infotep.com.ar\/index.php\/wp-json\/wp\/v2\/posts\/30030\/revisions\/30031"}],"wp:featuredmedia":[{"embeddable":true,"href":"https:\/\/infotep.com.ar\/index.php\/wp-json\/wp\/v2\/media\/20884"}],"wp:attachment":[{"href":"https:\/\/infotep.com.ar\/index.php\/wp-json\/wp\/v2\/media?parent=30030"}],"wp:term":[{"taxonomy":"category","embeddable":true,"href":"https:\/\/infotep.com.ar\/index.php\/wp-json\/wp\/v2\/categories?post=30030"},{"taxonomy":"post_tag","embeddable":true,"href":"https:\/\/infotep.com.ar\/index.php\/wp-json\/wp\/v2\/tags?post=30030"}],"curies":[{"name":"wp","href":"https:\/\/api.w.org\/{rel}","templated":true}]}}