{"id":30037,"date":"2025-12-09T01:03:40","date_gmt":"2025-12-09T04:03:40","guid":{"rendered":"https:\/\/infotep.com.ar\/?p=30037"},"modified":"2025-12-09T01:03:41","modified_gmt":"2025-12-09T04:03:41","slug":"el-agua-no-se-negocia-masiva-caravana-en-mendoza-contra-el-proyecto-minero-que-respaldo-milei","status":"publish","type":"post","link":"https:\/\/infotep.com.ar\/index.php\/2025\/12\/09\/el-agua-no-se-negocia-masiva-caravana-en-mendoza-contra-el-proyecto-minero-que-respaldo-milei\/","title":{"rendered":"\u201cEl agua no se negocia\u201d: masiva caravana en Mendoza contra el proyecto minero que respald\u00f3 Milei"},"content":{"rendered":"\n<p>Vecinos y ambientalistas de toda la provincia protestar\u00e1n en la Legislatura contra la minera San Jorge<br><br> La Asamblea por el Agua de Uspallata inici\u00f3 la &#8220;Gesta Libertadora por el Agua&#8221;, una caravana a pie que se dirige hacia la capital provincial, donde la Legislatura buscar\u00e1 aprobar el proyecto minero San Jorge.<\/p>\n\n\n\n<p>El objetivo de la movilizaci\u00f3n es presionar al Senado provincial para que rechace la Declaraci\u00f3n de Impacto Ambiental (DIA) del proyecto de cobre y oro, que este lunes que acompa\u00f1ado por el presidente Javier Milei.<\/p>\n\n\n\n<p>La movilizaci\u00f3n comenz\u00f3 alrededor de las 8 de este lunes en la \u201cPlaza del Agua Pura\u201d de Uspallata. Vecinos, familias, ciclistas y agrupaciones socioambientales se reunieron con banderas y carteles bajo la consigna unificada: \u201cEl agua de Mendoza no se negocia\u201d.<\/p>\n\n\n\n<p><strong>Un recorrido de m\u00e1s de cien kil\u00f3metros<br><\/strong>La caravana seguir\u00e1 un extenso recorrido de dos d\u00edas hasta la Legislatura provincial:<\/p>\n\n\n\n<p>Ruta 7: Avanzar\u00e1 hasta la localidad de Potrerillos.<br>Ruta 82: Continuar\u00e1 por el perilago, atravesando Cacheuta, Blanco Encalada y Luj\u00e1n de Cuyo, para llegar a la capital el martes.<br>A lo largo del trayecto se organizaron postas cada siete u ocho kil\u00f3metros con agua, alimentos y zonas de descanso, permitiendo que m\u00e1s personas se sumen a la caminata, en bicicleta o en veh\u00edculo.<\/p>\n\n\n\n<p>La convocatoria es abierta y ya cuenta con adhesiones confirmadas de asambleas y movimientos sociales de Lavalle, el Valle de Uco y el Este de Mendoza, que realizar\u00e1n caravanas paralelas para unificar las fuerzas en defensa del agua.<\/p>\n\n\n\n<p><strong>El debate sobre San Jorge<br><\/strong>Los manifestantes sostienen que el proyecto San Jorge -recientemente rebautizado como PSJ Cobre Mendocino- representa un grave riesgo para la disponibilidad de agua en la regi\u00f3n, considerada una zona ambientalmente fr\u00e1gil. Por ello, exigen a los legisladores provinciales que voten en contra de la iniciativa.<\/p>\n\n\n\n<p>Esta movilizaci\u00f3n se consolida como una de las protestas m\u00e1s significativas del movimiento ambientalista mendocino desde las masivas manifestaciones de 2019 por la Ley 7722.<\/p>\n\n\n\n<p>Se espera que la llegada a la Legislatura se produzca hoy por la ma\u00f1ana, justo cuando los senadores inicien el debate sobre la DIA del proyecto minero.<\/p>\n\n\n\n<p><strong>El respaldo de Milei<br><\/strong>El Presidente destac\u00f3 el proyecto de San Jorge y dijo que \u201ctraer\u00e1 una inversi\u00f3n de 600 millones de d\u00f3lares para poner en producci\u00f3n una mina de 40.000 toneladas por a\u00f1o de concentrado de cobre\u201d.<\/p>\n\n\n\n<p>&#8220;Para sorpresa de nadie, el kirchnerismo no acompa\u00f1a. Siguiendo la l\u00ednea de los \u00faltimos 25 a\u00f1os, estando siempre en contra del sector privado, de la inversi\u00f3n, del progreso y del trabajo\u201d, enfatiz\u00f3 el jefe de Estado, al cuestionar al peronismo que acompa\u00f1a el cuidado y protecci\u00f3n del ambiente.<\/p>\n","protected":false},"excerpt":{"rendered":"<p>Vecinos y ambientalistas de toda la provincia protestar&aacute;n en la Legislatura contra la minera San Jorge La Asamblea por el Agua de Uspallata inici&oacute; la &ldquo;Gesta Libertadora por el Agua&rdquo;, una caravana a pie que se dirige hacia la capital provincial, donde la Legislatura buscar&aacute; aprobar el proyecto minero San Jorge. El objetivo de la &hellip; <\/p>\n","protected":false},"author":5,"featured_media":30038,"comment_status":"closed","ping_status":"closed","sticky":false,"template":"","format":"standard","meta":{"om_disable_all_campaigns":false,"_joinchat":[]},"categories":[4],"tags":[46,43,569],"featured_image_urls":{"full":["https:\/\/infotep.com.ar\/wp-content\/uploads\/2025\/12\/720-43.webp",540,720,false],"thumbnail":["https:\/\/infotep.com.ar\/wp-content\/uploads\/2025\/12\/720-43-150x150.webp",150,150,true],"medium":["https:\/\/infotep.com.ar\/wp-content\/uploads\/2025\/12\/720-43-225x300.webp",225,300,true],"medium_large":["https:\/\/infotep.com.ar\/wp-content\/uploads\/2025\/12\/720-43.webp",540,720,false],"large":["https:\/\/infotep.com.ar\/wp-content\/uploads\/2025\/12\/720-43.webp",540,720,false],"1536x1536":["https:\/\/infotep.com.ar\/wp-content\/uploads\/2025\/12\/720-43.webp",540,720,false],"2048x2048":["https:\/\/infotep.com.ar\/wp-content\/uploads\/2025\/12\/720-43.webp",540,720,false],"blossom-feminine-slider":["https:\/\/infotep.com.ar\/wp-content\/uploads\/2025\/12\/720-43-540x649.webp",540,649,true],"blossom-feminine-featured":["https:\/\/infotep.com.ar\/wp-content\/uploads\/2025\/12\/720-43-540x600.webp",540,600,true],"blossom-feminine-with-sidebar":["https:\/\/infotep.com.ar\/wp-content\/uploads\/2025\/12\/720-43-540x600.webp",540,600,true],"blossom-feminine-blog":["https:\/\/infotep.com.ar\/wp-content\/uploads\/2025\/12\/720-43-435x435.webp",435,435,true],"blossom-feminine-cat":["https:\/\/infotep.com.ar\/wp-content\/uploads\/2025\/12\/720-43-450x300.webp",450,300,true],"blossom-feminine-related":["https:\/\/infotep.com.ar\/wp-content\/uploads\/2025\/12\/720-43-320x200.webp",320,200,true],"blossom-feminine-schema":["https:\/\/infotep.com.ar\/wp-content\/uploads\/2025\/12\/720-43-45x60.webp",45,60,true],"blossom-mommy-blog-slider-big":["https:\/\/infotep.com.ar\/wp-content\/uploads\/2025\/12\/720-43-540x650.webp",540,650,true],"blossom-mommy-blog-slider":["https:\/\/infotep.com.ar\/wp-content\/uploads\/2025\/12\/720-43-460x310.webp",460,310,true],"blossom-mommy-blog-two":["https:\/\/infotep.com.ar\/wp-content\/uploads\/2025\/12\/720-43-540x480.webp",540,480,true]},"author_info":{"info":["Angela Tobar"]},"category_info":"<a href=\"https:\/\/infotep.com.ar\/index.php\/category\/provinciales\/\" rel=\"category tag\">Provinciales<\/a>","tag_info":"Provinciales","comment_count":"0","_links":{"self":[{"href":"https:\/\/infotep.com.ar\/index.php\/wp-json\/wp\/v2\/posts\/30037"}],"collection":[{"href":"https:\/\/infotep.com.ar\/index.php\/wp-json\/wp\/v2\/posts"}],"about":[{"href":"https:\/\/infotep.com.ar\/index.php\/wp-json\/wp\/v2\/types\/post"}],"author":[{"embeddable":true,"href":"https:\/\/infotep.com.ar\/index.php\/wp-json\/wp\/v2\/users\/5"}],"replies":[{"embeddable":true,"href":"https:\/\/infotep.com.ar\/index.php\/wp-json\/wp\/v2\/comments?post=30037"}],"version-history":[{"count":1,"href":"https:\/\/infotep.com.ar\/index.php\/wp-json\/wp\/v2\/posts\/30037\/revisions"}],"predecessor-version":[{"id":30039,"href":"https:\/\/infotep.com.ar\/index.php\/wp-json\/wp\/v2\/posts\/30037\/revisions\/30039"}],"wp:featuredmedia":[{"embeddable":true,"href":"https:\/\/infotep.com.ar\/index.php\/wp-json\/wp\/v2\/media\/30038"}],"wp:attachment":[{"href":"https:\/\/infotep.com.ar\/index.php\/wp-json\/wp\/v2\/media?parent=30037"}],"wp:term":[{"taxonomy":"category","embeddable":true,"href":"https:\/\/infotep.com.ar\/index.php\/wp-json\/wp\/v2\/categories?post=30037"},{"taxonomy":"post_tag","embeddable":true,"href":"https:\/\/infotep.com.ar\/index.php\/wp-json\/wp\/v2\/tags?post=30037"}],"curies":[{"name":"wp","href":"https:\/\/api.w.org\/{rel}","templated":true}]}}