{"id":30057,"date":"2025-12-09T01:30:05","date_gmt":"2025-12-09T04:30:05","guid":{"rendered":"https:\/\/infotep.com.ar\/?p=30057"},"modified":"2025-12-09T01:30:27","modified_gmt":"2025-12-09T04:30:27","slug":"despidos-masivos-y-aumento-en-la-conflictividad","status":"publish","type":"post","link":"https:\/\/infotep.com.ar\/index.php\/2025\/12\/09\/despidos-masivos-y-aumento-en-la-conflictividad\/","title":{"rendered":"Despidos masivos y aumento en la conflictividad"},"content":{"rendered":"\n<p>La primera semana del \u00faltimo mes del 2025 empez\u00f3 con alto nivel de conflictividad y decenas de despedidos, principalmente, en el sector de la industria nacional, se apunta a las pol\u00edticas del gobierno que llevan a la ca\u00edda abrupta del consumo, bajos salarios y el impacto de la apertura de importaciones en la producci\u00f3n nacional.<\/p>\n\n\n\n<p><strong>Crisis en la industria textil: cierres y despidos<br><\/strong>Hazan Silvia (Lan\u00fas)<br>La tradicional textil bonaerense, Hazan Silvia, anunci\u00f3 el cierre definitivo de su planta en Lan\u00fas, una decisi\u00f3n que dejar\u00eda a <strong>50 operarios en la calle (<\/strong>40 de la AOT y 10 fuera de convenio). La empresa argumenta la falta de capacidad para competir con productos importados de China y la crisis del sector.<\/p>\n\n\n\n<p>Los trabajadores y el sindicato realizaron una protesta masiva con apoyo de la CGT Lan\u00fas-Avellaneda, las dos CTA y las 62 Organizaciones. Por su parte, el Ministerio de Trabajo dict\u00f3 la conciliaci\u00f3n obligatoria, suspendiendo temporalmente el cierre. El gremio denunci\u00f3 que el due\u00f1o busca aplicar el Art\u00edculo 247 de la Ley de Contrato de Trabajo para pagar indemnizaciones reducidas, algo que el secretario general de la AOT, Guillermo Aguilar, afirm\u00f3 que \u00abno corresponde\u00bb.<\/p>\n\n\n\n<p>El gremialista advirti\u00f3 que es la \u00absegunda f\u00e1brica que cierra en la zona\u00bb y sum\u00f3 el cierre de una f\u00e1brica de frazadas (20 afectados) y 40 despidos en una textil de Burzaco.<\/p>\n\n\n\n<p><strong>Marechiare (Mar del Plata)<br><\/strong>La hist\u00f3rica conservera marplatense, Marechiare, cerr\u00f3 sus puertas definitivamente, dejando a unos 40 trabajadores en la calle. La decisi\u00f3n se bas\u00f3 en la fuerte ca\u00edda en las ventas, el aumento de costos y la imposibilidad de competir con productos importados. La mayor\u00eda de los despedidos acept\u00f3 acuerdos de desvinculaci\u00f3n, afectando a trabajadores del Sindicato de Obreros de la Industria del Pescado (SOIP) y de comercio.<\/p>\n\n\n\n<p><strong>Industria metal\u00fargica y automotriz: ajustes y paralizaciones<br>Ascensores C\u00f3ndor (Ituzaing\u00f3)<br><\/strong>La hist\u00f3rica f\u00e1brica, Ascensores C\u00f3ndor, que lleg\u00f3 a tener 180 empleados, est\u00e1 al borde del cierre con apenas 40 operarios en una planta casi paralizada. Los trabajadores denuncian cuatro meses sin cobrar sus salarios y que la producci\u00f3n est\u00e1 detenida por falta de insumos. Adem\u00e1s, existe el dato alarmante de unos 200 ascensores que habr\u00edan sido pagados por clientes, pero nunca entregados. Los trabajadores de la f\u00e1brica denunciaron un abandono patronal.<\/p>\n\n\n\n<p><strong>Electropart (C\u00f3rdoba)<br><\/strong>La empresa de repuestos el\u00e9ctricos, Electropart, despidi\u00f3 a ocho trabajadores, casi la mitad de su personal, sin pagarles las indemnizaciones correspondientes. La firma aduce estar en un estado cr\u00edtico y enmarc\u00f3 las desvinculaciones en el Art\u00edculo 247 de la Ley de Contrato de Trabajo.<\/p>\n\n\n\n<p>Desde la UOM C\u00f3rdoba realizaron un reclamo frente a la f\u00e1brica, que permaneci\u00f3 cerrada. La seccional del gremio metal\u00fargico asegur\u00f3 que estos despidos reflejan la intenci\u00f3n detr\u00e1s de la reforma laboral: \u201cEsto es el principio de la reforma laboral, esto es lo que quieren aprobar en Diputados despu\u00e9s del 10 de diciembre. Esto es lo que buscan los empresarios, echar a los trabajadores sin un centavo de sus indemnizaciones\u2026\u201d, apuntaron.<\/p>\n\n\n\n<p><strong>PLA by John Deere (Las Rosas, Santa Fe)<br><\/strong>La planta metalmec\u00e1nica confirm\u00f3 nuevos despidos que generan gran preocupaci\u00f3n en el sector. El secretario general de la UOM Seccional Las Parejas, Ariel Astudillo, y el Consejo Directivo siguen la situaci\u00f3n de cerca y buscan evitar que la crisis laboral se profundice en la localidad.<\/p>\n\n\n\n<p><strong>Ajuste en GM y Peugeot (Automotriz)<br><\/strong>El sector automotriz profundiza su crisis con fuertes ajustes en dos terminales clave:<\/p>\n\n\n\n<p>General Motors (GM) en Alvear (Santa Fe): Redujo su plantilla de m\u00e1s de 1.000 a alrededor de 600 operarios en menos de dos a\u00f1os. En noviembre, registr\u00f3 90 retiros voluntarios, sumando 309 desvinculaciones desde 2024, adem\u00e1s de suspensiones y reducci\u00f3n de turnos.<br>Peugeot (El Palomar): Adelant\u00f3 las vacaciones y paraliz\u00f3 la producci\u00f3n por m\u00e1s de un mes, con un reinicio previsto reci\u00e9n para enero. La decisi\u00f3n busca equilibrar el inventario ante la ca\u00edda de ventas y exportaciones.<br>Estos ajustes en GM y Peugeot generan un \u00abefecto domin\u00f3\u00bb sobre los proveedores, con el riesgo de que por cada puesto directo perdido, se vean afectados entre tres y cinco empleos indirectos.<\/p>\n\n\n\n<p><strong>Efecto Domin\u00f3 por Cierre de Whirlpool (Pilar)<br><\/strong>El cierre de la planta de lavarropas de Whirlpool impact\u00f3 no solo a sus propios trabajadores, sino que gener\u00f3 un efecto en cadena con despidos y paralizaci\u00f3n de operaciones en varias pymes proveedoras del Parque Industrial de Pilar. Las empresas de log\u00edstica y proveedores de insumos se vieron obligadas a reducir personal y suspender l\u00edneas de producci\u00f3n.<\/p>\n\n\n\n<p><strong>Comercio mayorista: cierres de sucursales y despidos masivos<br><\/strong>Caromar<br>La cadena mayorista de productos de limpieza y descartables, Caromar, profundiz\u00f3 su crisis con el cierre de al menos cuatro de sus ocho sucursales, dejando a m\u00e1s de 200 trabajadores en la calle sin aviso previo.<\/p>\n","protected":false},"excerpt":{"rendered":"<p>La primera semana del &uacute;ltimo mes del 2025 empez&oacute; con alto nivel de conflictividad y decenas de despedidos, principalmente, en el sector de la industria nacional, se apunta a las pol&iacute;ticas del gobierno que llevan a la ca&iacute;da abrupta del consumo, bajos salarios y el impacto de la apertura de importaciones en la producci&oacute;n nacional. &hellip; <\/p>\n","protected":false},"author":5,"featured_media":30058,"comment_status":"closed","ping_status":"closed","sticky":false,"template":"","format":"standard","meta":{"om_disable_all_campaigns":false,"_joinchat":[]},"categories":[7],"tags":[46,43,569],"featured_image_urls":{"full":["https:\/\/infotep.com.ar\/wp-content\/uploads\/2025\/12\/despidos.jpg",275,183,false],"thumbnail":["https:\/\/infotep.com.ar\/wp-content\/uploads\/2025\/12\/despidos-150x150.jpg",150,150,true],"medium":["https:\/\/infotep.com.ar\/wp-content\/uploads\/2025\/12\/despidos.jpg",275,183,false],"medium_large":["https:\/\/infotep.com.ar\/wp-content\/uploads\/2025\/12\/despidos.jpg",275,183,false],"large":["https:\/\/infotep.com.ar\/wp-content\/uploads\/2025\/12\/despidos.jpg",275,183,false],"1536x1536":["https:\/\/infotep.com.ar\/wp-content\/uploads\/2025\/12\/despidos.jpg",275,183,false],"2048x2048":["https:\/\/infotep.com.ar\/wp-content\/uploads\/2025\/12\/despidos.jpg",275,183,false],"blossom-feminine-slider":["https:\/\/infotep.com.ar\/wp-content\/uploads\/2025\/12\/despidos.jpg",275,183,false],"blossom-feminine-featured":["https:\/\/infotep.com.ar\/wp-content\/uploads\/2025\/12\/despidos.jpg",275,183,false],"blossom-feminine-with-sidebar":["https:\/\/infotep.com.ar\/wp-content\/uploads\/2025\/12\/despidos.jpg",275,183,false],"blossom-feminine-blog":["https:\/\/infotep.com.ar\/wp-content\/uploads\/2025\/12\/despidos.jpg",275,183,false],"blossom-feminine-cat":["https:\/\/infotep.com.ar\/wp-content\/uploads\/2025\/12\/despidos.jpg",275,183,false],"blossom-feminine-related":["https:\/\/infotep.com.ar\/wp-content\/uploads\/2025\/12\/despidos.jpg",275,183,false],"blossom-feminine-schema":["https:\/\/infotep.com.ar\/wp-content\/uploads\/2025\/12\/despidos-90x60.jpg",90,60,true],"blossom-mommy-blog-slider-big":["https:\/\/infotep.com.ar\/wp-content\/uploads\/2025\/12\/despidos.jpg",275,183,false],"blossom-mommy-blog-slider":["https:\/\/infotep.com.ar\/wp-content\/uploads\/2025\/12\/despidos.jpg",275,183,false],"blossom-mommy-blog-two":["https:\/\/infotep.com.ar\/wp-content\/uploads\/2025\/12\/despidos.jpg",275,183,false]},"author_info":{"info":["Angela Tobar"]},"category_info":"<a href=\"https:\/\/infotep.com.ar\/index.php\/category\/gremios\/\" rel=\"category tag\">Gremios<\/a>","tag_info":"Gremios","comment_count":"0","_links":{"self":[{"href":"https:\/\/infotep.com.ar\/index.php\/wp-json\/wp\/v2\/posts\/30057"}],"collection":[{"href":"https:\/\/infotep.com.ar\/index.php\/wp-json\/wp\/v2\/posts"}],"about":[{"href":"https:\/\/infotep.com.ar\/index.php\/wp-json\/wp\/v2\/types\/post"}],"author":[{"embeddable":true,"href":"https:\/\/infotep.com.ar\/index.php\/wp-json\/wp\/v2\/users\/5"}],"replies":[{"embeddable":true,"href":"https:\/\/infotep.com.ar\/index.php\/wp-json\/wp\/v2\/comments?post=30057"}],"version-history":[{"count":1,"href":"https:\/\/infotep.com.ar\/index.php\/wp-json\/wp\/v2\/posts\/30057\/revisions"}],"predecessor-version":[{"id":30059,"href":"https:\/\/infotep.com.ar\/index.php\/wp-json\/wp\/v2\/posts\/30057\/revisions\/30059"}],"wp:featuredmedia":[{"embeddable":true,"href":"https:\/\/infotep.com.ar\/index.php\/wp-json\/wp\/v2\/media\/30058"}],"wp:attachment":[{"href":"https:\/\/infotep.com.ar\/index.php\/wp-json\/wp\/v2\/media?parent=30057"}],"wp:term":[{"taxonomy":"category","embeddable":true,"href":"https:\/\/infotep.com.ar\/index.php\/wp-json\/wp\/v2\/categories?post=30057"},{"taxonomy":"post_tag","embeddable":true,"href":"https:\/\/infotep.com.ar\/index.php\/wp-json\/wp\/v2\/tags?post=30057"}],"curies":[{"name":"wp","href":"https:\/\/api.w.org\/{rel}","templated":true}]}}