{"id":30066,"date":"2025-12-09T01:47:41","date_gmt":"2025-12-09T04:47:41","guid":{"rendered":"https:\/\/infotep.com.ar\/?p=30066"},"modified":"2025-12-09T01:47:42","modified_gmt":"2025-12-09T04:47:42","slug":"la-matanza-prepara-una-jornada-de-recreacion-para-personas-con-discapacidad","status":"publish","type":"post","link":"https:\/\/infotep.com.ar\/index.php\/2025\/12\/09\/la-matanza-prepara-una-jornada-de-recreacion-para-personas-con-discapacidad\/","title":{"rendered":"La Matanza prepara una jornada de recreaci\u00f3n para personas con discapacidad"},"content":{"rendered":"\n<p>Se realizar\u00e1 un nuevo evento de promoci\u00f3n de la inclusi\u00f3n social, con concursos de deportes y arte. La actividad es abierta y gratuita, y la participaci\u00f3n en los concursos es con inscripci\u00f3n previa.<\/p>\n\n\n\n<p><strong>La nueva Jornada por la Inclusi\u00f3n de las Personas con Discapacidad se llevar\u00e1 a cabo en el Club Hurac\u00e1n de San Justo, ubicado en Florencio Varela 1606, el pr\u00f3ximo viernes 12 de diciembre, de 9 a 16 horas.<\/strong><\/p>\n\n\n\n<p>El evento est\u00e1 dirigido a toda la comunidad y contar\u00e1 con un cronograma festivo y participativo que incluir\u00e1 a la Feria de emprendedores locales, para apoyar la autonom\u00eda y producci\u00f3n local, un concurso de Dibujo, Pintura y Cer\u00e1mica para que las personas con discapacidad puedan expresar su creatividad y un Torneo de F\u00fatbol Inclusivo para fomentar el encuentro y la actividad f\u00edsica.<\/p>\n\n\n\n<p>Adem\u00e1s, contar\u00e1 con m\u00fasica en vivo y un espacio de baile, garantizando un ambiente entretenido y accesible. Quienes se acerquen tambi\u00e9n podr\u00e1n conocer todos los programas que lleva adelante el Gobierno local, a trav\u00e9s de la Subsecretar\u00eda de Personas con Discapacidad.<\/p>\n","protected":false},"excerpt":{"rendered":"<p>Se realizar&aacute; un nuevo evento de promoci&oacute;n de la inclusi&oacute;n social, con concursos de deportes y arte. La actividad es abierta y gratuita, y la participaci&oacute;n en los concursos es con inscripci&oacute;n previa. La nueva Jornada por la Inclusi&oacute;n de las Personas con Discapacidad se llevar&aacute; a cabo en el Club Hurac&aacute;n de San Justo, &hellip; <\/p>\n","protected":false},"author":5,"featured_media":30067,"comment_status":"closed","ping_status":"closed","sticky":false,"template":"","format":"standard","meta":{"om_disable_all_campaigns":false,"_joinchat":[]},"categories":[31,26],"tags":[46,43,569],"featured_image_urls":{"full":["https:\/\/infotep.com.ar\/wp-content\/uploads\/2025\/12\/JORNADA-INCLUSION-MTZ-1-scaled.jpg",2560,1707,false],"thumbnail":["https:\/\/infotep.com.ar\/wp-content\/uploads\/2025\/12\/JORNADA-INCLUSION-MTZ-1-150x150.jpg",150,150,true],"medium":["https:\/\/infotep.com.ar\/wp-content\/uploads\/2025\/12\/JORNADA-INCLUSION-MTZ-1-300x200.jpg",300,200,true],"medium_large":["https:\/\/infotep.com.ar\/wp-content\/uploads\/2025\/12\/JORNADA-INCLUSION-MTZ-1-768x512.jpg",768,512,true],"large":["https:\/\/infotep.com.ar\/wp-content\/uploads\/2025\/12\/JORNADA-INCLUSION-MTZ-1-1024x683.jpg",1020,680,true],"1536x1536":["https:\/\/infotep.com.ar\/wp-content\/uploads\/2025\/12\/JORNADA-INCLUSION-MTZ-1-1536x1024.jpg",1536,1024,true],"2048x2048":["https:\/\/infotep.com.ar\/wp-content\/uploads\/2025\/12\/JORNADA-INCLUSION-MTZ-1-2048x1365.jpg",2048,1365,true],"blossom-feminine-slider":["https:\/\/infotep.com.ar\/wp-content\/uploads\/2025\/12\/JORNADA-INCLUSION-MTZ-1-1920x649.jpg",1920,649,true],"blossom-feminine-featured":["https:\/\/infotep.com.ar\/wp-content\/uploads\/2025\/12\/JORNADA-INCLUSION-MTZ-1-1410x600.jpg",1410,600,true],"blossom-feminine-with-sidebar":["https:\/\/infotep.com.ar\/wp-content\/uploads\/2025\/12\/JORNADA-INCLUSION-MTZ-1-1020x600.jpg",1020,600,true],"blossom-feminine-blog":["https:\/\/infotep.com.ar\/wp-content\/uploads\/2025\/12\/JORNADA-INCLUSION-MTZ-1-435x435.jpg",435,435,true],"blossom-feminine-cat":["https:\/\/infotep.com.ar\/wp-content\/uploads\/2025\/12\/JORNADA-INCLUSION-MTZ-1-450x300.jpg",450,300,true],"blossom-feminine-related":["https:\/\/infotep.com.ar\/wp-content\/uploads\/2025\/12\/JORNADA-INCLUSION-MTZ-1-320x200.jpg",320,200,true],"blossom-feminine-schema":["https:\/\/infotep.com.ar\/wp-content\/uploads\/2025\/12\/JORNADA-INCLUSION-MTZ-1-90x60.jpg",90,60,true],"blossom-mommy-blog-slider-big":["https:\/\/infotep.com.ar\/wp-content\/uploads\/2025\/12\/JORNADA-INCLUSION-MTZ-1-920x650.jpg",920,650,true],"blossom-mommy-blog-slider":["https:\/\/infotep.com.ar\/wp-content\/uploads\/2025\/12\/JORNADA-INCLUSION-MTZ-1-460x310.jpg",460,310,true],"blossom-mommy-blog-two":["https:\/\/infotep.com.ar\/wp-content\/uploads\/2025\/12\/JORNADA-INCLUSION-MTZ-1-768x480.jpg",768,480,true]},"author_info":{"info":["Angela Tobar"]},"category_info":"<a href=\"https:\/\/infotep.com.ar\/index.php\/category\/destacadas\/\" rel=\"category tag\">Destacadas<\/a> <a href=\"https:\/\/infotep.com.ar\/index.php\/category\/municipales\/la-matanza\/\" rel=\"category tag\">La Matanza<\/a>","tag_info":"La Matanza","comment_count":"0","_links":{"self":[{"href":"https:\/\/infotep.com.ar\/index.php\/wp-json\/wp\/v2\/posts\/30066"}],"collection":[{"href":"https:\/\/infotep.com.ar\/index.php\/wp-json\/wp\/v2\/posts"}],"about":[{"href":"https:\/\/infotep.com.ar\/index.php\/wp-json\/wp\/v2\/types\/post"}],"author":[{"embeddable":true,"href":"https:\/\/infotep.com.ar\/index.php\/wp-json\/wp\/v2\/users\/5"}],"replies":[{"embeddable":true,"href":"https:\/\/infotep.com.ar\/index.php\/wp-json\/wp\/v2\/comments?post=30066"}],"version-history":[{"count":1,"href":"https:\/\/infotep.com.ar\/index.php\/wp-json\/wp\/v2\/posts\/30066\/revisions"}],"predecessor-version":[{"id":30068,"href":"https:\/\/infotep.com.ar\/index.php\/wp-json\/wp\/v2\/posts\/30066\/revisions\/30068"}],"wp:featuredmedia":[{"embeddable":true,"href":"https:\/\/infotep.com.ar\/index.php\/wp-json\/wp\/v2\/media\/30067"}],"wp:attachment":[{"href":"https:\/\/infotep.com.ar\/index.php\/wp-json\/wp\/v2\/media?parent=30066"}],"wp:term":[{"taxonomy":"category","embeddable":true,"href":"https:\/\/infotep.com.ar\/index.php\/wp-json\/wp\/v2\/categories?post=30066"},{"taxonomy":"post_tag","embeddable":true,"href":"https:\/\/infotep.com.ar\/index.php\/wp-json\/wp\/v2\/tags?post=30066"}],"curies":[{"name":"wp","href":"https:\/\/api.w.org\/{rel}","templated":true}]}}