{"id":30069,"date":"2025-12-09T01:50:30","date_gmt":"2025-12-09T04:50:30","guid":{"rendered":"https:\/\/infotep.com.ar\/?p=30069"},"modified":"2025-12-09T01:50:31","modified_gmt":"2025-12-09T04:50:31","slug":"vuelve-a-moreno-el-programa-compre-barato","status":"publish","type":"post","link":"https:\/\/infotep.com.ar\/index.php\/2025\/12\/09\/vuelve-a-moreno-el-programa-compre-barato\/","title":{"rendered":"Vuelve a Moreno el Programa Compre Barato"},"content":{"rendered":"\n<p>Del 15 al 30 de diciembre, se podr\u00e1 acceder a alimentos y art\u00edculos de las fiestas a precios populares<\/p>\n\n\n\n<p><strong>El Municipio de Moreno, en el marco de las fiestas de fin de a\u00f1o, llevar\u00e1 adelante del 15 al 30 de diciembre la 4\u00b0 edici\u00f3n del Programa Compre Barato, en diferentes localidades del distrito. La iniciativa busca garantizar que los alimentos lleguen a las mesas de las familias morenenses a precios accesibles y sin intermediarios.<\/strong><\/p>\n\n\n\n<p>Durante estas jornadas, las y los vecinos podr\u00e1n acceder a carne vacuna, como pollo, cerdo, verduras y l\u00e1cteos en los puntos de venta establecidos para tal fin.<\/p>\n\n\n\n<p>La propuesta es impulsada a trav\u00e9s del Instituto Municipal de Desarrollo Econ\u00f3mico Local (IMDEL) y tiene como objetivo atender las necesidades de los sectores m\u00e1s vulnerables, que enfrentan las pol\u00edticas de ajuste del Gobierno Nacional y el impacto de la inflaci\u00f3n.<\/p>\n\n\n\n<p>A continuaci\u00f3n se detallan la ubicaci\u00f3n, d\u00edas y horarios de los puntos de venta:<\/p>\n\n\n\n<ul>\n<li>Mercado Municipal Cuartel V, Derqui 6238, entre La M\u00fasica y El Teatro, Cuartel V. De lunes a s\u00e1bados, de 9 a 18 horas.<\/li>\n\n\n\n<li>Mercado Modelo Trujui, Av. del Libertador 3910. De lunes a s\u00e1bados de 9 a 16 horas.<\/li>\n\n\n\n<li>Plaza San Mart\u00edn, ubicada en Av. Mitre y Av. del Libertador. De lunes a s\u00e1bados, de 8 a 17 horas.<\/li>\n\n\n\n<li><\/li>\n\n\n\n<li><\/li>\n<\/ul>\n","protected":false},"excerpt":{"rendered":"<p>Del 15 al 30 de diciembre, se podr&aacute; acceder a alimentos y art&iacute;culos de las fiestas a precios populares El Municipio de Moreno, en el marco de las fiestas de fin de a&ntilde;o, llevar&aacute; adelante del 15 al 30 de diciembre la 4&deg; edici&oacute;n del Programa Compre Barato, en diferentes localidades del distrito. La iniciativa &hellip; <\/p>\n","protected":false},"author":5,"featured_media":30070,"comment_status":"closed","ping_status":"closed","sticky":false,"template":"","format":"standard","meta":{"om_disable_all_campaigns":false,"_joinchat":[]},"categories":[31,85],"tags":[46,43,569],"featured_image_urls":{"full":["https:\/\/infotep.com.ar\/wp-content\/uploads\/2025\/12\/compre-barato-2.jpg",900,506,false],"thumbnail":["https:\/\/infotep.com.ar\/wp-content\/uploads\/2025\/12\/compre-barato-2-150x150.jpg",150,150,true],"medium":["https:\/\/infotep.com.ar\/wp-content\/uploads\/2025\/12\/compre-barato-2-300x169.jpg",300,169,true],"medium_large":["https:\/\/infotep.com.ar\/wp-content\/uploads\/2025\/12\/compre-barato-2-768x432.jpg",768,432,true],"large":["https:\/\/infotep.com.ar\/wp-content\/uploads\/2025\/12\/compre-barato-2.jpg",900,506,false],"1536x1536":["https:\/\/infotep.com.ar\/wp-content\/uploads\/2025\/12\/compre-barato-2.jpg",900,506,false],"2048x2048":["https:\/\/infotep.com.ar\/wp-content\/uploads\/2025\/12\/compre-barato-2.jpg",900,506,false],"blossom-feminine-slider":["https:\/\/infotep.com.ar\/wp-content\/uploads\/2025\/12\/compre-barato-2.jpg",900,506,false],"blossom-feminine-featured":["https:\/\/infotep.com.ar\/wp-content\/uploads\/2025\/12\/compre-barato-2.jpg",900,506,false],"blossom-feminine-with-sidebar":["https:\/\/infotep.com.ar\/wp-content\/uploads\/2025\/12\/compre-barato-2.jpg",900,506,false],"blossom-feminine-blog":["https:\/\/infotep.com.ar\/wp-content\/uploads\/2025\/12\/compre-barato-2-435x435.jpg",435,435,true],"blossom-feminine-cat":["https:\/\/infotep.com.ar\/wp-content\/uploads\/2025\/12\/compre-barato-2-450x300.jpg",450,300,true],"blossom-feminine-related":["https:\/\/infotep.com.ar\/wp-content\/uploads\/2025\/12\/compre-barato-2-320x200.jpg",320,200,true],"blossom-feminine-schema":["https:\/\/infotep.com.ar\/wp-content\/uploads\/2025\/12\/compre-barato-2-107x60.jpg",107,60,true],"blossom-mommy-blog-slider-big":["https:\/\/infotep.com.ar\/wp-content\/uploads\/2025\/12\/compre-barato-2.jpg",900,506,false],"blossom-mommy-blog-slider":["https:\/\/infotep.com.ar\/wp-content\/uploads\/2025\/12\/compre-barato-2-460x310.jpg",460,310,true],"blossom-mommy-blog-two":["https:\/\/infotep.com.ar\/wp-content\/uploads\/2025\/12\/compre-barato-2-768x480.jpg",768,480,true]},"author_info":{"info":["Angela Tobar"]},"category_info":"<a href=\"https:\/\/infotep.com.ar\/index.php\/category\/destacadas\/\" rel=\"category tag\">Destacadas<\/a> <a href=\"https:\/\/infotep.com.ar\/index.php\/category\/municipales\/moreno\/\" rel=\"category tag\">Moreno<\/a>","tag_info":"Moreno","comment_count":"0","_links":{"self":[{"href":"https:\/\/infotep.com.ar\/index.php\/wp-json\/wp\/v2\/posts\/30069"}],"collection":[{"href":"https:\/\/infotep.com.ar\/index.php\/wp-json\/wp\/v2\/posts"}],"about":[{"href":"https:\/\/infotep.com.ar\/index.php\/wp-json\/wp\/v2\/types\/post"}],"author":[{"embeddable":true,"href":"https:\/\/infotep.com.ar\/index.php\/wp-json\/wp\/v2\/users\/5"}],"replies":[{"embeddable":true,"href":"https:\/\/infotep.com.ar\/index.php\/wp-json\/wp\/v2\/comments?post=30069"}],"version-history":[{"count":1,"href":"https:\/\/infotep.com.ar\/index.php\/wp-json\/wp\/v2\/posts\/30069\/revisions"}],"predecessor-version":[{"id":30071,"href":"https:\/\/infotep.com.ar\/index.php\/wp-json\/wp\/v2\/posts\/30069\/revisions\/30071"}],"wp:featuredmedia":[{"embeddable":true,"href":"https:\/\/infotep.com.ar\/index.php\/wp-json\/wp\/v2\/media\/30070"}],"wp:attachment":[{"href":"https:\/\/infotep.com.ar\/index.php\/wp-json\/wp\/v2\/media?parent=30069"}],"wp:term":[{"taxonomy":"category","embeddable":true,"href":"https:\/\/infotep.com.ar\/index.php\/wp-json\/wp\/v2\/categories?post=30069"},{"taxonomy":"post_tag","embeddable":true,"href":"https:\/\/infotep.com.ar\/index.php\/wp-json\/wp\/v2\/tags?post=30069"}],"curies":[{"name":"wp","href":"https:\/\/api.w.org\/{rel}","templated":true}]}}