{"id":30088,"date":"2025-12-09T02:15:35","date_gmt":"2025-12-09T05:15:35","guid":{"rendered":"https:\/\/infotep.com.ar\/?p=30088"},"modified":"2025-12-09T02:15:37","modified_gmt":"2025-12-09T05:15:37","slug":"convocan-a-un-encendido-colectivo-de-velas-por-la-emergencia-en-pediatria-y-en-discapacidad","status":"publish","type":"post","link":"https:\/\/infotep.com.ar\/index.php\/2025\/12\/09\/convocan-a-un-encendido-colectivo-de-velas-por-la-emergencia-en-pediatria-y-en-discapacidad\/","title":{"rendered":"Convocan a un &#8220;encendido colectivo de velas&#8221; por la emergencia en pediatr\u00eda y en discapacidad"},"content":{"rendered":"\n<p>&#8220;Discapacidad y el Garrahan se abrazan&#8221;: Llaman a la comunidad a llevar velas este mi\u00e9rcoles 10 de diciembre a las 18.30 a Plaza de Mayo<\/p>\n\n\n\n<p>La Asociaci\u00f3n de Profesionales y T\u00e9cnicos del Hospital Garrahan (APyT) y el Foro Permanente por la Discapacidad convocan a un &#8220;Abrazo y ronda alrededor de la Plaza de Mayo&#8221; para este mi\u00e9rcoles 10 de diciembre a las 18.30 horas, con &#8220;un encendido colectivo de velas&#8221; para exigir &#8220;que se asignen las partidas necesarias en el Presupuesto 2026 para aplicar las leyes de Emergencia en Discapacidad y Salud Pedi\u00e1trica&#8221;.<\/p>\n\n\n\n<p>As\u00ed lo adelant\u00f3 la APyT mediante un comunicado, donde donde hace un llamado &#8220;a toda la comunidad que est\u00e9 dispuesta a seguir acompa\u00f1ando nuestro reclamo, ya que seguimos en Emergencia porque no fueron aplicadas las leyes votadas en el Congreso&#8221;.<\/p>\n\n\n\n<p>Al respecto, la secretaria general de la APyT, licenciada Norma Lezana (con 38 a\u00f1os de trayectoria en el Garrahan) expres\u00f3 que &#8220;efectivamente, nos unen puntos en com\u00fan en el reclamo, el colectivo de la discapacidad y nuestro equipo de salud en el Hospital Garrahan. Si bien en nuestro caso logramos un avance salarial importante, al no aplicarse la Ley de Emergencia Pedi\u00e1trica el a\u00f1o que viene vamos a volver transitar con incertidumbre la perspectiva de nuestro hospital&#8221;.<\/p>\n\n\n\n<p>En la misma linea, Lezana advirti\u00f3 que &#8220;estamos identificando situaciones graves, tales como una administraci\u00f3n opaca de los millonarios recursos que generamos los trabajadores en el hospital, por atenci\u00f3n a prepagas y obras sociales, como as\u00ed tambi\u00e9n la falta de comunicaci\u00f3n que contin\u00faa con una intervenci\u00f3n del hospital a cargo de un emisario del ministro de Salud de la Naci\u00f3n, Mario Lugones, que es el se\u00f1or Mariano Pirozzo&#8221;.<\/p>\n\n\n\n<p>Asimismo, la dirigente gremial indic\u00f3 que &#8220;Pirozzo ni siquiera atisba a informar que est\u00e9n pensando en convocar a un concurso para los 300 cargos vacantes que dejaron los profesionales que renunciaron en el Garrahan&#8221;, y denunci\u00f3 que &#8220;hay servicios vaciados&#8221; y que &#8220;este vaciamiento provoca la expulsi\u00f3n de 45 ni\u00f1os de 2 a\u00f1os, hijos e hijas de trabajadoras que asisten al jard\u00edn maternal del hospital, a el interventor de Lugones deja afuera por no cubrir los cargos de maestras que renunciaron&#8221;.<\/p>\n\n\n\n<p>En el mismo sentido, desde la APyT tambi\u00e9n cuestionaron la intervenci\u00f3n ministerial en el hospital y se\u00f1alaron que &#8220;el ministro Lugones carece de toda autoridad moral y \u00e9tica&#8221; y que &#8220;la intervenci\u00f3n autoritaria, prepotente y persecutoria deriv\u00f3 en sumarios ilegales contra trabajadores que ejercieron sus derechos constitucionales&#8221;.<\/p>\n\n\n\n<p>Finalmente, desde el gremio ratificaron la convocatoria al Abrazo en Plaza de Mayo para este mi\u00e9rcoles 10 de diciembre a las 18.30 horas, con encendido colectivo de velas, llamando a la comunidad a llevar velas propias, y reafirmaron que &#8220;no nos resignamos, no bajamos los brazos&#8221; y que defienden &#8220;el derecho a un hospital de alta complejidad, de acceso universal y gratuito para las infancias&#8221; y &#8220;el cuidado y la atenci\u00f3n de las personas con discapacidad de toda la Argentina&#8221;.<\/p>\n","protected":false},"excerpt":{"rendered":"<p>&ldquo;Discapacidad y el Garrahan se abrazan&rdquo;: Llaman a la comunidad a llevar velas este mi&eacute;rcoles 10 de diciembre a las 18.30 a Plaza de Mayo La Asociaci&oacute;n de Profesionales y T&eacute;cnicos del Hospital Garrahan (APyT) y el Foro Permanente por la Discapacidad convocan a un &ldquo;Abrazo y ronda alrededor de la Plaza de Mayo&rdquo; para &hellip; <\/p>\n","protected":false},"author":5,"featured_media":24350,"comment_status":"closed","ping_status":"closed","sticky":false,"template":"","format":"standard","meta":{"om_disable_all_campaigns":false,"_joinchat":[]},"categories":[3],"tags":[46,43,569],"featured_image_urls":{"full":["https:\/\/infotep.com.ar\/wp-content\/uploads\/2025\/06\/disca.webp",1079,720,false],"thumbnail":["https:\/\/infotep.com.ar\/wp-content\/uploads\/2025\/06\/disca-150x150.webp",150,150,true],"medium":["https:\/\/infotep.com.ar\/wp-content\/uploads\/2025\/06\/disca-300x200.webp",300,200,true],"medium_large":["https:\/\/infotep.com.ar\/wp-content\/uploads\/2025\/06\/disca-768x512.webp",768,512,true],"large":["https:\/\/infotep.com.ar\/wp-content\/uploads\/2025\/06\/disca-1024x683.webp",1020,680,true],"1536x1536":["https:\/\/infotep.com.ar\/wp-content\/uploads\/2025\/06\/disca.webp",1079,720,false],"2048x2048":["https:\/\/infotep.com.ar\/wp-content\/uploads\/2025\/06\/disca.webp",1079,720,false],"blossom-feminine-slider":["https:\/\/infotep.com.ar\/wp-content\/uploads\/2025\/06\/disca-1079x649.webp",1079,649,true],"blossom-feminine-featured":["https:\/\/infotep.com.ar\/wp-content\/uploads\/2025\/06\/disca-1079x600.webp",1079,600,true],"blossom-feminine-with-sidebar":["https:\/\/infotep.com.ar\/wp-content\/uploads\/2025\/06\/disca-1020x600.webp",1020,600,true],"blossom-feminine-blog":["https:\/\/infotep.com.ar\/wp-content\/uploads\/2025\/06\/disca-435x435.webp",435,435,true],"blossom-feminine-cat":["https:\/\/infotep.com.ar\/wp-content\/uploads\/2025\/06\/disca-450x300.webp",450,300,true],"blossom-feminine-related":["https:\/\/infotep.com.ar\/wp-content\/uploads\/2025\/06\/disca-320x200.webp",320,200,true],"blossom-feminine-schema":["https:\/\/infotep.com.ar\/wp-content\/uploads\/2025\/06\/disca-90x60.webp",90,60,true],"blossom-mommy-blog-slider-big":["https:\/\/infotep.com.ar\/wp-content\/uploads\/2025\/06\/disca-920x650.webp",920,650,true],"blossom-mommy-blog-slider":["https:\/\/infotep.com.ar\/wp-content\/uploads\/2025\/06\/disca-460x310.webp",460,310,true],"blossom-mommy-blog-two":["https:\/\/infotep.com.ar\/wp-content\/uploads\/2025\/06\/disca-768x480.webp",768,480,true]},"author_info":{"info":["Angela Tobar"]},"category_info":"<a href=\"https:\/\/infotep.com.ar\/index.php\/category\/nacionales\/\" rel=\"category tag\">Nacionales<\/a>","tag_info":"Nacionales","comment_count":"0","_links":{"self":[{"href":"https:\/\/infotep.com.ar\/index.php\/wp-json\/wp\/v2\/posts\/30088"}],"collection":[{"href":"https:\/\/infotep.com.ar\/index.php\/wp-json\/wp\/v2\/posts"}],"about":[{"href":"https:\/\/infotep.com.ar\/index.php\/wp-json\/wp\/v2\/types\/post"}],"author":[{"embeddable":true,"href":"https:\/\/infotep.com.ar\/index.php\/wp-json\/wp\/v2\/users\/5"}],"replies":[{"embeddable":true,"href":"https:\/\/infotep.com.ar\/index.php\/wp-json\/wp\/v2\/comments?post=30088"}],"version-history":[{"count":1,"href":"https:\/\/infotep.com.ar\/index.php\/wp-json\/wp\/v2\/posts\/30088\/revisions"}],"predecessor-version":[{"id":30089,"href":"https:\/\/infotep.com.ar\/index.php\/wp-json\/wp\/v2\/posts\/30088\/revisions\/30089"}],"wp:featuredmedia":[{"embeddable":true,"href":"https:\/\/infotep.com.ar\/index.php\/wp-json\/wp\/v2\/media\/24350"}],"wp:attachment":[{"href":"https:\/\/infotep.com.ar\/index.php\/wp-json\/wp\/v2\/media?parent=30088"}],"wp:term":[{"taxonomy":"category","embeddable":true,"href":"https:\/\/infotep.com.ar\/index.php\/wp-json\/wp\/v2\/categories?post=30088"},{"taxonomy":"post_tag","embeddable":true,"href":"https:\/\/infotep.com.ar\/index.php\/wp-json\/wp\/v2\/tags?post=30088"}],"curies":[{"name":"wp","href":"https:\/\/api.w.org\/{rel}","templated":true}]}}