{"id":30119,"date":"2025-12-10T01:07:58","date_gmt":"2025-12-10T04:07:58","guid":{"rendered":"https:\/\/infotep.com.ar\/?p=30119"},"modified":"2025-12-10T01:18:15","modified_gmt":"2025-12-10T04:18:15","slug":"castelar-celebra-un-nuevo-aniversario-con-actividades-culturales-y-musicales","status":"publish","type":"post","link":"https:\/\/infotep.com.ar\/index.php\/2025\/12\/10\/castelar-celebra-un-nuevo-aniversario-con-actividades-culturales-y-musicales\/","title":{"rendered":"Castelar celebra un nuevo aniversario con actividades culturales y musicales"},"content":{"rendered":"\n<p>La localidad festeja su 54\u00b0 aniversario con un fin de semana de propuestas culturales, musicales y gastron\u00f3micas abiertas a toda la comunidad en la Plaza Cumel\u00e9n.<\/p>\n\n\n\n<p>El Municipio de Mor\u00f3n celebra el 54\u00b0 aniversario de Castelar con una fiesta abierta a toda la comunidad. La actividad se realizar\u00e1 en la Plaza Cumel\u00e9n (Los Incas 2537) y se extender\u00e1 durante tres jornadas consecutivas, del viernes 12 al domingo 14 de diciembre, con una amplia agenda cultural, musical y recreativa.<\/p>\n\n\n\n<p>Desde el mediod\u00eda, las y los visitantes podr\u00e1n recorrer la feria West Food Fest, que ofrecer\u00e1 puestos gastron\u00f3micos, stands de emprendedores, mercado de productores, juegos y actividades pensadas para todas las edades.<\/p>\n\n\n\n<p>Adem\u00e1s, el s\u00e1bado 13 de diciembre, de 16 a 23 hs, se llevar\u00e1 adelante el Festival \u201cCastelar Indie\u201d en el Vag\u00f3n Cultural, con presentaciones en vivo de Bestia Beb\u00e9, Camila Cantero, Luan Sezza, FPS, Brooks, Gero y Sofi Cano.<\/p>\n\n\n\n<p>La historia de Castelar se remonta a sus or\u00edgenes como \u201cLoma Verde\u201d, una zona de quintas y campos que se desarroll\u00f3 tras la llegada del ferrocarril y que adopt\u00f3 su nombre en homenaje al pol\u00edtico espa\u00f1ol Emilio Castelar. Fue un pueblo rural que creci\u00f3 gracias a la base a\u00e9rea, el aporte de inmigrantes y el impulso de la Sociedad de Fomento, hasta que finalmente, por la iniciativa de vecinos como C\u00e9sar Jaimes, fue declarada ciudad el 15 de diciembre de 1971, consolid\u00e1ndose como uno de los centros urbanos m\u00e1s importantes del Oeste del Gran Buenos Aires.<\/p>\n","protected":false},"excerpt":{"rendered":"<p>La localidad festeja su 54&deg; aniversario con un fin de semana de propuestas culturales, musicales y gastron&oacute;micas abiertas a toda la comunidad en la Plaza Cumel&eacute;n. El Municipio de Mor&oacute;n celebra el 54&deg; aniversario de Castelar con una fiesta abierta a toda la comunidad. La actividad se realizar&aacute; en la Plaza Cumel&eacute;n (Los Incas 2537) &hellip; <\/p>\n","protected":false},"author":5,"featured_media":30014,"comment_status":"closed","ping_status":"closed","sticky":false,"template":"","format":"standard","meta":{"om_disable_all_campaigns":false,"_joinchat":[]},"categories":[31],"tags":[46,53,43,569],"featured_image_urls":{"full":["https:\/\/infotep.com.ar\/wp-content\/uploads\/2025\/12\/castelar-bar.jpg",1024,683,false],"thumbnail":["https:\/\/infotep.com.ar\/wp-content\/uploads\/2025\/12\/castelar-bar-150x150.jpg",150,150,true],"medium":["https:\/\/infotep.com.ar\/wp-content\/uploads\/2025\/12\/castelar-bar-300x200.jpg",300,200,true],"medium_large":["https:\/\/infotep.com.ar\/wp-content\/uploads\/2025\/12\/castelar-bar-768x512.jpg",768,512,true],"large":["https:\/\/infotep.com.ar\/wp-content\/uploads\/2025\/12\/castelar-bar.jpg",1020,680,false],"1536x1536":["https:\/\/infotep.com.ar\/wp-content\/uploads\/2025\/12\/castelar-bar.jpg",1024,683,false],"2048x2048":["https:\/\/infotep.com.ar\/wp-content\/uploads\/2025\/12\/castelar-bar.jpg",1024,683,false],"blossom-feminine-slider":["https:\/\/infotep.com.ar\/wp-content\/uploads\/2025\/12\/castelar-bar-1024x649.jpg",1024,649,true],"blossom-feminine-featured":["https:\/\/infotep.com.ar\/wp-content\/uploads\/2025\/12\/castelar-bar-1024x600.jpg",1024,600,true],"blossom-feminine-with-sidebar":["https:\/\/infotep.com.ar\/wp-content\/uploads\/2025\/12\/castelar-bar-1020x600.jpg",1020,600,true],"blossom-feminine-blog":["https:\/\/infotep.com.ar\/wp-content\/uploads\/2025\/12\/castelar-bar-435x435.jpg",435,435,true],"blossom-feminine-cat":["https:\/\/infotep.com.ar\/wp-content\/uploads\/2025\/12\/castelar-bar-450x300.jpg",450,300,true],"blossom-feminine-related":["https:\/\/infotep.com.ar\/wp-content\/uploads\/2025\/12\/castelar-bar-320x200.jpg",320,200,true],"blossom-feminine-schema":["https:\/\/infotep.com.ar\/wp-content\/uploads\/2025\/12\/castelar-bar-90x60.jpg",90,60,true],"blossom-mommy-blog-slider-big":["https:\/\/infotep.com.ar\/wp-content\/uploads\/2025\/12\/castelar-bar-920x650.jpg",920,650,true],"blossom-mommy-blog-slider":["https:\/\/infotep.com.ar\/wp-content\/uploads\/2025\/12\/castelar-bar-460x310.jpg",460,310,true],"blossom-mommy-blog-two":["https:\/\/infotep.com.ar\/wp-content\/uploads\/2025\/12\/castelar-bar-768x480.jpg",768,480,true]},"author_info":{"info":["Angela Tobar"]},"category_info":"<a href=\"https:\/\/infotep.com.ar\/index.php\/category\/destacadas\/\" rel=\"category tag\">Destacadas<\/a>","tag_info":"Destacadas","comment_count":"0","_links":{"self":[{"href":"https:\/\/infotep.com.ar\/index.php\/wp-json\/wp\/v2\/posts\/30119"}],"collection":[{"href":"https:\/\/infotep.com.ar\/index.php\/wp-json\/wp\/v2\/posts"}],"about":[{"href":"https:\/\/infotep.com.ar\/index.php\/wp-json\/wp\/v2\/types\/post"}],"author":[{"embeddable":true,"href":"https:\/\/infotep.com.ar\/index.php\/wp-json\/wp\/v2\/users\/5"}],"replies":[{"embeddable":true,"href":"https:\/\/infotep.com.ar\/index.php\/wp-json\/wp\/v2\/comments?post=30119"}],"version-history":[{"count":1,"href":"https:\/\/infotep.com.ar\/index.php\/wp-json\/wp\/v2\/posts\/30119\/revisions"}],"predecessor-version":[{"id":30121,"href":"https:\/\/infotep.com.ar\/index.php\/wp-json\/wp\/v2\/posts\/30119\/revisions\/30121"}],"wp:featuredmedia":[{"embeddable":true,"href":"https:\/\/infotep.com.ar\/index.php\/wp-json\/wp\/v2\/media\/30014"}],"wp:attachment":[{"href":"https:\/\/infotep.com.ar\/index.php\/wp-json\/wp\/v2\/media?parent=30119"}],"wp:term":[{"taxonomy":"category","embeddable":true,"href":"https:\/\/infotep.com.ar\/index.php\/wp-json\/wp\/v2\/categories?post=30119"},{"taxonomy":"post_tag","embeddable":true,"href":"https:\/\/infotep.com.ar\/index.php\/wp-json\/wp\/v2\/tags?post=30119"}],"curies":[{"name":"wp","href":"https:\/\/api.w.org\/{rel}","templated":true}]}}