{"id":30122,"date":"2025-12-10T01:09:30","date_gmt":"2025-12-10T04:09:30","guid":{"rendered":"https:\/\/infotep.com.ar\/?p=30122"},"modified":"2025-12-10T01:09:31","modified_gmt":"2025-12-10T04:09:31","slug":"moron-inauguro-el-mural-malvinas-y-soberania-junto-a-la-comunidad","status":"publish","type":"post","link":"https:\/\/infotep.com.ar\/index.php\/2025\/12\/10\/moron-inauguro-el-mural-malvinas-y-soberania-junto-a-la-comunidad\/","title":{"rendered":"Mor\u00f3n inaugur\u00f3 el mural \u201cMalvinas y Soberan\u00eda\u201d junto a la comunidad"},"content":{"rendered":"\n<p>La actividad reuni\u00f3 a familias, j\u00f3venes y veteranos en una jornada cultural con m\u00fasica, feria, stands y participaci\u00f3n vecinal en homenaje a la causa Malvinas.<\/p>\n\n\n\n<p>El Municipio de Mor\u00f3n inaugur\u00f3 el mural \u201cMalvinas y Soberan\u00eda\u201d en la Plaza Ser\u00e9 (Alcorta y Dom\u00ednguez) de Castelar, en un encuentro que convoc\u00f3 a familias, j\u00f3venes y veteranos de Malvinas. La propuesta combin\u00f3 arte, reflexi\u00f3n y participaci\u00f3n ciudadana para fortalecer el homenaje a la causa.<\/p>\n\n\n\n<p>Durante la jornada se desarrollaron presentaciones musicales, una feria local, radio abierta de FM Fribuay y stands informativos. Adem\u00e1s, vecinas y vecinos participaron de la actividad de estampado de remeras, una iniciativa que promovi\u00f3 el intercambio comunitario y cultural.<\/p>\n\n\n\n<p>La intervenci\u00f3n, realizada por el equipo de Arte P\u00fablico de Mor\u00f3n, busca fortalecer la identidad local y promover la memoria hist\u00f3rica vinculada a las Islas Malvinas y al Atl\u00e1ntico Sur. La actividad cont\u00f3 con la participaci\u00f3n del secretario de Educaci\u00f3n y Desarrollo de la Comunidad, Jos\u00e9 Mar\u00eda Ghi, el director de Derechos Humanos, Gustavo Moreno, la Direcci\u00f3n de Veteranos, el Centro de Veteranos de Guerra de Mor\u00f3n, la Asociaci\u00f3n Civil Unidos por Malvinas El Palomar, autoridades municipales y vecinos y vecinas.<\/p>\n\n\n\n<p><\/p>\n","protected":false},"excerpt":{"rendered":"<p>La actividad reuni&oacute; a familias, j&oacute;venes y veteranos en una jornada cultural con m&uacute;sica, feria, stands y participaci&oacute;n vecinal en homenaje a la causa Malvinas. El Municipio de Mor&oacute;n inaugur&oacute; el mural &ldquo;Malvinas y Soberan&iacute;a&rdquo; en la Plaza Ser&eacute; (Alcorta y Dom&iacute;nguez) de Castelar, en un encuentro que convoc&oacute; a familias, j&oacute;venes y veteranos de &hellip; <\/p>\n","protected":false},"author":5,"featured_media":30123,"comment_status":"closed","ping_status":"closed","sticky":false,"template":"","format":"standard","meta":{"om_disable_all_campaigns":false,"_joinchat":[]},"categories":[9],"tags":[46,53,43,569],"featured_image_urls":{"full":["https:\/\/infotep.com.ar\/wp-content\/uploads\/2025\/12\/Mural-Malvinas-2-1024x683-1.jpeg",1024,683,false],"thumbnail":["https:\/\/infotep.com.ar\/wp-content\/uploads\/2025\/12\/Mural-Malvinas-2-1024x683-1-150x150.jpeg",150,150,true],"medium":["https:\/\/infotep.com.ar\/wp-content\/uploads\/2025\/12\/Mural-Malvinas-2-1024x683-1-300x200.jpeg",300,200,true],"medium_large":["https:\/\/infotep.com.ar\/wp-content\/uploads\/2025\/12\/Mural-Malvinas-2-1024x683-1-768x512.jpeg",768,512,true],"large":["https:\/\/infotep.com.ar\/wp-content\/uploads\/2025\/12\/Mural-Malvinas-2-1024x683-1.jpeg",1020,680,false],"1536x1536":["https:\/\/infotep.com.ar\/wp-content\/uploads\/2025\/12\/Mural-Malvinas-2-1024x683-1.jpeg",1024,683,false],"2048x2048":["https:\/\/infotep.com.ar\/wp-content\/uploads\/2025\/12\/Mural-Malvinas-2-1024x683-1.jpeg",1024,683,false],"blossom-feminine-slider":["https:\/\/infotep.com.ar\/wp-content\/uploads\/2025\/12\/Mural-Malvinas-2-1024x683-1-1024x649.jpeg",1024,649,true],"blossom-feminine-featured":["https:\/\/infotep.com.ar\/wp-content\/uploads\/2025\/12\/Mural-Malvinas-2-1024x683-1-1024x600.jpeg",1024,600,true],"blossom-feminine-with-sidebar":["https:\/\/infotep.com.ar\/wp-content\/uploads\/2025\/12\/Mural-Malvinas-2-1024x683-1-1020x600.jpeg",1020,600,true],"blossom-feminine-blog":["https:\/\/infotep.com.ar\/wp-content\/uploads\/2025\/12\/Mural-Malvinas-2-1024x683-1-435x435.jpeg",435,435,true],"blossom-feminine-cat":["https:\/\/infotep.com.ar\/wp-content\/uploads\/2025\/12\/Mural-Malvinas-2-1024x683-1-450x300.jpeg",450,300,true],"blossom-feminine-related":["https:\/\/infotep.com.ar\/wp-content\/uploads\/2025\/12\/Mural-Malvinas-2-1024x683-1-320x200.jpeg",320,200,true],"blossom-feminine-schema":["https:\/\/infotep.com.ar\/wp-content\/uploads\/2025\/12\/Mural-Malvinas-2-1024x683-1-90x60.jpeg",90,60,true],"blossom-mommy-blog-slider-big":["https:\/\/infotep.com.ar\/wp-content\/uploads\/2025\/12\/Mural-Malvinas-2-1024x683-1-920x650.jpeg",920,650,true],"blossom-mommy-blog-slider":["https:\/\/infotep.com.ar\/wp-content\/uploads\/2025\/12\/Mural-Malvinas-2-1024x683-1-460x310.jpeg",460,310,true],"blossom-mommy-blog-two":["https:\/\/infotep.com.ar\/wp-content\/uploads\/2025\/12\/Mural-Malvinas-2-1024x683-1-768x480.jpeg",768,480,true]},"author_info":{"info":["Angela Tobar"]},"category_info":"<a href=\"https:\/\/infotep.com.ar\/index.php\/category\/municipales\/moron\/\" rel=\"category tag\">Mor\u00f3n<\/a>","tag_info":"Mor\u00f3n","comment_count":"0","_links":{"self":[{"href":"https:\/\/infotep.com.ar\/index.php\/wp-json\/wp\/v2\/posts\/30122"}],"collection":[{"href":"https:\/\/infotep.com.ar\/index.php\/wp-json\/wp\/v2\/posts"}],"about":[{"href":"https:\/\/infotep.com.ar\/index.php\/wp-json\/wp\/v2\/types\/post"}],"author":[{"embeddable":true,"href":"https:\/\/infotep.com.ar\/index.php\/wp-json\/wp\/v2\/users\/5"}],"replies":[{"embeddable":true,"href":"https:\/\/infotep.com.ar\/index.php\/wp-json\/wp\/v2\/comments?post=30122"}],"version-history":[{"count":1,"href":"https:\/\/infotep.com.ar\/index.php\/wp-json\/wp\/v2\/posts\/30122\/revisions"}],"predecessor-version":[{"id":30124,"href":"https:\/\/infotep.com.ar\/index.php\/wp-json\/wp\/v2\/posts\/30122\/revisions\/30124"}],"wp:featuredmedia":[{"embeddable":true,"href":"https:\/\/infotep.com.ar\/index.php\/wp-json\/wp\/v2\/media\/30123"}],"wp:attachment":[{"href":"https:\/\/infotep.com.ar\/index.php\/wp-json\/wp\/v2\/media?parent=30122"}],"wp:term":[{"taxonomy":"category","embeddable":true,"href":"https:\/\/infotep.com.ar\/index.php\/wp-json\/wp\/v2\/categories?post=30122"},{"taxonomy":"post_tag","embeddable":true,"href":"https:\/\/infotep.com.ar\/index.php\/wp-json\/wp\/v2\/tags?post=30122"}],"curies":[{"name":"wp","href":"https:\/\/api.w.org\/{rel}","templated":true}]}}