{"id":30140,"date":"2025-12-11T02:02:00","date_gmt":"2025-12-11T05:02:00","guid":{"rendered":"https:\/\/infotep.com.ar\/?p=30140"},"modified":"2025-12-11T14:06:47","modified_gmt":"2025-12-11T17:06:47","slug":"patricia-gardella-asumio-su-banca-como-concejala-de-la-matanza","status":"publish","type":"post","link":"https:\/\/infotep.com.ar\/index.php\/2025\/12\/11\/patricia-gardella-asumio-su-banca-como-concejala-de-la-matanza\/","title":{"rendered":"Patricia Gardella asumi\u00f3 su banca como concejala de La Matanza"},"content":{"rendered":"\n<p>La dirigente de comercio y Diputada Nacional (MC) Patricia Gardella jur\u00f3 desempe\u00f1ar con \u201chonor y lealtad\u201d el cargo de concejala del Honorable Concejo Deliberante de La Matanza, durante el acto de asunci\u00f3n que se realiz\u00f3 ayer por la tarde en el recinto deliberativo. El presidente de Co.Pe.Bo y secretario General del SEOCA, Julio Rub\u00e9n Ledesma, acompa\u00f1\u00f3 este momento trascendental.<\/p>\n\n\n\n<p>\u201cPor el Sindicato de Empleados de Comercio, por Julio Rub\u00e9n Ledesma, que es la persona que me permiti\u00f3 estar ac\u00e1, por los trabajadores en general, por mi familia y por todo el pueblo matancero, s\u00ed, juro\u201d, dijo con mucha emoci\u00f3n la edil electa, al prestar juramento en la sesi\u00f3n especial del HCD.<\/p>\n\n\n\n<p>Al ser consultada sobre cu\u00e1l ser\u00e1 su funci\u00f3n dentro del Concejo Deliberante, manifest\u00f3 que estar\u00e1 \u201cllevando y acompa\u00f1ando todo tipo de propuestas y proyectos que representen a los trabajadores, no solamente a los empleados de comercio\u201d. Adem\u00e1s, se mostr\u00f3 optimista por la participaci\u00f3n del movimiento obrero en el recinto: <strong>\u201cEn esta ocasi\u00f3n somos tres los representantes. Est\u00e1 el compa\u00f1ero Quique Cayuqueo de la UOCRA y Jonathan Corbal\u00e1n del Sindicato de Ceramistas\u201d.<\/strong><\/p>\n\n\n\n<p class=\"has-light-green-cyan-background-color has-background\">En tanto, Ledesma con mucho orgullo, manifest\u00f3 que \u201cPatricia Gardella jerarquiza al Honorable Concejo Deliberante de la Matanza\u201d. \u201cTuve el gusto que me acompa\u00f1ara como diputada nacional y sacar leyes fundamentales para los trabajadores. Es una oriunda representante de los que menos tienen, de los m\u00e1s d\u00e9biles, que cuando nos pongamos de pie tienen que ser los m\u00e1s fuertes\u201d, afirm\u00f3.<\/p>\n\n\n\n<p>\u201cTodo el logro de Gardella se lo merece por su lealtad, su trabajo, su dedicaci\u00f3n y porque no se olvida de los que menos tienen. Y en este recinto se vio el agradecimiento y el acompa\u00f1amiento de los sectores pol\u00edticos y del peronismo con el Movimiento Obrero\u201d, sostuvo el dirigente sindical en la puerta del HCD, mientras de fondo la militancia y compa\u00f1eros empleados de comercio quienes fueron a apoyar la asunci\u00f3n de la dirigente mercantil, cantaban la marcha peronista.<\/p>\n\n\n<div class=\"wp-block-image\">\n<figure class=\"alignleft size-large is-resized\"><img decoding=\"async\" loading=\"lazy\" src=\"https:\/\/infotep.com.ar\/wp-content\/uploads\/2025\/12\/91e7a9fe-f63c-4057-bdce-1054b14cb822-1024x682.jpeg\" alt=\"\" class=\"wp-image-30141\" width=\"362\" height=\"241\" srcset=\"https:\/\/infotep.com.ar\/wp-content\/uploads\/2025\/12\/91e7a9fe-f63c-4057-bdce-1054b14cb822-1024x682.jpeg 1024w, https:\/\/infotep.com.ar\/wp-content\/uploads\/2025\/12\/91e7a9fe-f63c-4057-bdce-1054b14cb822-300x200.jpeg 300w, https:\/\/infotep.com.ar\/wp-content\/uploads\/2025\/12\/91e7a9fe-f63c-4057-bdce-1054b14cb822-768x512.jpeg 768w, https:\/\/infotep.com.ar\/wp-content\/uploads\/2025\/12\/91e7a9fe-f63c-4057-bdce-1054b14cb822-450x300.jpeg 450w, https:\/\/infotep.com.ar\/wp-content\/uploads\/2025\/12\/91e7a9fe-f63c-4057-bdce-1054b14cb822-90x60.jpeg 90w, https:\/\/infotep.com.ar\/wp-content\/uploads\/2025\/12\/91e7a9fe-f63c-4057-bdce-1054b14cb822.jpeg 1280w\" sizes=\"(max-width: 362px) 100vw, 362px\" \/><\/figure><\/div>\n\n\n<p>Gardella asumi\u00f3 luego que la concejala electa Silvia Francese, realizara el pedido de licencia. De esta manera integra una de las 15 bancas del Bloque Justicialista.<\/p>\n","protected":false},"excerpt":{"rendered":"<p>La dirigente de comercio y Diputada Nacional (MC) Patricia Gardella jur&oacute; desempe&ntilde;ar con &ldquo;honor y lealtad&rdquo; el cargo de concejala del Honorable Concejo Deliberante de La Matanza, durante el acto de asunci&oacute;n que se realiz&oacute; ayer por la tarde en el recinto deliberativo. El presidente de Co.Pe.Bo y secretario General del SEOCA, Julio Rub&eacute;n Ledesma, &hellip; <\/p>\n","protected":false},"author":5,"featured_media":30142,"comment_status":"closed","ping_status":"closed","sticky":false,"template":"","format":"standard","meta":{"om_disable_all_campaigns":false,"_joinchat":[]},"categories":[7,26],"tags":[],"featured_image_urls":{"full":["https:\/\/infotep.com.ar\/wp-content\/uploads\/2025\/12\/DSC_7342d-scaled.jpg",2560,1440,false],"thumbnail":["https:\/\/infotep.com.ar\/wp-content\/uploads\/2025\/12\/DSC_7342d-150x150.jpg",150,150,true],"medium":["https:\/\/infotep.com.ar\/wp-content\/uploads\/2025\/12\/DSC_7342d-300x169.jpg",300,169,true],"medium_large":["https:\/\/infotep.com.ar\/wp-content\/uploads\/2025\/12\/DSC_7342d-768x432.jpg",768,432,true],"large":["https:\/\/infotep.com.ar\/wp-content\/uploads\/2025\/12\/DSC_7342d-1024x576.jpg",1020,574,true],"1536x1536":["https:\/\/infotep.com.ar\/wp-content\/uploads\/2025\/12\/DSC_7342d-1536x864.jpg",1536,864,true],"2048x2048":["https:\/\/infotep.com.ar\/wp-content\/uploads\/2025\/12\/DSC_7342d-2048x1152.jpg",2048,1152,true],"blossom-feminine-slider":["https:\/\/infotep.com.ar\/wp-content\/uploads\/2025\/12\/DSC_7342d-1920x649.jpg",1920,649,true],"blossom-feminine-featured":["https:\/\/infotep.com.ar\/wp-content\/uploads\/2025\/12\/DSC_7342d-1410x600.jpg",1410,600,true],"blossom-feminine-with-sidebar":["https:\/\/infotep.com.ar\/wp-content\/uploads\/2025\/12\/DSC_7342d-1020x600.jpg",1020,600,true],"blossom-feminine-blog":["https:\/\/infotep.com.ar\/wp-content\/uploads\/2025\/12\/DSC_7342d-435x435.jpg",435,435,true],"blossom-feminine-cat":["https:\/\/infotep.com.ar\/wp-content\/uploads\/2025\/12\/DSC_7342d-450x300.jpg",450,300,true],"blossom-feminine-related":["https:\/\/infotep.com.ar\/wp-content\/uploads\/2025\/12\/DSC_7342d-320x200.jpg",320,200,true],"blossom-feminine-schema":["https:\/\/infotep.com.ar\/wp-content\/uploads\/2025\/12\/DSC_7342d-107x60.jpg",107,60,true],"blossom-mommy-blog-slider-big":["https:\/\/infotep.com.ar\/wp-content\/uploads\/2025\/12\/DSC_7342d-920x650.jpg",920,650,true],"blossom-mommy-blog-slider":["https:\/\/infotep.com.ar\/wp-content\/uploads\/2025\/12\/DSC_7342d-460x310.jpg",460,310,true],"blossom-mommy-blog-two":["https:\/\/infotep.com.ar\/wp-content\/uploads\/2025\/12\/DSC_7342d-768x480.jpg",768,480,true]},"author_info":{"info":["Angela Tobar"]},"category_info":"<a href=\"https:\/\/infotep.com.ar\/index.php\/category\/gremios\/\" rel=\"category tag\">Gremios<\/a> <a href=\"https:\/\/infotep.com.ar\/index.php\/category\/municipales\/la-matanza\/\" rel=\"category tag\">La Matanza<\/a>","tag_info":"La Matanza","comment_count":"0","_links":{"self":[{"href":"https:\/\/infotep.com.ar\/index.php\/wp-json\/wp\/v2\/posts\/30140"}],"collection":[{"href":"https:\/\/infotep.com.ar\/index.php\/wp-json\/wp\/v2\/posts"}],"about":[{"href":"https:\/\/infotep.com.ar\/index.php\/wp-json\/wp\/v2\/types\/post"}],"author":[{"embeddable":true,"href":"https:\/\/infotep.com.ar\/index.php\/wp-json\/wp\/v2\/users\/5"}],"replies":[{"embeddable":true,"href":"https:\/\/infotep.com.ar\/index.php\/wp-json\/wp\/v2\/comments?post=30140"}],"version-history":[{"count":1,"href":"https:\/\/infotep.com.ar\/index.php\/wp-json\/wp\/v2\/posts\/30140\/revisions"}],"predecessor-version":[{"id":30143,"href":"https:\/\/infotep.com.ar\/index.php\/wp-json\/wp\/v2\/posts\/30140\/revisions\/30143"}],"wp:featuredmedia":[{"embeddable":true,"href":"https:\/\/infotep.com.ar\/index.php\/wp-json\/wp\/v2\/media\/30142"}],"wp:attachment":[{"href":"https:\/\/infotep.com.ar\/index.php\/wp-json\/wp\/v2\/media?parent=30140"}],"wp:term":[{"taxonomy":"category","embeddable":true,"href":"https:\/\/infotep.com.ar\/index.php\/wp-json\/wp\/v2\/categories?post=30140"},{"taxonomy":"post_tag","embeddable":true,"href":"https:\/\/infotep.com.ar\/index.php\/wp-json\/wp\/v2\/tags?post=30140"}],"curies":[{"name":"wp","href":"https:\/\/api.w.org\/{rel}","templated":true}]}}