{"id":30144,"date":"2025-12-11T14:10:01","date_gmt":"2025-12-11T17:10:01","guid":{"rendered":"https:\/\/infotep.com.ar\/?p=30144"},"modified":"2025-12-11T14:10:02","modified_gmt":"2025-12-11T17:10:02","slug":"espinoza-y-magario-participaron-de-la-jura-de-los-nuevos-concejales-de-la-matanza","status":"publish","type":"post","link":"https:\/\/infotep.com.ar\/index.php\/2025\/12\/11\/espinoza-y-magario-participaron-de-la-jura-de-los-nuevos-concejales-de-la-matanza\/","title":{"rendered":"Espinoza y Magario participaron de la jura de los nuevos concejales de La Matanza"},"content":{"rendered":"\n<p><\/p>\n\n\n\n<p>El Honorable Concejo Deliberante de La Matanza realiz\u00f3 una sesi\u00f3n especial en la que prestaron juramento las y los ediles electos hasta 2029, con la presencia del intendente Fernando Espinoza y la vicegobernadora Ver\u00f3nica Magario. Ambos acompa\u00f1aron la asunci\u00f3n de las nuevas autoridades y destacaron la importancia del trabajo conjunto para el desarrollo del distrito. \u201cEstoy seguro de que juntos, unidos y en equipo, vamos a seguir construyendo el progreso y futuro de nuestro lugar en el mundo, nuestra amada Matanza\u201d, destac\u00f3 el jefe comunal.<\/p>\n\n\n\n<p><strong>Durante la sesi\u00f3n correspondiente, en el Honorable Concejo Deliberante, asumieron sus funciones las y los concejales: Sergio Land\u00edn, \u00fanico edil que renov\u00f3 su mandato, Brenda Vargas Matyi, Jonathan Corbal\u00e1n, Daniel Campana, Zulma Aluz, Enrique Cayuqueo, Patricia Gardella, Daniel Daur\u00eda, Leila Gianni, Gabriel Chaile, Jimena Alonso y Hern\u00e1n Finocchiaro.<\/strong><\/p>\n\n\n\n<p>La sesi\u00f3n fue presidida por Sergio Land\u00edn y por Brenda Vargas Matyi, quienes encabezaron la apertura formal y solicitaron a las y los concejales la presentaci\u00f3n de la conformaci\u00f3n de los nuevos bloques pol\u00edticos.<br><br>Finalmente quedaron designadas las autoridades para el per\u00edodo parlamentario como presidenta del HCD contin\u00faa Liliana Yambr\u00fan; vicepresidenta 1\u00aa, asume Liliana Pintos, quien culmin\u00f3 su mandato en la legislatura provincial y como vicepresidente 2\u00ba: Javier Ferreyra. Por \u00faltimo, como secretario del cuerpo contin\u00faa Carlos Orsingher.<\/p>\n\n\n\n<p>Asimismo, se definieron las presidencias de los cinco bloques pol\u00edticos: Bloque Justicialista, Sergio Land\u00edn; Alianza Libertad Republicana, Leila Gianni; Libertad Avanza, Lorena Ramos; Argentina y Matanza de Pie, Ana Barbetti y Seguridad y Libertad, Erika Zacar\u00edas.<\/p>\n\n\n\n<p>Al hacer referencia a los nuevos ediles, el intendente Fernando Espinoza felicit\u00f3 a cada uno de ellos y remarc\u00f3 el rol central del Honorable Concejo Deliberante en la construcci\u00f3n del futuro del distrito. \u201cDesde hoy debemos trabajar unidos por un objetivo com\u00fan: cumplir sue\u00f1os, escuchar inquietudes y transformar las vidas de nuestras vecinas y vecinos\u201d, expres\u00f3 el jefe comunal, y precis\u00f3: \u201cEstoy seguro de que juntos, unidos y en equipo, vamos a seguir construyendo el progreso y el futuro de nuestro lugar en el mundo: nuestra querida Matanza\u201d.<\/p>\n\n\n\n<p><strong>Reconocimiento a las y los concejales que finalizan su mandato<\/strong><\/p>\n\n\n\n<p>Previamente, se llev\u00f3 a cabo la despedida de las concejalas y concejales que culminaron su per\u00edodo legislativo. Por el Partido Justicialista: Jos\u00e9 Galv\u00e1n, Laura Chamorro, Micaela Durigan, Melany Kergaravat, Ana Mar\u00eda Bord\u00f3n, Jorge Eduardo Carrasco, y Land\u00edn (que luego volvi\u00f3 a asumir porque fue reelecto). As\u00ed mismo por Cambiemos La Matanza finalizaron su mandato: Jorge Lampa, H\u00e9ctor Flores y Mar\u00eda Laura Greco. Finalmente, tambi\u00e9n culminaron sus mandatos: Mirta Ferreira, bloque Seguridad y Libertad; Olga Ortigoza, Izquierda Socialista y Ana Irene Paredes Landman, Frente de Izquierda.<\/p>\n\n\n\n<p>El intendente tambi\u00e9n se hizo presente en ese encuentro y agradeci\u00f3 a los representantes del pueblo que culminaron sus mandatos. \u201cEl pueblo matancero siempre reconocer\u00e1 la vocaci\u00f3n de cada uno de ustedes por el trabajo, el compromiso y la entrega para construir un distrito con oportunidades para todas y todos\u201d, concluy\u00f3 Fernando Espinoza.<\/p>\n","protected":false},"excerpt":{"rendered":"<p>El Honorable Concejo Deliberante de La Matanza realiz&oacute; una sesi&oacute;n especial en la que prestaron juramento las y los ediles electos hasta 2029, con la presencia del intendente Fernando Espinoza y la vicegobernadora Ver&oacute;nica Magario. Ambos acompa&ntilde;aron la asunci&oacute;n de las nuevas autoridades y destacaron la importancia del trabajo conjunto para el desarrollo del distrito. &hellip; <\/p>\n","protected":false},"author":5,"featured_media":30146,"comment_status":"closed","ping_status":"closed","sticky":false,"template":"","format":"standard","meta":{"om_disable_all_campaigns":false,"_joinchat":[]},"categories":[31,26],"tags":[46,569],"featured_image_urls":{"full":["https:\/\/infotep.com.ar\/wp-content\/uploads\/2025\/12\/FE-VM-ASUNCION-CONCEJALES-MTZ-scaled.jpg",2560,1707,false],"thumbnail":["https:\/\/infotep.com.ar\/wp-content\/uploads\/2025\/12\/FE-VM-ASUNCION-CONCEJALES-MTZ-150x150.jpg",150,150,true],"medium":["https:\/\/infotep.com.ar\/wp-content\/uploads\/2025\/12\/FE-VM-ASUNCION-CONCEJALES-MTZ-300x200.jpg",300,200,true],"medium_large":["https:\/\/infotep.com.ar\/wp-content\/uploads\/2025\/12\/FE-VM-ASUNCION-CONCEJALES-MTZ-768x512.jpg",768,512,true],"large":["https:\/\/infotep.com.ar\/wp-content\/uploads\/2025\/12\/FE-VM-ASUNCION-CONCEJALES-MTZ-1024x683.jpg",1020,680,true],"1536x1536":["https:\/\/infotep.com.ar\/wp-content\/uploads\/2025\/12\/FE-VM-ASUNCION-CONCEJALES-MTZ-1536x1024.jpg",1536,1024,true],"2048x2048":["https:\/\/infotep.com.ar\/wp-content\/uploads\/2025\/12\/FE-VM-ASUNCION-CONCEJALES-MTZ-2048x1365.jpg",2048,1365,true],"blossom-feminine-slider":["https:\/\/infotep.com.ar\/wp-content\/uploads\/2025\/12\/FE-VM-ASUNCION-CONCEJALES-MTZ-1920x649.jpg",1920,649,true],"blossom-feminine-featured":["https:\/\/infotep.com.ar\/wp-content\/uploads\/2025\/12\/FE-VM-ASUNCION-CONCEJALES-MTZ-1410x600.jpg",1410,600,true],"blossom-feminine-with-sidebar":["https:\/\/infotep.com.ar\/wp-content\/uploads\/2025\/12\/FE-VM-ASUNCION-CONCEJALES-MTZ-1020x600.jpg",1020,600,true],"blossom-feminine-blog":["https:\/\/infotep.com.ar\/wp-content\/uploads\/2025\/12\/FE-VM-ASUNCION-CONCEJALES-MTZ-435x435.jpg",435,435,true],"blossom-feminine-cat":["https:\/\/infotep.com.ar\/wp-content\/uploads\/2025\/12\/FE-VM-ASUNCION-CONCEJALES-MTZ-450x300.jpg",450,300,true],"blossom-feminine-related":["https:\/\/infotep.com.ar\/wp-content\/uploads\/2025\/12\/FE-VM-ASUNCION-CONCEJALES-MTZ-320x200.jpg",320,200,true],"blossom-feminine-schema":["https:\/\/infotep.com.ar\/wp-content\/uploads\/2025\/12\/FE-VM-ASUNCION-CONCEJALES-MTZ-90x60.jpg",90,60,true],"blossom-mommy-blog-slider-big":["https:\/\/infotep.com.ar\/wp-content\/uploads\/2025\/12\/FE-VM-ASUNCION-CONCEJALES-MTZ-920x650.jpg",920,650,true],"blossom-mommy-blog-slider":["https:\/\/infotep.com.ar\/wp-content\/uploads\/2025\/12\/FE-VM-ASUNCION-CONCEJALES-MTZ-460x310.jpg",460,310,true],"blossom-mommy-blog-two":["https:\/\/infotep.com.ar\/wp-content\/uploads\/2025\/12\/FE-VM-ASUNCION-CONCEJALES-MTZ-768x480.jpg",768,480,true]},"author_info":{"info":["Angela Tobar"]},"category_info":"<a href=\"https:\/\/infotep.com.ar\/index.php\/category\/destacadas\/\" rel=\"category tag\">Destacadas<\/a> <a href=\"https:\/\/infotep.com.ar\/index.php\/category\/municipales\/la-matanza\/\" rel=\"category tag\">La Matanza<\/a>","tag_info":"La Matanza","comment_count":"0","_links":{"self":[{"href":"https:\/\/infotep.com.ar\/index.php\/wp-json\/wp\/v2\/posts\/30144"}],"collection":[{"href":"https:\/\/infotep.com.ar\/index.php\/wp-json\/wp\/v2\/posts"}],"about":[{"href":"https:\/\/infotep.com.ar\/index.php\/wp-json\/wp\/v2\/types\/post"}],"author":[{"embeddable":true,"href":"https:\/\/infotep.com.ar\/index.php\/wp-json\/wp\/v2\/users\/5"}],"replies":[{"embeddable":true,"href":"https:\/\/infotep.com.ar\/index.php\/wp-json\/wp\/v2\/comments?post=30144"}],"version-history":[{"count":1,"href":"https:\/\/infotep.com.ar\/index.php\/wp-json\/wp\/v2\/posts\/30144\/revisions"}],"predecessor-version":[{"id":30148,"href":"https:\/\/infotep.com.ar\/index.php\/wp-json\/wp\/v2\/posts\/30144\/revisions\/30148"}],"wp:featuredmedia":[{"embeddable":true,"href":"https:\/\/infotep.com.ar\/index.php\/wp-json\/wp\/v2\/media\/30146"}],"wp:attachment":[{"href":"https:\/\/infotep.com.ar\/index.php\/wp-json\/wp\/v2\/media?parent=30144"}],"wp:term":[{"taxonomy":"category","embeddable":true,"href":"https:\/\/infotep.com.ar\/index.php\/wp-json\/wp\/v2\/categories?post=30144"},{"taxonomy":"post_tag","embeddable":true,"href":"https:\/\/infotep.com.ar\/index.php\/wp-json\/wp\/v2\/tags?post=30144"}],"curies":[{"name":"wp","href":"https:\/\/api.w.org\/{rel}","templated":true}]}}