{"id":30152,"date":"2025-12-11T14:13:37","date_gmt":"2025-12-11T17:13:37","guid":{"rendered":"https:\/\/infotep.com.ar\/?p=30152"},"modified":"2025-12-11T14:13:38","modified_gmt":"2025-12-11T17:13:38","slug":"moron-reinauguro-la-pista-de-atletismo-en-el-polideportivo-gorki-grana","status":"publish","type":"post","link":"https:\/\/infotep.com.ar\/index.php\/2025\/12\/11\/moron-reinauguro-la-pista-de-atletismo-en-el-polideportivo-gorki-grana\/","title":{"rendered":"Mor\u00f3n reinaugur\u00f3 la pista de atletismo en el Polideportivo Gorki Grana"},"content":{"rendered":"\n<p>Se realizaron trabajos de reparaci\u00f3n del suelo, repintado de carriles y mejoras en los alrededores para ofrecer un espacio m\u00e1s seguro, moderno y funcional para las y los deportistas.<\/p>\n\n\n\n<p>El intendente de Mor\u00f3n, Lucas Ghi, reinaugur\u00f3 la pista de atletismo del Polideportivo Gorki Grana, luego de finalizar una serie de trabajos que incluyeron la reparaci\u00f3n integral del suelo, el repintado de los carriles y mejoras en todo el entorno del predio. Las obras permiten contar con una pista segura, moderna y funcional para cientos de atletas, vecinos y vecinas que la utilizan diariamente.<\/p>\n\n\n\n<p>La intervenci\u00f3n optimiza las condiciones para entrenamiento, competencias y actividades recreativas, y fortalece los espacios p\u00fablicos destinados al encuentro y la actividad f\u00edsica.<\/p>\n\n\n\n<p>Para celebrarlo, se llev\u00f3 adelante una competencia de postas Relevo Mixto 10\u00d7400 metros, organizada por el Equipo de Atletismo municipal, con la participaci\u00f3n de atletas, escuelas y residentes del distrito.<\/p>\n\n\n\n<figure class=\"wp-block-image size-large\"><img decoding=\"async\" loading=\"lazy\" width=\"1024\" height=\"682\" src=\"https:\/\/infotep.com.ar\/wp-content\/uploads\/2025\/12\/pista-gorki-2-1024x682.jpeg\" alt=\"\" class=\"wp-image-30153\" srcset=\"https:\/\/infotep.com.ar\/wp-content\/uploads\/2025\/12\/pista-gorki-2-1024x682.jpeg 1024w, https:\/\/infotep.com.ar\/wp-content\/uploads\/2025\/12\/pista-gorki-2-300x200.jpeg 300w, https:\/\/infotep.com.ar\/wp-content\/uploads\/2025\/12\/pista-gorki-2-768x512.jpeg 768w, https:\/\/infotep.com.ar\/wp-content\/uploads\/2025\/12\/pista-gorki-2-450x300.jpeg 450w, https:\/\/infotep.com.ar\/wp-content\/uploads\/2025\/12\/pista-gorki-2-90x60.jpeg 90w, https:\/\/infotep.com.ar\/wp-content\/uploads\/2025\/12\/pista-gorki-2.jpeg 1280w\" sizes=\"(max-width: 1024px) 100vw, 1024px\" \/><\/figure>\n\n\n\n<p>Durante la jornada estuvieron presentes la jefa de Gabinete municipal, Dra. Estefan\u00eda Franco; el secretario de Planificaci\u00f3n Estrat\u00e9gica, Guillermo Pascuero; el subsecretario de Deporte y Recreaci\u00f3n, Jorge Vivas; quienes acompa\u00f1aron la actividad junto a la comunidad deportiva y otros funcionarios municipales.<\/p>\n","protected":false},"excerpt":{"rendered":"<p>Se realizaron trabajos de reparaci&oacute;n del suelo, repintado de carriles y mejoras en los alrededores para ofrecer un espacio m&aacute;s seguro, moderno y funcional para las y los deportistas. El intendente de Mor&oacute;n, Lucas Ghi, reinaugur&oacute; la pista de atletismo del Polideportivo Gorki Grana, luego de finalizar una serie de trabajos que incluyeron la reparaci&oacute;n &hellip; <\/p>\n","protected":false},"author":5,"featured_media":30154,"comment_status":"closed","ping_status":"closed","sticky":false,"template":"","format":"standard","meta":{"om_disable_all_campaigns":false,"_joinchat":[]},"categories":[31,9],"tags":[46,53,43,569],"featured_image_urls":{"full":["https:\/\/infotep.com.ar\/wp-content\/uploads\/2025\/12\/pista-gorki-3-1024x682-1.jpeg",1024,682,false],"thumbnail":["https:\/\/infotep.com.ar\/wp-content\/uploads\/2025\/12\/pista-gorki-3-1024x682-1-150x150.jpeg",150,150,true],"medium":["https:\/\/infotep.com.ar\/wp-content\/uploads\/2025\/12\/pista-gorki-3-1024x682-1-300x200.jpeg",300,200,true],"medium_large":["https:\/\/infotep.com.ar\/wp-content\/uploads\/2025\/12\/pista-gorki-3-1024x682-1-768x512.jpeg",768,512,true],"large":["https:\/\/infotep.com.ar\/wp-content\/uploads\/2025\/12\/pista-gorki-3-1024x682-1.jpeg",1020,679,false],"1536x1536":["https:\/\/infotep.com.ar\/wp-content\/uploads\/2025\/12\/pista-gorki-3-1024x682-1.jpeg",1024,682,false],"2048x2048":["https:\/\/infotep.com.ar\/wp-content\/uploads\/2025\/12\/pista-gorki-3-1024x682-1.jpeg",1024,682,false],"blossom-feminine-slider":["https:\/\/infotep.com.ar\/wp-content\/uploads\/2025\/12\/pista-gorki-3-1024x682-1-1024x649.jpeg",1024,649,true],"blossom-feminine-featured":["https:\/\/infotep.com.ar\/wp-content\/uploads\/2025\/12\/pista-gorki-3-1024x682-1-1024x600.jpeg",1024,600,true],"blossom-feminine-with-sidebar":["https:\/\/infotep.com.ar\/wp-content\/uploads\/2025\/12\/pista-gorki-3-1024x682-1-1020x600.jpeg",1020,600,true],"blossom-feminine-blog":["https:\/\/infotep.com.ar\/wp-content\/uploads\/2025\/12\/pista-gorki-3-1024x682-1-435x435.jpeg",435,435,true],"blossom-feminine-cat":["https:\/\/infotep.com.ar\/wp-content\/uploads\/2025\/12\/pista-gorki-3-1024x682-1-450x300.jpeg",450,300,true],"blossom-feminine-related":["https:\/\/infotep.com.ar\/wp-content\/uploads\/2025\/12\/pista-gorki-3-1024x682-1-320x200.jpeg",320,200,true],"blossom-feminine-schema":["https:\/\/infotep.com.ar\/wp-content\/uploads\/2025\/12\/pista-gorki-3-1024x682-1-90x60.jpeg",90,60,true],"blossom-mommy-blog-slider-big":["https:\/\/infotep.com.ar\/wp-content\/uploads\/2025\/12\/pista-gorki-3-1024x682-1-920x650.jpeg",920,650,true],"blossom-mommy-blog-slider":["https:\/\/infotep.com.ar\/wp-content\/uploads\/2025\/12\/pista-gorki-3-1024x682-1-460x310.jpeg",460,310,true],"blossom-mommy-blog-two":["https:\/\/infotep.com.ar\/wp-content\/uploads\/2025\/12\/pista-gorki-3-1024x682-1-768x480.jpeg",768,480,true]},"author_info":{"info":["Angela Tobar"]},"category_info":"<a href=\"https:\/\/infotep.com.ar\/index.php\/category\/destacadas\/\" rel=\"category tag\">Destacadas<\/a> <a href=\"https:\/\/infotep.com.ar\/index.php\/category\/municipales\/moron\/\" rel=\"category tag\">Mor\u00f3n<\/a>","tag_info":"Mor\u00f3n","comment_count":"0","_links":{"self":[{"href":"https:\/\/infotep.com.ar\/index.php\/wp-json\/wp\/v2\/posts\/30152"}],"collection":[{"href":"https:\/\/infotep.com.ar\/index.php\/wp-json\/wp\/v2\/posts"}],"about":[{"href":"https:\/\/infotep.com.ar\/index.php\/wp-json\/wp\/v2\/types\/post"}],"author":[{"embeddable":true,"href":"https:\/\/infotep.com.ar\/index.php\/wp-json\/wp\/v2\/users\/5"}],"replies":[{"embeddable":true,"href":"https:\/\/infotep.com.ar\/index.php\/wp-json\/wp\/v2\/comments?post=30152"}],"version-history":[{"count":1,"href":"https:\/\/infotep.com.ar\/index.php\/wp-json\/wp\/v2\/posts\/30152\/revisions"}],"predecessor-version":[{"id":30155,"href":"https:\/\/infotep.com.ar\/index.php\/wp-json\/wp\/v2\/posts\/30152\/revisions\/30155"}],"wp:featuredmedia":[{"embeddable":true,"href":"https:\/\/infotep.com.ar\/index.php\/wp-json\/wp\/v2\/media\/30154"}],"wp:attachment":[{"href":"https:\/\/infotep.com.ar\/index.php\/wp-json\/wp\/v2\/media?parent=30152"}],"wp:term":[{"taxonomy":"category","embeddable":true,"href":"https:\/\/infotep.com.ar\/index.php\/wp-json\/wp\/v2\/categories?post=30152"},{"taxonomy":"post_tag","embeddable":true,"href":"https:\/\/infotep.com.ar\/index.php\/wp-json\/wp\/v2\/tags?post=30152"}],"curies":[{"name":"wp","href":"https:\/\/api.w.org\/{rel}","templated":true}]}}