{"id":30168,"date":"2025-12-11T16:35:45","date_gmt":"2025-12-11T19:35:45","guid":{"rendered":"https:\/\/infotep.com.ar\/?p=30168"},"modified":"2025-12-11T16:35:46","modified_gmt":"2025-12-11T19:35:46","slug":"controladores-aereos-preparan-medidas-de-fuerza-que-pueden-afectar-los-vuelos-en-las-fiestas","status":"publish","type":"post","link":"https:\/\/infotep.com.ar\/index.php\/2025\/12\/11\/controladores-aereos-preparan-medidas-de-fuerza-que-pueden-afectar-los-vuelos-en-las-fiestas\/","title":{"rendered":"Controladores a\u00e9reos preparan medidas de fuerza que pueden afectar los vuelos en las fiestas"},"content":{"rendered":"\n<p>El cese de actividades ser\u00e1 a partir del 17 de diciembre y adem\u00e1s de los vuelos nacionales podr\u00eda alcanzar a los internacionales.<br><br>Los controladores a\u00e9reos nucleados en la Asociaci\u00f3n T\u00e9cnicos y Empleados de Protecci\u00f3n y Seguridad a la Aeronavegaci\u00f3n (ATEPSA) anunciaron medidas de fuerza a partir del 17 de diciembre, que podr\u00edan afectar los vuelos durante las fiestas de fin de a\u00f1o.<\/p>\n\n\n\n<p>El sindicato aeron\u00e1utico inform\u00f3 que avanzar\u00e1 con un cese de actividades en las pr\u00f3ximas semanas en las que estar\u00e1n afectados los despegues de toda la aviaci\u00f3n en los distintos aeropuertos del pa\u00eds, en reclamo por un incremento salarial.<\/p>\n\n\n\n<p>En el comunicado donde adelantaron la decisi\u00f3n, desde el gremio precisaron que \u201cen la asamblea realizada en EANA Central, los trabajadores manifestamos nuestro repudio a la falta de di\u00e1logo y exigimos que la empresa cumpla los acuerdos que firm\u00f3\u201d.<\/p>\n\n\n\n<p>En este sentido, expresaron que \u201cno hay negociaci\u00f3n posible cuando EANA se compromete por escrito y luego no cumple\u201d. Ante este escenario, plantearon acciones para manifestar la disconformidad con el incumplimiento.<\/p>\n\n\n\n<p>Al respecto, especificaron que \u201ctras un debate extenso entre delegados congresales, de base y trabajadores de todo el pa\u00eds se resolvi\u00f3 continuar y profundizar el cronograma de medidas leg\u00edtimas de acci\u00f3n sindical iniciado el 3 de noviembre\u201d.<\/p>\n\n\n\n<p>De esta manera, informaron que \u201ca partir del 17 de diciembre se comenzar\u00e1n a afectar los vuelos nacionales de manera progresiva hasta llegar a la afectaci\u00f3n de los vuelos internacionales\u201d.<\/p>\n\n\n\n<p>Desde ATEPSA explicaron que \u201cesta decisi\u00f3n refleja el l\u00edmite al que llegamos, meses sin respuestas, salarios por debajo de la inflaci\u00f3n y un CCT que la empresa sigue desconociendo\u201d.<\/p>\n\n\n\n<p>En cuanto a la modalidad y el cronograma del reclamo gremial, indicaron que se dar\u00e1 a conocer en los pr\u00f3ximos d\u00edas al puntualizar que \u201ca los fines de explicar el alcance y los horarios de las medidas de fuerza se realizar\u00e1n asambleas nacionales y por FIR, d\u00edas y horarios a confirmar\u201d.<\/p>\n\n\n\n<p>Sin embargo, desde la Empresa Argentina de Navegaci\u00f3n A\u00e9rea (EANA) comunicaron a esta agencia que todav\u00eda resta definir si se llevar\u00e1n a cabo las medidas de fuerza anunciadas por el gremio aeron\u00e1utico, ya que todav\u00eda \u201cno est\u00e1n confirmadas\u201d.<\/p>\n\n\n\n<p>\u201cSe debe aguardar el resultado de las pr\u00f3ximas audiencias convocadas por la Secretar\u00eda de Trabajo. Ma\u00f1ana se realizar\u00e1 a las 11 una audiencia en la Secretar\u00eda con la participaci\u00f3n de EANA y el gremio para tratar el tema\u201d, se\u00f1al\u00f3 la empresa presidida por Norma Beatriz Rotta.<\/p>\n","protected":false},"excerpt":{"rendered":"<p>El cese de actividades ser&aacute; a partir del 17 de diciembre y adem&aacute;s de los vuelos nacionales podr&iacute;a alcanzar a los internacionales. Los controladores a&eacute;reos nucleados en la Asociaci&oacute;n T&eacute;cnicos y Empleados de Protecci&oacute;n y Seguridad a la Aeronavegaci&oacute;n (ATEPSA) anunciaron medidas de fuerza a partir del 17 de diciembre, que podr&iacute;an afectar los vuelos &hellip; <\/p>\n","protected":false},"author":5,"featured_media":26994,"comment_status":"closed","ping_status":"closed","sticky":false,"template":"","format":"standard","meta":{"om_disable_all_campaigns":false,"_joinchat":[]},"categories":[7,3],"tags":[46,43,569],"featured_image_urls":{"full":["https:\/\/infotep.com.ar\/wp-content\/uploads\/2025\/08\/controladores.webp",790,364,false],"thumbnail":["https:\/\/infotep.com.ar\/wp-content\/uploads\/2025\/08\/controladores-150x150.webp",150,150,true],"medium":["https:\/\/infotep.com.ar\/wp-content\/uploads\/2025\/08\/controladores-300x138.webp",300,138,true],"medium_large":["https:\/\/infotep.com.ar\/wp-content\/uploads\/2025\/08\/controladores-768x354.webp",768,354,true],"large":["https:\/\/infotep.com.ar\/wp-content\/uploads\/2025\/08\/controladores.webp",790,364,false],"1536x1536":["https:\/\/infotep.com.ar\/wp-content\/uploads\/2025\/08\/controladores.webp",790,364,false],"2048x2048":["https:\/\/infotep.com.ar\/wp-content\/uploads\/2025\/08\/controladores.webp",790,364,false],"blossom-feminine-slider":["https:\/\/infotep.com.ar\/wp-content\/uploads\/2025\/08\/controladores.webp",790,364,false],"blossom-feminine-featured":["https:\/\/infotep.com.ar\/wp-content\/uploads\/2025\/08\/controladores.webp",790,364,false],"blossom-feminine-with-sidebar":["https:\/\/infotep.com.ar\/wp-content\/uploads\/2025\/08\/controladores.webp",790,364,false],"blossom-feminine-blog":["https:\/\/infotep.com.ar\/wp-content\/uploads\/2025\/08\/controladores-435x364.webp",435,364,true],"blossom-feminine-cat":["https:\/\/infotep.com.ar\/wp-content\/uploads\/2025\/08\/controladores-450x300.webp",450,300,true],"blossom-feminine-related":["https:\/\/infotep.com.ar\/wp-content\/uploads\/2025\/08\/controladores-320x200.webp",320,200,true],"blossom-feminine-schema":["https:\/\/infotep.com.ar\/wp-content\/uploads\/2025\/08\/controladores-130x60.webp",130,60,true],"blossom-mommy-blog-slider-big":["https:\/\/infotep.com.ar\/wp-content\/uploads\/2025\/08\/controladores.webp",790,364,false],"blossom-mommy-blog-slider":["https:\/\/infotep.com.ar\/wp-content\/uploads\/2025\/08\/controladores-460x310.webp",460,310,true],"blossom-mommy-blog-two":["https:\/\/infotep.com.ar\/wp-content\/uploads\/2025\/08\/controladores-768x364.webp",768,364,true]},"author_info":{"info":["Angela Tobar"]},"category_info":"<a href=\"https:\/\/infotep.com.ar\/index.php\/category\/gremios\/\" rel=\"category tag\">Gremios<\/a> <a href=\"https:\/\/infotep.com.ar\/index.php\/category\/nacionales\/\" rel=\"category tag\">Nacionales<\/a>","tag_info":"Nacionales","comment_count":"0","_links":{"self":[{"href":"https:\/\/infotep.com.ar\/index.php\/wp-json\/wp\/v2\/posts\/30168"}],"collection":[{"href":"https:\/\/infotep.com.ar\/index.php\/wp-json\/wp\/v2\/posts"}],"about":[{"href":"https:\/\/infotep.com.ar\/index.php\/wp-json\/wp\/v2\/types\/post"}],"author":[{"embeddable":true,"href":"https:\/\/infotep.com.ar\/index.php\/wp-json\/wp\/v2\/users\/5"}],"replies":[{"embeddable":true,"href":"https:\/\/infotep.com.ar\/index.php\/wp-json\/wp\/v2\/comments?post=30168"}],"version-history":[{"count":1,"href":"https:\/\/infotep.com.ar\/index.php\/wp-json\/wp\/v2\/posts\/30168\/revisions"}],"predecessor-version":[{"id":30169,"href":"https:\/\/infotep.com.ar\/index.php\/wp-json\/wp\/v2\/posts\/30168\/revisions\/30169"}],"wp:featuredmedia":[{"embeddable":true,"href":"https:\/\/infotep.com.ar\/index.php\/wp-json\/wp\/v2\/media\/26994"}],"wp:attachment":[{"href":"https:\/\/infotep.com.ar\/index.php\/wp-json\/wp\/v2\/media?parent=30168"}],"wp:term":[{"taxonomy":"category","embeddable":true,"href":"https:\/\/infotep.com.ar\/index.php\/wp-json\/wp\/v2\/categories?post=30168"},{"taxonomy":"post_tag","embeddable":true,"href":"https:\/\/infotep.com.ar\/index.php\/wp-json\/wp\/v2\/tags?post=30168"}],"curies":[{"name":"wp","href":"https:\/\/api.w.org\/{rel}","templated":true}]}}